{"id":422150,"date":"2025-09-27T19:52:29","date_gmt":"2025-09-27T19:52:29","guid":{"rendered":"https:\/\/www.europesays.com\/fr\/422150\/"},"modified":"2025-09-27T19:52:29","modified_gmt":"2025-09-27T19:52:29","slug":"video-le-canape-flottait-dans-mon-appartement-a-toulon-des-habitants-surpris-par-de-violentes-inondations-la-provence","status":"publish","type":"post","link":"https:\/\/www.europesays.com\/fr\/422150\/","title":{"rendered":"VID\u00c9O. &quot;Le canap\u00e9 flottait dans mon appartement&quot; : \u00e0 Toulon, des habitants surpris par de violentes inondations &#8211; La Provence"},"content":{"rendered":"<ol>\n<li><a href=\"https:\/\/news.google.com\/rss\/articles\/CBMiigJBVV95cUxNRk9pTFhaYjlPY3FvR0lhRGdUTnFEb1VwZTNVM2loSVRTQlNBWlhvZ3hWZlhTRXVScmE3TzhxM2NGdnVDS3czNEdQQkRKSzE5MUhreXExWEtZcjJLd056VnVPUjhrUTJoWnJiZHhTUkJ2bjlJX09XU0dIZkZQNXFldDNkLWtsSjROVXpud3NjNFdIR1pVRTVQelJIT01vSUFXUlVsZVdSZzV4VHNzZ3dPaUlubjZuUmhXSnc4Y0RVLUJOYnlWdk0zX3ZSWmJDWGlEMzBaWkpmUEhma2JxZ0lOb2JDdmtlU016SkxoMzJmUjZsb3JodnpHWWVxWGFMWkszakFNNS1iM09udw?oc=5\" target=\"_blank\" rel=\"noopener\">VID\u00c9O. \u00ab\u00a0Le canap\u00e9 flottait dans mon appartement\u00a0\u00bb : \u00e0 Toulon, des habitants surpris par de violentes inondations<\/a>&nbsp;&nbsp;La Provence<\/li>\n<li><a href=\"https:\/\/news.google.com\/rss\/articles\/CBMi6AFBVV95cUxNN1NvTElyYkI5aG1KVmRRa0RHQlFBczMtQXh1WUp0OEw1b2hVRU1MQTVjUTJicHl4eUpFZUk4SEVSeS1CNFE5cTNfZFhnS3NlaGVRYkRrcEQtTENweTF3RW9vb0pOTlR1RTBIVXdRbmNTNjc4ZmFJd2c3dXhBOVVocV92VjgyWkdrTXVfRmFCbjQyM2d4Mzhzbkp0WU9rSTROMmFmUWtDYTlRTUhDMFNydjFXcDB3eElxMHJwWTJaNEdiS3hrV2lfcW5QQ1M2eVZMSmRYc095QnU3WVZoOVBJd3JaR2ZtcVBw?oc=5\" target=\"_blank\" rel=\"noopener\">La D\u00e9viation, le P\u00f4le Nord : \u00e0 Marseille, les lieux culturels de l\u2019Estaque se reconstruisent apr\u00e8s incendies et inondations<\/a>&nbsp;&nbsp;La Provence<\/li>\n<li><a href=\"https:\/\/news.google.com\/rss\/articles\/CBMiwgFBVV95cUxPRTBDeWs5enAzV2Y1TjM4S2pJbVMxM25iQWF5ZmNZc1RTSm9tS184aFA5OWVndHM4c2wtQnFTVHRPaC1MODNjc0VRVTZIbGtGczFsMGdidjdtME4xSnB5bFpTcElMRVFmT0Z2OG9BSGg1Nll5NDZjSFpCX3pZbGdnRXhqRnhhU0NiakN1WlpwSHN1QWc2RE12OHNLZlhSelVFeUc1WXVLdE9GTWRKWXpqaDBYc2VSMDRHVGFjWFIyaGt3Zw?oc=5\" target=\"_blank\" rel=\"noopener\">\u00ab J\u2019ai tout perdu \u00bb : dans ce quartier de Toulon, l\u2019heure est \u00e0 la sid\u00e9ration&#8230; et la col\u00e8re<\/a>&nbsp;&nbsp;Nice-Matin<\/li>\n<li><a href=\"https:\/\/news.google.com\/rss\/articles\/CBMi_AFBVV95cUxNN0lWMzQxMTJ2bXpOVmZBV0lGdlhWN2pxaEJtYnBIV2U5a0NjWVptUnhEbnAxQXZfTU05QzhDcEx0Y1dIMWVzYkc5Xzk0WVJPMFBBZjlYZHFrSlJkSkk0MDIxRkhtVV96SGF5U1VPQjRheEowUDkxbnc2LTNWTzJ1QWd5UGdfaGdIaXEzLUczLVVoNjRET2tYeGEyZWdWanFJWVRfdU91elV2QzVzVnhraEZYYWQwRjR5Q000M0hUZEJ4WlMyaUpsQm9TU09rRTRENmFERGU2RFJZRHhibFVxSFVvT1dxX1B5MXE3MDRsRHFHMHNLU2FWUDhvT20?oc=5\" target=\"_blank\" rel=\"noopener\">M\u00e9t\u00e9o \u00e0 Marseille. C&rsquo;est quoi cette \u00ab\u00a0goutte froide\u00a0\u00bb qui fait drastiquement chuter les temp\u00e9ratures<\/a>&nbsp;&nbsp;Actu.fr<\/li>\n<li><a href=\"https:\/\/news.google.com\/rss\/articles\/CBMimwFBVV95cUxNUi1ZRkJMS2lWRnprODdCeXhXa0JtUHRhbGdpbm9RaWRWTEE2NU8wZ2RVWFhmelowZFRQNFkxeDh6T2QyeVpmeVp4b2VyWnlBdHNuVmJMZGQzM2hTX000blBWLUtYY1ppWTZZRmtnYUJ3bGJKZHdJMmRuSF90SUNqOVFaOVV3TW9IU0w4dEl2YlhTVS1zQXROWV85RQ?oc=5\" target=\"_blank\" rel=\"noopener\">alerte m\u00e9t\u00e9o: Forte d\u00e9gradation orageuse ce week-end<\/a>&nbsp;&nbsp;METEO CONSULT<\/li>\n<\/ol>\n","protected":false},"excerpt":{"rendered":"VID\u00c9O. \u00ab\u00a0Le canap\u00e9 flottait dans mon appartement\u00a0\u00bb : \u00e0 Toulon, des habitants surpris par de violentes inondations&nbsp;&nbsp;La Provence&hellip;\n","protected":false},"author":2,"featured_media":422151,"comment_status":"","ping_status":"","sticky":false,"template":"","format":"standard","meta":{"footnotes":""},"categories":[9619],"tags":[930,17,1111,11,9071,55130,1446,1777,674,274,55131,1011,27,11078,12,882,25,2310,133],"class_list":{"0":"post-422150","1":"post","2":"type-post","3":"status-publish","4":"format-standard","5":"has-post-thumbnail","7":"category-toulon","8":"tag-le","9":"tag-17","10":"tag-actu","11":"tag-actualites","12":"tag-appartement","13":"tag-canape","14":"tag-dans","15":"tag-eu","16":"tag-europe","17":"tag-faits-divers-justice","18":"tag-flottait","19":"tag-fr","20":"tag-france","21":"tag-mon","22":"tag-news","23":"tag-provence-alpes-cote-dazur","24":"tag-republique-francaise","25":"tag-toulon","26":"tag-video"},"share_on_mastodon":{"url":"https:\/\/pubeurope.com\/@fr\/115278010413149087","error":""},"_links":{"self":[{"href":"https:\/\/www.europesays.com\/fr\/wp-json\/wp\/v2\/posts\/422150","targetHints":{"allow":["GET"]}}],"collection":[{"href":"https:\/\/www.europesays.com\/fr\/wp-json\/wp\/v2\/posts"}],"about":[{"href":"https:\/\/www.europesays.com\/fr\/wp-json\/wp\/v2\/types\/post"}],"author":[{"embeddable":true,"href":"https:\/\/www.europesays.com\/fr\/wp-json\/wp\/v2\/users\/2"}],"replies":[{"embeddable":true,"href":"https:\/\/www.europesays.com\/fr\/wp-json\/wp\/v2\/comments?post=422150"}],"version-history":[{"count":0,"href":"https:\/\/www.europesays.com\/fr\/wp-json\/wp\/v2\/posts\/422150\/revisions"}],"wp:featuredmedia":[{"embeddable":true,"href":"https:\/\/www.europesays.com\/fr\/wp-json\/wp\/v2\/media\/422151"}],"wp:attachment":[{"href":"https:\/\/www.europesays.com\/fr\/wp-json\/wp\/v2\/media?parent=422150"}],"wp:term":[{"taxonomy":"category","embeddable":true,"href":"https:\/\/www.europesays.com\/fr\/wp-json\/wp\/v2\/categories?post=422150"},{"taxonomy":"post_tag","embeddable":true,"href":"https:\/\/www.europesays.com\/fr\/wp-json\/wp\/v2\/tags?post=422150"}],"curies":[{"name":"wp","href":"https:\/\/api.w.org\/{rel}","templated":true}]}}