{"id":422154,"date":"2025-09-27T19:54:09","date_gmt":"2025-09-27T19:54:09","guid":{"rendered":"https:\/\/www.europesays.com\/fr\/422154\/"},"modified":"2025-09-27T19:54:09","modified_gmt":"2025-09-27T19:54:09","slug":"le-groupe-de-reggae-americain-groundation-bientot-a-montpellier","status":"publish","type":"post","link":"https:\/\/www.europesays.com\/fr\/422154\/","title":{"rendered":"le groupe de reggae am\u00e9ricain Groundation bient\u00f4t \u00e0 Montpellier"},"content":{"rendered":"<p>            Par<br \/>\n        <strong><br \/>\n            <a href=\"https:\/\/actu.fr\/auteur\/metropoop\" title=\"Consulter tous les articles de R\u00e9daction M\u00e9tropolitain\" rel=\"nofollow noopener\" target=\"_blank\">R\u00e9daction M\u00e9tropolitain<\/a><br \/>\n        <\/strong><\/p>\n<p>        Publi\u00e9 le<\/p>\n<p>            27 sept. 2025 \u00e0 21h17        <\/p>\n<p>C\u2019est un \u00e9v\u00e9nement \u00e0 noter sur les tablettes des fans de zique : le groupe<strong> Groundation, <\/strong>l\u00e9gende du reggae mondial m\u00ealant reggae roots et jazz qui vient de sortir son onzi\u00e8me album en mai dernier sera en concert \u00e0 <strong>Montpellier, <\/strong>mercredi 8 octobre 2025, au <strong>Rockstore,<\/strong>\u00a0en centre-ville.<\/p>\n<p>    <a href=\"https:\/\/www.google.com\/maps\/embed?pb=!1m18!1m12!1m3!1d3074.9872092648375!2d3.8788027021196556!3d43.60611499630245!2m3!1f0!2f0!3f0!3m2!1i1024!2i768!4f13.1!3m3!1m2!1s0x12b6afa148b3ae95%3A0x5ce2fcf82d57c105!2sRockstore!5e0!3m2!1sfr!2sfr!4v1757582498753!5m2!1sfr!2sfr\" title=\"Ouvrie le lien\" rel=\"nofollow noopener\" target=\"_blank\">Cliquez ici pour visualiser le contenu<\/a><\/p>\n<p class=\" wall-content\">Le groupe a \u00e9t\u00e9 fond\u00e9 par Harrison Stafford, qui reste un leader qui traverse les temps. Dans le grand songbook du reggae, le \u00ab son de Sonoma \u00bb remplit un chapitre entier. C\u2019est celui de Groundation, le collectif cr\u00e9\u00e9 en 1998 en Californie, fort de onze albums studio et de milliers de concerts donn\u00e9s sur les cinq continents.\u00a0<\/p>\n<p class=\" wall-content\">\n<p class=\" wall-content\">Le chanteur et guitariste <strong>Harrison Stafford<\/strong>, le bassiste Ryan Newman et le clavi\u00e9riste Marcus Urnai, se sont rencontr\u00e9s sur les bancs de la prestigieuse Sonoma State University, section jazz. Des t\u00eates bien faites, des corps vibrants. La formule magique du\u00a0Professor, surnom donn\u00e9 \u00e0 Stafford suite aux cours d\u2019histoire du reggae qu\u2019il donna \u00e0 l\u2019Universit\u00e9 de Sonoma entre 1999 et 2001.\u00a0<\/p>\n<p class=\" wall-content\">Groundation, c\u2019est un m\u00e9lange hypnotique de <strong>jazz,<\/strong> de <strong>dub<\/strong> et de <strong>reggae roots,<\/strong> port\u00e9 par les <strong>cuivres funk<\/strong>, les m\u00e9lop\u00e9es soul et les polyphonies africaines. Une fusion \u00e0 chaud, un groove singulier, un son reconnaissable entre mille, uniquement enregistr\u00e9 sur bandes analogiques. Alpha Blonde participe au nouvel album \u00ab\u00a0Candle Burning\u00a0\u00bb.<\/p>\n<p>Vid\u00e9os : en ce moment sur Actu&gt; Concert Groundation, mercredi 8 octobre 2025 \u00e0 19h30, Rockstore, 1 rue de Verdun, Montpellier. 31,80\u20ac. Billetterie sur <a href=\"https:\/\/www.rockstore.fr\/PBEvents.asp?CatID=2004556\" rel=\"nofollow noopener\" target=\"_blank\">rockstore.fr<\/a>.<\/p>\n<p class=\" wall-content\">Personnalisez votre actualit\u00e9 en ajoutant vos villes et m\u00e9dias en favori avec <a href=\"https:\/\/moncompte.actu.fr\" title=\"D\u00e9couvez Mon Actu\" rel=\"nofollow noopener\" data-trk=\"{&quot;cta&quot;:{&quot;action&quot;:&quot;https:\\\/\\\/moncompte.actu.fr&quot;,&quot;category&quot;:&quot;mon compte&quot;,&quot;from&quot;:&quot;article footer&quot;,&quot;name&quot;:&quot;Mon actu&quot;,&quot;type&quot;:&quot;cta&quot;}}\" target=\"_blank\">Mon Actu<\/a>.<\/p>\n","protected":false},"excerpt":{"rendered":"Par R\u00e9daction M\u00e9tropolitain Publi\u00e9 le 27 sept. 2025 \u00e0 21h17 C\u2019est un \u00e9v\u00e9nement \u00e0 noter sur les tablettes&hellip;\n","protected":false},"author":2,"featured_media":422155,"comment_status":"","ping_status":"","sticky":false,"template":"","format":"standard","meta":{"footnotes":""},"categories":[9599],"tags":[1111,11,1697,1777,674,1011,27,1652,2208,12,2680,25],"class_list":{"0":"post-422154","1":"post","2":"type-post","3":"status-publish","4":"format-standard","5":"has-post-thumbnail","7":"category-montpellier","8":"tag-actu","9":"tag-actualites","10":"tag-concert","11":"tag-eu","12":"tag-europe","13":"tag-fr","14":"tag-france","15":"tag-loisirs-culture","16":"tag-montpellier","17":"tag-news","18":"tag-occitanie","19":"tag-republique-francaise"},"share_on_mastodon":{"url":"https:\/\/pubeurope.com\/@fr\/115278018279156779","error":""},"_links":{"self":[{"href":"https:\/\/www.europesays.com\/fr\/wp-json\/wp\/v2\/posts\/422154","targetHints":{"allow":["GET"]}}],"collection":[{"href":"https:\/\/www.europesays.com\/fr\/wp-json\/wp\/v2\/posts"}],"about":[{"href":"https:\/\/www.europesays.com\/fr\/wp-json\/wp\/v2\/types\/post"}],"author":[{"embeddable":true,"href":"https:\/\/www.europesays.com\/fr\/wp-json\/wp\/v2\/users\/2"}],"replies":[{"embeddable":true,"href":"https:\/\/www.europesays.com\/fr\/wp-json\/wp\/v2\/comments?post=422154"}],"version-history":[{"count":0,"href":"https:\/\/www.europesays.com\/fr\/wp-json\/wp\/v2\/posts\/422154\/revisions"}],"wp:featuredmedia":[{"embeddable":true,"href":"https:\/\/www.europesays.com\/fr\/wp-json\/wp\/v2\/media\/422155"}],"wp:attachment":[{"href":"https:\/\/www.europesays.com\/fr\/wp-json\/wp\/v2\/media?parent=422154"}],"wp:term":[{"taxonomy":"category","embeddable":true,"href":"https:\/\/www.europesays.com\/fr\/wp-json\/wp\/v2\/categories?post=422154"},{"taxonomy":"post_tag","embeddable":true,"href":"https:\/\/www.europesays.com\/fr\/wp-json\/wp\/v2\/tags?post=422154"}],"curies":[{"name":"wp","href":"https:\/\/api.w.org\/{rel}","templated":true}]}}