{"id":422162,"date":"2025-09-27T20:00:24","date_gmt":"2025-09-27T20:00:24","guid":{"rendered":"https:\/\/www.europesays.com\/fr\/422162\/"},"modified":"2025-09-27T20:00:24","modified_gmt":"2025-09-27T20:00:24","slug":"a-rennes-une-manifestation-dimanche-sur-les-themes-climat-justice-libertes","status":"publish","type":"post","link":"https:\/\/www.europesays.com\/fr\/422162\/","title":{"rendered":"\u00c0 Rennes, une manifestation dimanche sur les th\u00e8mes \u00ab\u00a0climat, justice, libert\u00e9s\u00a0\u00bb"},"content":{"rendered":"<p>\u00ab\u00a0Climat, Justice, Libert\u00e9s\u00a0\u00bb\u00a0: ce sont les th\u00e8mes sur lesquels le mouvement Alternatiba et d\u2019autres associations \u00e9cologistes et porteuses de revendications sociales, appellent \u00e0 un rassemblement, dimanche 28\u00a0septembre 2025, \u00e0 15\u00a0h. Les autres antennes locales d\u2019associations participantes sont celles d\u2019Amnesty International, Oxfam Rennes, Solidaire 35, Association Nature en Ville, et la Conf\u00e9d\u00e9ration Paysanne 35.<\/p>\n<p>S\u2019inscrivant dans une initiative port\u00e9e au niveau national, le rassemblement de dimanche a pour ambition <strong>\u00ab\u00a0d\u2019<\/strong>  <strong>exiger des mesures fortes face \u00e0 l\u2019urgence climatique et sociale\u00a0\u00bb<\/strong>, <strong>\u00ab<\/strong>  <strong>\u00a0contester les choix politiques qui maintiennent les privil\u00e8ges d\u2019une minorit\u00e9 au d\u00e9triment des vies, des territoires et des solidarit\u00e9s\u00a0\u00bb<\/strong> et <strong>\u00ab\u00a0faire entendre nos voix pour les libert\u00e9s et la justice, ici et ailleurs\u00a0\u00bb<\/strong>.<\/p>\n<p>.<\/p>\n<p>\u00a0<\/p>\n","protected":false},"excerpt":{"rendered":"\u00ab\u00a0Climat, Justice, Libert\u00e9s\u00a0\u00bb\u00a0: ce sont les th\u00e8mes sur lesquels le mouvement Alternatiba et d\u2019autres associations \u00e9cologistes et porteuses&hellip;\n","protected":false},"author":2,"featured_media":422163,"comment_status":"","ping_status":"","sticky":false,"template":"","format":"standard","meta":{"footnotes":""},"categories":[2821],"tags":[1111,11,829,1129,6664,1777,674,1011,27,303,46168,2088,12,3086,584,25,55138],"class_list":{"0":"post-422162","1":"post","2":"type-post","3":"status-publish","4":"format-standard","5":"has-post-thumbnail","7":"category-rennes","8":"tag-actu","9":"tag-actualites","10":"tag-bretagne","11":"tag-climat","12":"tag-dimanche","13":"tag-eu","14":"tag-europe","15":"tag-fr","16":"tag-france","17":"tag-justice","18":"tag-libertes","19":"tag-manifestation","20":"tag-news","21":"tag-redon","22":"tag-rennes","23":"tag-republique-francaise","24":"tag-themes"},"share_on_mastodon":{"url":"https:\/\/pubeurope.com\/@fr\/115278041954167003","error":""},"_links":{"self":[{"href":"https:\/\/www.europesays.com\/fr\/wp-json\/wp\/v2\/posts\/422162","targetHints":{"allow":["GET"]}}],"collection":[{"href":"https:\/\/www.europesays.com\/fr\/wp-json\/wp\/v2\/posts"}],"about":[{"href":"https:\/\/www.europesays.com\/fr\/wp-json\/wp\/v2\/types\/post"}],"author":[{"embeddable":true,"href":"https:\/\/www.europesays.com\/fr\/wp-json\/wp\/v2\/users\/2"}],"replies":[{"embeddable":true,"href":"https:\/\/www.europesays.com\/fr\/wp-json\/wp\/v2\/comments?post=422162"}],"version-history":[{"count":0,"href":"https:\/\/www.europesays.com\/fr\/wp-json\/wp\/v2\/posts\/422162\/revisions"}],"wp:featuredmedia":[{"embeddable":true,"href":"https:\/\/www.europesays.com\/fr\/wp-json\/wp\/v2\/media\/422163"}],"wp:attachment":[{"href":"https:\/\/www.europesays.com\/fr\/wp-json\/wp\/v2\/media?parent=422162"}],"wp:term":[{"taxonomy":"category","embeddable":true,"href":"https:\/\/www.europesays.com\/fr\/wp-json\/wp\/v2\/categories?post=422162"},{"taxonomy":"post_tag","embeddable":true,"href":"https:\/\/www.europesays.com\/fr\/wp-json\/wp\/v2\/tags?post=422162"}],"curies":[{"name":"wp","href":"https:\/\/api.w.org\/{rel}","templated":true}]}}