{"id":422177,"date":"2025-09-27T20:09:14","date_gmt":"2025-09-27T20:09:14","guid":{"rendered":"https:\/\/www.europesays.com\/fr\/422177\/"},"modified":"2025-09-27T20:09:14","modified_gmt":"2025-09-27T20:09:14","slug":"le-nouvel-ehpad-les-balcons-de-tivoli-concu-pour-etre-ouvert-sur-la-ville-vient-detre-inaugure-au-bouscat","status":"publish","type":"post","link":"https:\/\/www.europesays.com\/fr\/422177\/","title":{"rendered":"Le nouvel Ehpad Les Balcons de Tivoli, con\u00e7u pour \u00eatre ouvert sur la ville, vient d\u2019\u00eatre inaugur\u00e9 au Bouscat"},"content":{"rendered":"<p>Alors que les r\u00e9sidents ont emm\u00e9nag\u00e9 le 1er\u00a0avril, l\u2019Ehpad public Les Balcons de Tivoli, situ\u00e9 au 132 avenue Victor Hugo, a \u00e9t\u00e9 inaugur\u00e9 le 10\u00a0septembre. De blanc v\u00eatu, rehauss\u00e9 de marron, il offre une capacit\u00e9 de 204 lits, tous en chambres individuelles, r\u00e9parties sur plusieurs niveaux. L\u2019\u00e9tablissement veut se positionner comme un v\u00e9ritable poumon vert au sein du quartier, ouvert sur l\u2019ext\u00e9rieur pour que les habitants de la commune en profitent.<\/p>\n<p>Son directeur, St\u00e9phane Pichon, a soulign\u00e9 la volont\u00e9 des concepteurs\u00a0: offrir la plus grande qualit\u00e9 de vie possible aux r\u00e9sidents en les pla\u00e7ant au centre des pr\u00e9occupations. \u00ab\u00a0Les nouvelles normes environnementales, les \u00e9volutions technologiques et les dispositifs de domotique de confort et de s\u00e9curit\u00e9 apportent une qualit\u00e9 de vie au travail pour les salari\u00e9s. Les mat\u00e9riaux choisis, par leur qualit\u00e9 et leur p\u00e9rennit\u00e9, permettent d\u2019assurer la facilit\u00e9 de maintenance des locaux, lesquels sont fonctionnels, flexibles, et adapt\u00e9s aux contraintes des occupants\u00a0\u00bb, a-t-il assur\u00e9.<\/p>\n<p>31\u00a0millions d\u2019euros<\/p>\n<p>St\u00e9phane Pichon a pr\u00e9cis\u00e9 que l\u2019Ehpad accueillera une unit\u00e9 d\u2019h\u00e9bergement renforc\u00e9 (UHR) \u00e0 c\u00f4t\u00e9 du p\u00f4le d\u2019activit\u00e9s et de soins adapt\u00e9s (Pasa) d\u00e9di\u00e9 \u00e0 la maladie d\u2019Alzheimer. Le directeur a mis en exergue l\u2019ouverture sur l\u2019ext\u00e9rieur de l\u2019\u00e9tablissement, notamment par la pr\u00e9sence de la maison des assistantes maternelles, mais aussi d\u2019un salon de coiffure, d\u2019un coworking et de diff\u00e9rentes activit\u00e9s (p\u00e9tanque, concert, biblioth\u00e8que, boutique, mobilit\u00e9s douces). Lors de l\u2019inauguration, Patrick Bobet, maire du Bouscat, a affirm\u00e9 sa satisfaction de conserver cet \u00e9tablissement public au sein de sa commune.<\/p>\n<p>Con\u00e7u par TLR Architecture et Khors, la construction des Balcons de Tivoli a \u00e9t\u00e9 confi\u00e9e aux \u00e9quipes de Bouygues B\u00e2timent Centre Sud-Ouest. Le co\u00fbt de la construction s\u2019est \u00e9lev\u00e9 \u00e0 31\u00a0millions d\u2019euros hors taxes et a \u00e9t\u00e9 financ\u00e9 par la Banque des territoires, mais aussi le D\u00e9partement, \u00e0 hauteur de 5,1\u00a0millions. La collectivit\u00e9 s\u2019est \u00e9galement port\u00e9e garante, investissant 22,8\u00a0millions d\u2019euros.<\/p>\n","protected":false},"excerpt":{"rendered":"Alors que les r\u00e9sidents ont emm\u00e9nag\u00e9 le 1er\u00a0avril, l\u2019Ehpad public Les Balcons de Tivoli, situ\u00e9 au 132 avenue&hellip;\n","protected":false},"author":2,"featured_media":422178,"comment_status":"","ping_status":"","sticky":false,"template":"","format":"standard","meta":{"footnotes":""},"categories":[2817],"tags":[1111,11,1997,1777,674,1011,27,12,2219,25],"class_list":{"0":"post-422177","1":"post","2":"type-post","3":"status-publish","4":"format-standard","5":"has-post-thumbnail","7":"category-bordeaux","8":"tag-actu","9":"tag-actualites","10":"tag-bordeaux","11":"tag-eu","12":"tag-europe","13":"tag-fr","14":"tag-france","15":"tag-news","16":"tag-nouvelle-aquitaine","17":"tag-republique-francaise"},"share_on_mastodon":{"url":"https:\/\/pubeurope.com\/@fr\/115278077228871764","error":""},"_links":{"self":[{"href":"https:\/\/www.europesays.com\/fr\/wp-json\/wp\/v2\/posts\/422177","targetHints":{"allow":["GET"]}}],"collection":[{"href":"https:\/\/www.europesays.com\/fr\/wp-json\/wp\/v2\/posts"}],"about":[{"href":"https:\/\/www.europesays.com\/fr\/wp-json\/wp\/v2\/types\/post"}],"author":[{"embeddable":true,"href":"https:\/\/www.europesays.com\/fr\/wp-json\/wp\/v2\/users\/2"}],"replies":[{"embeddable":true,"href":"https:\/\/www.europesays.com\/fr\/wp-json\/wp\/v2\/comments?post=422177"}],"version-history":[{"count":0,"href":"https:\/\/www.europesays.com\/fr\/wp-json\/wp\/v2\/posts\/422177\/revisions"}],"wp:featuredmedia":[{"embeddable":true,"href":"https:\/\/www.europesays.com\/fr\/wp-json\/wp\/v2\/media\/422178"}],"wp:attachment":[{"href":"https:\/\/www.europesays.com\/fr\/wp-json\/wp\/v2\/media?parent=422177"}],"wp:term":[{"taxonomy":"category","embeddable":true,"href":"https:\/\/www.europesays.com\/fr\/wp-json\/wp\/v2\/categories?post=422177"},{"taxonomy":"post_tag","embeddable":true,"href":"https:\/\/www.europesays.com\/fr\/wp-json\/wp\/v2\/tags?post=422177"}],"curies":[{"name":"wp","href":"https:\/\/api.w.org\/{rel}","templated":true}]}}