{"id":422185,"date":"2025-09-27T20:14:11","date_gmt":"2025-09-27T20:14:11","guid":{"rendered":"https:\/\/www.europesays.com\/fr\/422185\/"},"modified":"2025-09-27T20:14:11","modified_gmt":"2025-09-27T20:14:11","slug":"n1f-face-a-lille-lentente-bro-leon-goute-a-sa-premiere-victoire-a-ce-niveau","status":"publish","type":"post","link":"https:\/\/www.europesays.com\/fr\/422185\/","title":{"rendered":"N1F\u00a0: face \u00e0 Lille, l\u2019Entente Bro L\u00e9on go\u00fbte \u00e0 sa premi\u00e8re victoire \u00e0 ce niveau"},"content":{"rendered":"<p>N1F (3e journ\u00e9e). Entente Bro L\u00e9on &#8211; Lomme Lille 33-24<\/p>\n<p>L&rsquo;Entente Bro L\u00e9on accueillait Lille, ce samedi, avec pour objectif de d\u00e9bloquer son compteur au classement <a href=\"https:\/\/www.letelegramme.fr\/finistere\/plougourvest-29400\/a-plougourvest-la-montee-en-n1-de-lentente-bro-leon-est-le-fruit-dun-projet-100-local-6811807.php\" target=\"_blank\" rel=\"noopener\">dans cette division de N1F qu\u2019elle d\u00e9couvre<\/a>. P\u00e2tissant aussi d\u2019un d\u00e9marrage de saison en demi-teinte, la rencontre tournait vite en la faveur des Nordistes qui savaient profiter des faiblesses locales lors du premier quart d\u2019heure. Les L\u00e9onardes tutoyaient le poteau adverse \u00e0 plusieurs reprises et manquaient de tirer profit d\u2019un six contre quatre lors d\u2019exclusions temporaires qui aurait pu leur offrir une avance bonne \u00e0 prendre (5-7, 12\u2019). L&rsquo;EBL voyait enfin sa marque d\u00e9coller sous l\u2019impulsion de Lauryn Derrien et l\u2019excellente forme de sa gardienne Alyssa Le Coat qui stoppait la progression des Lilloises \u00e0 six m\u00e8tres (10-8, 21\u2019).<\/p>\n<p>Fin de match sans suspense<\/p>\n<p>Sur la bonne tangente, la d\u00e9fense de l\u2019entente s\u2019orchestrait au go\u00fbt du coach Harri Meena sans pour autant que le foss\u00e9 ne se creuse \u00e0 la pause (15-13, 30\u2019). \u00c0 la reprise, les L\u00e9onardes menaient le jeu d\u2019embl\u00e9e alors que Lille piochait au tir et en d\u00e9fense (19-16, 40\u2019). En imposant un 4-0 logiquement n\u00e9goci\u00e9, l\u2019EBL validait sa constance et une implication collective au rendez-vous (23-16, 43\u2019). En baisse de r\u00e9gime, les visiteuses laissaient progressivement la voie libre aux locales qui gardaient la t\u00eate sur les \u00e9paules \u00e0 l\u2019image d\u2019In\u00e8s Le Mestre qui trouvait la transversale lilloise (27-20, 52\u2019).<\/p>\n<p>Jouant chaque mont\u00e9e de balle, les L\u00e9onardes ont domin\u00e9 une fin de rencontre les menant \u00e0 une victoire confortable. Harri Meena s\u2019avouait satisfait \u00ab\u00a0des rectifications apport\u00e9es au jeu\u00a0\u00bb et de la \u00ab\u00a0partie d\u00e9fensive o\u00f9 nous avons livr\u00e9 un vrai combat, c\u2019est un gros point \u00e0 retenir. M\u00eame si nous avons \u00e9t\u00e9 d\u00e9rang\u00e9 par leur gardienne, nous avons gagn\u00e9 en efficacit\u00e9 au cours du match\u00a0\u00bb. Avant un d\u00e9placement \u00e0 Paris, \u00ab\u00a0c\u2019est une bonne lanc\u00e9e et il faut rester sur cette dynamique\u00a0\u00bb concluait-il.<\/p>\n<p class=\"titre-tech\">La fiche technique<\/p>\n<p class=\"tech\"><strong class=\"tech\">Arbitres\u00a0:<\/strong> M. Lamer et M. Qu\u00e9r\u00e9.<\/p>\n<p class=\"tech\"><strong class=\"tech\">EBL\u00a0:<\/strong> Maz\u00e9 (50\u2019 \u00e0 60\u2019, 3 arr\u00eats), Le Coat (1\u2019 \u00e0 50\u2019, 9 arr\u00eats), Gery (2 buts), Auguste-Ehleuther (1), Bouvier (5), Derrien (12), Guena (1), Le Mestre (6), Guillou (2), Lando (2), Urien (2). Quatre minutes d\u2019exclusions temporaires.<\/p>\n<p class=\"tech\"><strong class=\"tech\">LILLE\u00a0:<\/strong> Schapelynck (3 arr\u00eats), Lahnite (2 arr\u00eats), Zourar, Deroi (1 but), Pede (3), Grados, Clavey (1), Deke (5), Demeersseman (1), Bertin (5), Marcelli, Dievart (7). Dix minutes d\u2019exclusions temporaires<\/p>\n","protected":false},"excerpt":{"rendered":"N1F (3e journ\u00e9e). Entente Bro L\u00e9on &#8211; Lomme Lille 33-24 L&rsquo;Entente Bro L\u00e9on accueillait Lille, ce samedi, avec&hellip;\n","protected":false},"author":2,"featured_media":422186,"comment_status":"","ping_status":"","sticky":false,"template":"","format":"standard","meta":{"footnotes":""},"categories":[2815],"tags":[1111,11,50418,1777,674,1011,27,50419,1792,811,50420,6821,1307,12,25,60],"class_list":{"0":"post-422185","1":"post","2":"type-post","3":"status-publish","4":"format-standard","5":"has-post-thumbnail","7":"category-lille","8":"tag-actu","9":"tag-actualites","10":"tag-bodilis","11":"tag-eu","12":"tag-europe","13":"tag-fr","14":"tag-france","15":"tag-guiclan","16":"tag-handball","17":"tag-hauts-de-france","18":"tag-lampaul-guimiliau","19":"tag-landivisiau","20":"tag-lille","21":"tag-news","22":"tag-republique-francaise","23":"tag-sports"},"share_on_mastodon":{"url":"https:\/\/pubeurope.com\/@fr\/115278097190477949","error":""},"_links":{"self":[{"href":"https:\/\/www.europesays.com\/fr\/wp-json\/wp\/v2\/posts\/422185","targetHints":{"allow":["GET"]}}],"collection":[{"href":"https:\/\/www.europesays.com\/fr\/wp-json\/wp\/v2\/posts"}],"about":[{"href":"https:\/\/www.europesays.com\/fr\/wp-json\/wp\/v2\/types\/post"}],"author":[{"embeddable":true,"href":"https:\/\/www.europesays.com\/fr\/wp-json\/wp\/v2\/users\/2"}],"replies":[{"embeddable":true,"href":"https:\/\/www.europesays.com\/fr\/wp-json\/wp\/v2\/comments?post=422185"}],"version-history":[{"count":0,"href":"https:\/\/www.europesays.com\/fr\/wp-json\/wp\/v2\/posts\/422185\/revisions"}],"wp:featuredmedia":[{"embeddable":true,"href":"https:\/\/www.europesays.com\/fr\/wp-json\/wp\/v2\/media\/422186"}],"wp:attachment":[{"href":"https:\/\/www.europesays.com\/fr\/wp-json\/wp\/v2\/media?parent=422185"}],"wp:term":[{"taxonomy":"category","embeddable":true,"href":"https:\/\/www.europesays.com\/fr\/wp-json\/wp\/v2\/categories?post=422185"},{"taxonomy":"post_tag","embeddable":true,"href":"https:\/\/www.europesays.com\/fr\/wp-json\/wp\/v2\/tags?post=422185"}],"curies":[{"name":"wp","href":"https:\/\/api.w.org\/{rel}","templated":true}]}}