{"id":422187,"date":"2025-09-27T20:15:18","date_gmt":"2025-09-27T20:15:18","guid":{"rendered":"https:\/\/www.europesays.com\/fr\/422187\/"},"modified":"2025-09-27T20:15:18","modified_gmt":"2025-09-27T20:15:18","slug":"quand-mickey-et-minnie-offrent-une-parenthese-enchantee-aux-enfants-hospitalises-a-la-timone","status":"publish","type":"post","link":"https:\/\/www.europesays.com\/fr\/422187\/","title":{"rendered":"Quand Mickey et Minnie offrent une parenth\u00e8se enchant\u00e9e aux enfants hospitalis\u00e9s \u00e0 La Timone"},"content":{"rendered":"<p>Sacha n&rsquo;avait jamais eu la chance de rencontrer <a href=\"https:\/\/www.laprovence.com\/article\/societe\/6376258442255714\/cree-en-france-le-journal-de-mickey-fete-ses-90-ans-ce-lundi\" target=\"_blank\" rel=\"noopener\">Mickey<\/a> auparavant. Hospitalis\u00e9 depuis plus de trois semaines \u00e0 <a href=\"https:\/\/www.laprovence.com\/article\/region\/42490017934823\/321-lits-1650-soignants-le-nouvel-hopital-femmes-parents-enfants-se-dessine-a-la-timone-a-marseille\" target=\"_blank\" rel=\"noopener\">l&rsquo;h\u00f4pital La Timone<\/a> pour une enc\u00e9phalite rare, l&rsquo;enfant de 4 ans, originaire du <a href=\"https:\/\/www.laprovence.com\/region\/Edition-vaucluse\" target=\"_blank\" rel=\"noopener\">Vaucluse<\/a>, a vu son quotidien rythm\u00e9 par les soins, les examens et l&rsquo;attente.<\/p>\n<p><img alt=\"Minnie est all\u00e9e \u00e0 la rencontre de Tiago, hospitalis\u00e9 depuis trois jours pour une maladie auto-immune, offrant c\u00e2lins, autographes et photos dans sa chambre \u00e0 La Timone.\" loading=\"lazy\" decoding=\"async\" data-nimg=\"fill\" class=\" TwicCore_img__i9TC1 undefined  undefined\" style=\"position:absolute;height:100%;width:100%;left:0;top:0;right:0;bottom:0;color:transparent;background-size:cover;background-position:50% 50%;background-repeat:no-repeat;background-image:url(&quot;data:image\/svg+xml;charset=utf-8,%3Csvg xmlns='http:\/\/www.w3.org\/2000\/svg' %3E%3Cfilter id='b' color-interpolation-filters='sRGB'%3E%3CfeGaussianBlur stdDeviation='20'\/%3E%3CfeColorMatrix values='1 0 0 0 0 0 1 0 0 0 0 0 1 0 0 0 0 0 100 -1' result='s'\/%3E%3CfeFlood x='0' y='0' width='100%25' height='100%25'\/%3E%3CfeComposite operator='out' in='s'\/%3E%3CfeComposite in2='SourceGraphic'\/%3E%3CfeGaussianBlur stdDeviation='20'\/%3E%3C\/filter%3E%3Cimage width='100%25' height='100%25' x='0' y='0' preserveAspectRatio='none' style='filter: url(%23b);' href='https:\/\/pictures.laprovence.com\/cdn-cgi\/image\/blur=250\/media\/melody\/2025\/09\/27\/minnie-est-allee-a-la-rencontre-de-tiago-hospitalise-depuis-trois-jours-pour-une-maladie-auto-immune-1758952519_f16ba037d6d86f56ba037d6d85b6bav_.jpg'\/%3E%3C\/svg%3E&quot;)\"   src=\"https:\/\/www.europesays.com\/fr\/wp-content\/uploads\/2025\/09\/minnie-est-allee-a-la-rencontre-de-tiago-hospitalise-depuis-trois-jours-pour-une-maladie-auto-immune.jpeg\"\/>Minnie est all\u00e9e \u00e0 la rencontre de Tiago, hospitalis\u00e9 depuis trois jours pour une maladie auto-immune, offrant c\u00e2lins, autographes et photos dans sa chambre \u00e0 La Timone. \/ PHOTO R.S.<\/p>\n<p>Alors pour lui, la venue du \u00ab\u00a0vrai Mickey\u00a0\u00bb au sein de l&rsquo;h\u00f4pital, ce vendredi 26 septembre, est un moment suspendu.\u00a0<\/p>\n<p>Tout en retenu, Sacha murmure \u00e0 la souris aux grandes oreilles le nom de ses personnages pr\u00e9f\u00e9r\u00e9s. Pour la photo, Mickey devra en revanche repasser : la timidit\u00e9 l&#8217;emporte.\u00a0 \u00ab\u00a0C&rsquo;est un peu impressionnant pour lui mais c&rsquo;est vraiment une organisation exceptionnelle\u00a0\u00bb, commente son papa, Marc.<\/p>\n<p>La Timone transform\u00e9e en royaume de sourires<\/p>\n<p>Il faut que dire que ce vendredi 26 septembre, le 14e \u00e9tage du <a href=\"https:\/\/www.laprovence.com\/article\/region\/16756696051829\/ici-tu-peux-tout-nous-dire-a-la-timone-une-unite-pediatrique-accueille-depuis-un-an-les-enfants-casses\" target=\"_blank\" rel=\"noopener\">service p\u00e9diatrique de La Timone<\/a><strong> <\/strong>s&rsquo;est transform\u00e9 en un royaume de sourires. Gr\u00e2ce \u00e0 l&rsquo;alliance de Disneyland Paris, de <a href=\"https:\/\/cekedubonheur.fr\/\" target=\"_blank\" rel=\"noopener\">l&rsquo;association<strong> <\/strong>C\u00e9KeDuBonheur<\/a> et des \u00e9quipes soignantes, une soixantaine d&rsquo;enfants hospitalis\u00e9s ont vu leur routine bouscul\u00e9e par un apr\u00e8s-midi hors norme : ateliers de peinture, s\u00e9ances de maquillage, et surtout, visite surprise de Mickey et Minnie, venus semer un peu de magie dans les chambres et les salles de jeu.<\/p>\n<p><img alt=\"Mickey et Minnie ont illumin\u00e9 la journ\u00e9e d\u2019une soixantaine d\u2019enfants hospitalis\u00e9s \u00e0 La Timone, gr\u00e2ce \u00e0 une op\u00e9ration solidaire port\u00e9e par Disneyland Paris et ses Disney VoluntEARS.\" loading=\"lazy\" decoding=\"async\" data-nimg=\"fill\" class=\" TwicCore_img__i9TC1 undefined  undefined\" style=\"position:absolute;height:100%;width:100%;left:0;top:0;right:0;bottom:0;color:transparent;background-size:cover;background-position:50% 50%;background-repeat:no-repeat;background-image:url(&quot;data:image\/svg+xml;charset=utf-8,%3Csvg xmlns='http:\/\/www.w3.org\/2000\/svg' %3E%3Cfilter id='b' color-interpolation-filters='sRGB'%3E%3CfeGaussianBlur stdDeviation='20'\/%3E%3CfeColorMatrix values='1 0 0 0 0 0 1 0 0 0 0 0 1 0 0 0 0 0 100 -1' result='s'\/%3E%3CfeFlood x='0' y='0' width='100%25' height='100%25'\/%3E%3CfeComposite operator='out' in='s'\/%3E%3CfeComposite in2='SourceGraphic'\/%3E%3CfeGaussianBlur stdDeviation='20'\/%3E%3C\/filter%3E%3Cimage width='100%25' height='100%25' x='0' y='0' preserveAspectRatio='none' style='filter: url(%23b);' href='https:\/\/pictures.laprovence.com\/cdn-cgi\/image\/blur=250\/media\/melody\/2025\/09\/27\/mickey-et-minnie-ont-illumine-la-journee-dune-soixantaine-denfants-hospitalises-a-la-timone-grace-a-1758952519_410cb957d6d86550cb957d6d8390cbv_.jpg'\/%3E%3C\/svg%3E&quot;)\"   src=\"https:\/\/www.europesays.com\/fr\/wp-content\/uploads\/2025\/09\/mickey-et-minnie-ont-illumine-la-journee-dune-soixantaine-denfants-hospitalises-a-la-timone-grace-a-.jpeg\"\/>Mickey et Minnie ont illumin\u00e9 la journ\u00e9e d\u2019une soixantaine d\u2019enfants hospitalis\u00e9s \u00e0 La Timone, gr\u00e2ce \u00e0 une op\u00e9ration solidaire port\u00e9e par Disneyland Paris et ses Disney VoluntEARS. \/PHOTO E.P.<\/p>\n<p>Des \u00e9clats de rire comme une bouff\u00e9e d&rsquo;air pur. Pour Marc, ces instants de joie sont bien plus que de simples distractions : \u00a0\u00bb \u00c7a remonte le moral \u00e0 tout le monde. La semaine derni\u00e8re, les clowns de l&rsquo;h\u00f4pital nous avaient d\u00e9j\u00e0 apport\u00e9 un peu de lumi\u00e8re\u2026 Mais aujourd&rsquo;hui, avec Mickey et Minnie, c&rsquo;est vraiment exceptionnel. \u00ab\u00a0<\/p>\n<p>Une rencontre qui tombe \u00e0 pic. Apr\u00e8s trois semaines d&rsquo;hospitalisation, Sacha voit enfin le bout du tunnel. \u00ab\u00a0Lundi, il sera transf\u00e9r\u00e9 \u00e0 <a href=\"https:\/\/www.laprovence.com\/article\/edition-marseille\/5779547\/sainte-marguerite-ressuscite.html\" target=\"_blank\" rel=\"noopener\">l&rsquo;h\u00f4pital Sainte-Marguerite<\/a> pour entamer une r\u00e9\u00e9ducation : r\u00e9apprendre \u00e0 marcher, \u00e0 tenir un stylo, \u00e0 parler\u2026\u00a0\u00bb <\/p>\n<p>Dans ce contexte, ce moment de magie prend une dimension particuli\u00e8re. \u00ab\u00a0Ce bonheur-l\u00e0, c&rsquo;est du carburant pour affronter la suite\u00a0\u00bb.\u00a0<\/p>\n<p>Autour d&rsquo;eux, les r\u00e9actions des autres enfants -entre timidit\u00e9, \u00e9merveillement et rires- semblent confirmer l&rsquo;effet presque th\u00e9rapeutique de ces visites.<\/p>\n<p>\u00ab\u00a0L&rsquo;apport est immense\u00a0\u00bb<\/p>\n<p>Dans la chambre de Tiago, hospitalis\u00e9 depuis trois jours pour une maladie auto-immune, Minnie a fait une entr\u00e9e remarqu\u00e9e. Autographes, c\u00e2lins, \u00e9changes de bisous et photos souvenirs. La maman se pr\u00eate aussi au jeu. \u00ab\u00a0Ce n&rsquo;est pas tous les jours qu&rsquo;on voit Minnie\u00a0\u00bb, s&rsquo;amuse-t-elle.<\/p>\n<p><img alt=\"Sacha, 4 ans, hospitalis\u00e9 depuis trois semaines, a vu son quotidien transform\u00e9 par la rencontre avec Mickey, venu jusqu\u2019\u00e0 sa chambre \u00e0 La Timone.\" loading=\"lazy\" decoding=\"async\" data-nimg=\"fill\" class=\" TwicCore_img__i9TC1 undefined  undefined\" style=\"position:absolute;height:100%;width:100%;left:0;top:0;right:0;bottom:0;color:transparent;background-size:cover;background-position:50% 50%;background-repeat:no-repeat;background-image:url(&quot;data:image\/svg+xml;charset=utf-8,%3Csvg xmlns='http:\/\/www.w3.org\/2000\/svg' %3E%3Cfilter id='b' color-interpolation-filters='sRGB'%3E%3CfeGaussianBlur stdDeviation='20'\/%3E%3CfeColorMatrix values='1 0 0 0 0 0 1 0 0 0 0 0 1 0 0 0 0 0 100 -1' result='s'\/%3E%3CfeFlood x='0' y='0' width='100%25' height='100%25'\/%3E%3CfeComposite operator='out' in='s'\/%3E%3CfeComposite in2='SourceGraphic'\/%3E%3CfeGaussianBlur stdDeviation='20'\/%3E%3C\/filter%3E%3Cimage width='100%25' height='100%25' x='0' y='0' preserveAspectRatio='none' style='filter: url(%23b);' href='https:\/\/pictures.laprovence.com\/cdn-cgi\/image\/blur=250\/media\/melody\/2025\/09\/27\/sacha-4-ans-hospitalise-depuis-trois-semaines-a-vu-son-quotidien-transforme-par-la-rencontre-avec-mi-1758952520_f0f98b66d6d86d4f98b66d6d8a8f98v_.jpg'\/%3E%3C\/svg%3E&quot;)\"   src=\"https:\/\/www.europesays.com\/fr\/wp-content\/uploads\/2025\/09\/sacha-4-ans-hospitalise-depuis-trois-semaines-a-vu-son-quotidien-transforme-par-la-rencontre-avec-mi.jpeg\"\/>Sacha, 4 ans, hospitalis\u00e9 depuis trois semaines, a vu son quotidien transform\u00e9 par la rencontre avec Mickey, venu jusqu\u2019\u00e0 sa chambre \u00e0 La Timone. \/ PHOTO R.S.<\/p>\n<p>Dans la salle d&rsquo;activit\u00e9s, Juliette et Patricia, \u00e9ducatrices de jeunes enfants, observent les enfants plong\u00e9s dans leurs pinceaux, encourag\u00e9s par Mickey et Minnie : \u00ab\u00a0C&rsquo;est un moment de r\u00e9pit, cela leur permet d&rsquo;oublier un peu leur maladie. Parfois, ils oublient m\u00eame leur souffrance, et juste \u00e7a, c&rsquo;est d\u00e9j\u00e0 une victoire.\u00a0\u00bb<\/p>\n<p>M\u00eame constat pour Marie Pr\u00e9vot, directrice adjointe du groupement hospitalier de la Timone : \u00ab\u00a0Nous travaillons main dans la main avec les \u00e9ducatrices jeunes enfants pour concevoir des programmes adapt\u00e9s \u00e0 chaque enfant, en tenant compte de leur sant\u00e9 et de leurs capacit\u00e9s. L&rsquo;apport est immense : cela leur permet de penser \u00e0 autre chose, de se retrouver entre eux et de sortir de leur quotidien.\u00a0\u00bb<\/p>\n<p>40 000 enfants accompagn\u00e9s<\/p>\n<p>Et derri\u00e8re chaque atelier, chaque \u00e9clat de rire, chaque photo souvenir, il y a l&rsquo;engagement discret mais indispensable des <a href=\"https:\/\/news.disneylandparis.com\/vive-les-disney-voluntears\/\" target=\"_blank\" rel=\"noopener\">Disney VoluntEARS<\/a>. Ces salari\u00e9s b\u00e9n\u00e9voles de Disneyland Paris qui donnent de leur temps pour accompagner les enfants.<\/p>\n<p>Ce vendredi, ils \u00e9taient pr\u00e9sents pour animer les diff\u00e9rents ateliers et accompagner les diff\u00e9rents personnages. \u00ab\u00a0Leur engagement est essentiel, souligne \u00c9ric Pires Aug\u00e8re, coordinateur du p\u00f4le philanthropie pour Disneyland Paris. Ils viennent sur leur journ\u00e9e de cong\u00e9, et ce qu&rsquo;ils re\u00e7oivent en retour de la part des enfants est inestimable.\u00a0\u00bb<\/p>\n<p>Un engagement qui ne date pas d&rsquo;hier. Depuis 1991, ce sont plus de 40 000 enfants, dans les h\u00f4pitaux de France et des pays frontaliers, qui ont vu leur quotidien \u00e9clair\u00e9 par ces visites.\u00a0<\/p>\n<p>L&rsquo;interview d&rsquo;\u00c9ric Pires Aug\u00e8re, coordinateur du p\u00f4le philanthropie de Disneyland Paris<\/p>\n<p><strong>Depuis quand Disneyland Paris m\u00e8ne-t-il ces actions en milieu hospitalier ?<\/strong>&#13;\n<\/p>\n<p>Le programme a \u00e9t\u00e9 lanc\u00e9 en 1991, un an avant l&rsquo;ouverture du parc. \u00c0 l&rsquo;\u00e9poque, il n&rsquo;\u00e9tait pas possible d&rsquo;accueillir du public sur site, alors nous avons choisi d&rsquo;aller \u00e0 la rencontre des enfants hospitalis\u00e9s. L&rsquo;objectif reste le m\u00eame aujourd&rsquo;hui : apporter un peu de magie Disney dans des moments difficiles, permettre \u00e0 ces enfants de redevenir, le temps d&rsquo;une visite, des enfants comme les autres.<strong\/><\/p>\n<p><strong>Comment pr\u00e9parez-vous ce type de visites?<\/strong>&#13;\n<\/p>\n<p>Nous planifions un calendrier \u00e0 l&rsquo;ann\u00e9e, en fonction des saisons et des f\u00eates. \u00c0 No\u00ebl, nous d\u00e9corons des sapins avec eux, au carnaval nous organisons des d\u00e9fil\u00e9s festifs, et \u00e0 Halloween les enfants sculptent des citrouilles avec Mickey et Minnie. L&rsquo;id\u00e9e est d&rsquo;apporter de la joie et de la couleur dans les services de p\u00e9diatrie.<\/p>\n<p><img alt=\"Dans le service p\u00e9diatrique de La Timone, rires, ateliers et c\u00e2lins ont rythm\u00e9 l\u2019apr\u00e8s-midi magique offert par Disneyland Paris et l\u2019association C\u00e9KeDuBonheur.\" loading=\"lazy\" decoding=\"async\" data-nimg=\"fill\" class=\" TwicCore_img__i9TC1 undefined  undefined\" style=\"position:absolute;height:100%;width:100%;left:0;top:0;right:0;bottom:0;color:transparent;background-size:cover;background-position:50% 50%;background-repeat:no-repeat;background-image:url(&quot;data:image\/svg+xml;charset=utf-8,%3Csvg xmlns='http:\/\/www.w3.org\/2000\/svg' %3E%3Cfilter id='b' color-interpolation-filters='sRGB'%3E%3CfeGaussianBlur stdDeviation='20'\/%3E%3CfeColorMatrix values='1 0 0 0 0 0 1 0 0 0 0 0 1 0 0 0 0 0 100 -1' result='s'\/%3E%3CfeFlood x='0' y='0' width='100%25' height='100%25'\/%3E%3CfeComposite operator='out' in='s'\/%3E%3CfeComposite in2='SourceGraphic'\/%3E%3CfeGaussianBlur stdDeviation='20'\/%3E%3C\/filter%3E%3Cimage width='100%25' height='100%25' x='0' y='0' preserveAspectRatio='none' style='filter: url(%23b);' href='https:\/\/pictures.laprovence.com\/cdn-cgi\/image\/blur=250\/media\/melody\/2025\/09\/27\/dans-le-service-pediatrique-de-la-timone-rires-ateliers-et-calins-ont-rythme-lapres-midi-magique-off-1758952520_3e7e41a7d6d86528e41a7d6d8468e4v_.jpg'\/%3E%3C\/svg%3E&quot;)\"   src=\"https:\/\/www.europesays.com\/fr\/wp-content\/uploads\/2025\/09\/dans-le-service-pediatrique-de-la-timone-rires-ateliers-et-calins-ont-rythme-lapres-midi-magique-off.jpeg\"\/>Dans le service p\u00e9diatrique de La Timone, rires, ateliers et c\u00e2lins ont rythm\u00e9 l\u2019apr\u00e8s-midi magique offert par Disneyland Paris et l\u2019association C\u00e9KeDuBonheur. \/ PHOTO R.S.<\/p>\n<p><strong>Quels personnages participent \u00e0 ces visites ?<\/strong>&#13;\n<\/p>\n<p>Mickey et Minnie sont tr\u00e8s souvent pr\u00e9sents, mais en fonction des moments, d&rsquo;autres personnages les rejoignent. \u00c0 No\u00ebl, il n&rsquo;est pas rare de voir Anna, Elsa ou Olaf, par exemple.<\/p>\n<p><strong>Au-del\u00e0 des visites \u00e0 l&rsquo;h\u00f4pital, quelles autres initiatives portez-vous ?<\/strong>&#13;\n<\/p>\n<p>Nous travaillons avec des associations comme Tout le monde contre le cancer. R\u00e9cemment, nous avons accueilli 500 enfants venus de 18 h\u00f4pitaux fran\u00e7ais. Nous r\u00e9alisons aussi chaque ann\u00e9e environ 1 200 r\u00eaves d&rsquo;enfants atteints de pathologies graves, en lien avec Petits Princes, R\u00eaves ou Make-A-Wish. Quand le souhait est li\u00e9 \u00e0 Disney, l&rsquo;enfant et sa famille sont invit\u00e9s pour un s\u00e9jour de trois jours au parc.<\/p>\n<p><strong>Avec plus de 30 ans d&rsquo;exp\u00e9rience, qu&rsquo;avez-vous constat\u00e9 ?<\/strong>&#13;\n<\/p>\n<p>Les h\u00f4pitaux ont beaucoup \u00e9volu\u00e9. Dans les ann\u00e9es 1990, les services p\u00e9diatriques \u00e9taient tr\u00e8s blancs, aseptis\u00e9s. Aujourd&rsquo;hui, ils sont color\u00e9s et anim\u00e9s, et de nombreuses associations interviennent. Nous avons \u00e9t\u00e9 parmi les premiers \u00e0 initier ce mouvement, inspir\u00e9 des \u00c9tats-Unis. Nous restons convaincus que la magie a le pouvoir d&rsquo;adoucir l&rsquo;\u00e9preuve de l&rsquo;hospitalisation.<\/p>\n","protected":false},"excerpt":{"rendered":"Sacha n&rsquo;avait jamais eu la chance de rencontrer Mickey auparavant. Hospitalis\u00e9 depuis plus de trois semaines \u00e0 l&rsquo;h\u00f4pital&hellip;\n","protected":false},"author":2,"featured_media":422188,"comment_status":"","ping_status":"","sticky":false,"template":"","format":"standard","meta":{"footnotes":""},"categories":[2814],"tags":[17,1111,11,31912,1777,674,1011,27,884,47427,55139,12,41088,55140,882,396,25,71,96],"class_list":{"0":"post-422187","1":"post","2":"type-post","3":"status-publish","4":"format-standard","5":"has-post-thumbnail","7":"category-marseille","8":"tag-17","9":"tag-actu","10":"tag-actualites","11":"tag-enchantee","12":"tag-eu","13":"tag-europe","14":"tag-fr","15":"tag-france","16":"tag-marseille","17":"tag-mickey","18":"tag-minnie","19":"tag-news","20":"tag-offrent","21":"tag-parenthese","22":"tag-provence-alpes-cote-dazur","23":"tag-quand","24":"tag-republique-francaise","25":"tag-sante","26":"tag-une"},"share_on_mastodon":{"url":"https:\/\/pubeurope.com\/@fr\/115278101352144966","error":""},"_links":{"self":[{"href":"https:\/\/www.europesays.com\/fr\/wp-json\/wp\/v2\/posts\/422187","targetHints":{"allow":["GET"]}}],"collection":[{"href":"https:\/\/www.europesays.com\/fr\/wp-json\/wp\/v2\/posts"}],"about":[{"href":"https:\/\/www.europesays.com\/fr\/wp-json\/wp\/v2\/types\/post"}],"author":[{"embeddable":true,"href":"https:\/\/www.europesays.com\/fr\/wp-json\/wp\/v2\/users\/2"}],"replies":[{"embeddable":true,"href":"https:\/\/www.europesays.com\/fr\/wp-json\/wp\/v2\/comments?post=422187"}],"version-history":[{"count":0,"href":"https:\/\/www.europesays.com\/fr\/wp-json\/wp\/v2\/posts\/422187\/revisions"}],"wp:featuredmedia":[{"embeddable":true,"href":"https:\/\/www.europesays.com\/fr\/wp-json\/wp\/v2\/media\/422188"}],"wp:attachment":[{"href":"https:\/\/www.europesays.com\/fr\/wp-json\/wp\/v2\/media?parent=422187"}],"wp:term":[{"taxonomy":"category","embeddable":true,"href":"https:\/\/www.europesays.com\/fr\/wp-json\/wp\/v2\/categories?post=422187"},{"taxonomy":"post_tag","embeddable":true,"href":"https:\/\/www.europesays.com\/fr\/wp-json\/wp\/v2\/tags?post=422187"}],"curies":[{"name":"wp","href":"https:\/\/api.w.org\/{rel}","templated":true}]}}