{"id":422193,"date":"2025-09-27T20:18:17","date_gmt":"2025-09-27T20:18:17","guid":{"rendered":"https:\/\/www.europesays.com\/fr\/422193\/"},"modified":"2025-09-27T20:18:17","modified_gmt":"2025-09-27T20:18:17","slug":"je-suis-pret-a-gouverner-lyon","status":"publish","type":"post","link":"https:\/\/www.europesays.com\/fr\/422193\/","title":{"rendered":"\u00ab Je suis pr\u00eat \u00e0 gouverner Lyon \u00bb"},"content":{"rendered":"<blockquote class=\"question\"><p><strong>Apr\u00e8s une grande r\u00e9ussite professionnelle, pourquoi, \u00e0 76 ans, vouloir se lancer en politique\u00a0?<\/strong><\/p><\/blockquote>\n<p>Pour l\u2019int\u00e9r\u00eat g\u00e9n\u00e9ral. Lyonnais d\u2019origine et de c\u0153ur, je m\u2019inscris dans les pas d\u2019un Raymond Barre ou d\u2019un <a href=\"https:\/\/www.leprogres.fr\/p\/gerard-collomb\" target=\"_blank\" rel=\"noopener\">G\u00e9rard Collomb<\/a> qui ont r\u00e9ussi \u00e0 concilier l\u2019attractivit\u00e9 et l\u2019aide aux plus faibles. Si nous parvenons \u00e0 faire ce que l\u2019on a en t\u00eate, nous aurons rendu service \u00e0 la ville de Lyon.<\/p>\n<blockquote class=\"question\"><p><strong>Pourquoi maintenant\u00a0?<\/strong><\/p><\/blockquote>\n<p>D\u2019abord, parce qu\u2019il y a quelque chose qui ne tourne pas rond dans notre ville. Et puis avant, tant que j\u2019\u00e9tais pleinement engag\u00e9 dans <a href=\"https:\/\/www.leprogres.fr\/economie\/2023\/12\/13\/cegid-numero-1-des-editeurs-de-logiciels-dans-la-region\" target=\"_blank\" rel=\"noopener\">mes entreprises<\/a> et \u00e0 <a href=\"https:\/\/www.leprogres.fr\/football\/OL\/jean-michel-aulas-fete-ses-30-ans-a-la-tete-de-l-Olympique-lyonnais\" target=\"_blank\" rel=\"noopener\">l\u2019Olympique lyonnais<\/a>, je ne pouvais pas me lancer. J\u2019ai d\u00e9sormais assur\u00e9 la transmission\u00a0: j\u2019ai c\u00e9d\u00e9 mes parts de l\u2019OL, et j\u2019ai confi\u00e9 la direction de mes soci\u00e9t\u00e9s \u00e0 mon fils <a href=\"https:\/\/www.leprogres.fr\/economie\/2025\/06\/10\/qui-est-alexandre-aulas\" target=\"_blank\" rel=\"noopener\">Alexandre<\/a>. Je suis un homme libre aujourd\u2019hui, et Lyon est, plus que jamais, une affaire de c\u0153ur.<\/p>\n<blockquote class=\"question\"><p><strong>L\u2019\u00e9v\u00e9nement marquant qui vous a d\u00e9cid\u00e9\u00a0?<\/strong><\/p><\/blockquote>\n<p>Il y a eu les embouteillages, bien s\u00fbr, mais surtout <a href=\"https:\/\/www.leprogres.fr\/economie\/2025\/05\/13\/doucet-m-a-tuer-des-affiches-cinglantes-placardees-sur-les-commerces-fermes-de-la-presqu-ile\" target=\"_blank\" rel=\"noopener\">ces commer\u00e7ants qui confiaient \u00eatre en train de tout perdre<\/a> apr\u00e8s des&#8230;<\/p>\n","protected":false},"excerpt":{"rendered":"Apr\u00e8s une grande r\u00e9ussite professionnelle, pourquoi, \u00e0 76 ans, vouloir se lancer en politique\u00a0? Pour l\u2019int\u00e9r\u00eat g\u00e9n\u00e9ral. Lyonnais&hellip;\n","protected":false},"author":2,"featured_media":422194,"comment_status":"","ping_status":"","sticky":false,"template":"","format":"standard","meta":{"footnotes":""},"categories":[1889],"tags":[1111,11,2430,1984,2757,4188,1777,674,107,1011,27,2428,2756,12,316,25,2429,4604,3151],"class_list":{"0":"post-422193","1":"post","2":"type-post","3":"status-publish","4":"format-standard","5":"has-post-thumbnail","7":"category-lyon","8":"tag-actu","9":"tag-actualites","10":"tag-auvergne-rhone-alpes","11":"tag-conseil-municipal","12":"tag-edition-lyon-villeurbanne","13":"tag-elections-municipales","14":"tag-eu","15":"tag-europe","16":"tag-fil-info","17":"tag-fr","18":"tag-france","19":"tag-lyon","20":"tag-lyon-bassin","21":"tag-news","22":"tag-politique","23":"tag-republique-francaise","24":"tag-rhone","25":"tag-selection-abonne","26":"tag-selection-de-la-redaction-69"},"share_on_mastodon":{"url":"https:\/\/pubeurope.com\/@fr\/115278112537583654","error":""},"_links":{"self":[{"href":"https:\/\/www.europesays.com\/fr\/wp-json\/wp\/v2\/posts\/422193","targetHints":{"allow":["GET"]}}],"collection":[{"href":"https:\/\/www.europesays.com\/fr\/wp-json\/wp\/v2\/posts"}],"about":[{"href":"https:\/\/www.europesays.com\/fr\/wp-json\/wp\/v2\/types\/post"}],"author":[{"embeddable":true,"href":"https:\/\/www.europesays.com\/fr\/wp-json\/wp\/v2\/users\/2"}],"replies":[{"embeddable":true,"href":"https:\/\/www.europesays.com\/fr\/wp-json\/wp\/v2\/comments?post=422193"}],"version-history":[{"count":0,"href":"https:\/\/www.europesays.com\/fr\/wp-json\/wp\/v2\/posts\/422193\/revisions"}],"wp:featuredmedia":[{"embeddable":true,"href":"https:\/\/www.europesays.com\/fr\/wp-json\/wp\/v2\/media\/422194"}],"wp:attachment":[{"href":"https:\/\/www.europesays.com\/fr\/wp-json\/wp\/v2\/media?parent=422193"}],"wp:term":[{"taxonomy":"category","embeddable":true,"href":"https:\/\/www.europesays.com\/fr\/wp-json\/wp\/v2\/categories?post=422193"},{"taxonomy":"post_tag","embeddable":true,"href":"https:\/\/www.europesays.com\/fr\/wp-json\/wp\/v2\/tags?post=422193"}],"curies":[{"name":"wp","href":"https:\/\/api.w.org\/{rel}","templated":true}]}}