{"id":422199,"date":"2025-09-27T20:22:38","date_gmt":"2025-09-27T20:22:38","guid":{"rendered":"https:\/\/www.europesays.com\/fr\/422199\/"},"modified":"2025-09-27T20:22:38","modified_gmt":"2025-09-27T20:22:38","slug":"un-homme-tue-par-balle-dans-le-19e-arrondissement","status":"publish","type":"post","link":"https:\/\/www.europesays.com\/fr\/422199\/","title":{"rendered":"un homme tu\u00e9 par balle dans le 19e arrondissement"},"content":{"rendered":"<p>\u00c0 leur arriv\u00e9e sur la sc\u00e8ne de crime, les policiers ont d\u00e9couvert un v\u00e9hicule cribl\u00e9 d\u2019impacts de balles ainsi qu\u2019une arme de poing dissimul\u00e9e dans un buisson.<\/p>\n<p class=\"fig-paragraph\">Un homme de 28 ans a \u00e9t\u00e9 tu\u00e9 par arme \u00e0 feu dans le 19e arrondissement, dans le nord de Paris, dans la nuit de vendredi \u00e0 samedi, a appris samedi l&rsquo;AFP de source polici\u00e8re.<\/p>\n<p class=\"fig-paragraph\">Le minist\u00e8re public a indiqu\u00e9 qu\u2019une enqu\u00eate \u00e9tait ouverte pour meurtre et pour des infractions \u00e0 la l\u00e9gislation sur les armes, confi\u00e9e \u00e0 la Brigade criminelle, \u00ab\u00e0 la suite de la d\u00e9couverte d\u2019un individu de 28 ans manifestement d\u00e9c\u00e9d\u00e9 par balle dans le XIXe arrondissement.\u00bb<\/p>\n<p>                                    <a class=\"fig-a11y-skip a11y-hidden\" href=\"#fig-a11y-skip-main-inarticle\"><br \/>\n        Passer la publicit\u00e9<br \/>\n    <\/a><\/p>\n<p class=\"fig-paragraph\">Selon une source polici\u00e8re, les forces de l&rsquo;ordre ont \u00e9t\u00e9 appel\u00e9es pour des d\u00e9tonations sur la voie publique vers 4 heures du matin, rue Emile-Bollaert, non loin de la porte d&rsquo;<a href=\"http:\/\/www.lefigaro.fr\/faits-divers\/aubervilliers-deux-passants-blesses-par-balle-lors-d-une-fusillade-en-pleine-rue-20241023\" target=\"_blank\" data-fig-type=\"NewsFlash\" rel=\"noopener\" data-gtm-custom-categorie=\"navigation\" data-gtm-custom-action=\"crossclick\" data-gtm-custom-label=\"Contextuel\" data-gtm-event=\"customEventSPE\" data-fig-domain=\"LEFIGARO\">Aubervilliers<\/a>.<\/p>\n<p>Voiture immatricul\u00e9e en Pologne<\/p>\n<p class=\"fig-paragraph\">Sur place, les policiers ont d\u00e9couvert un homme en arr\u00eat cardio-respiratoire pr\u00e9sentant une plaie par arme \u00e0 feu au niveau du thorax. Il est d\u00e9c\u00e9d\u00e9 un peu plus tard malgr\u00e9 les soins qui lui ont \u00e9t\u00e9 prodigu\u00e9s.<\/p>\n<p class=\"fig-paragraph\">Un v\u00e9hicule pr\u00e9sentait plusieurs impacts de balles. Une arme de poing a \u00e9t\u00e9 retrouv\u00e9e dans un buisson \u00e0 proximit\u00e9 d&rsquo;une autre voiture, immatricul\u00e9e en Pologne. Selon les premiers \u00e9l\u00e9ments de l&rsquo;enqu\u00eate, il s&rsquo;agirait de l&rsquo;arme de la victime mais les circonstances exactes des faits restaient \u00e0 d\u00e9terminer.<\/p>\n","protected":false},"excerpt":{"rendered":"\u00c0 leur arriv\u00e9e sur la sc\u00e8ne de crime, les policiers ont d\u00e9couvert un v\u00e9hicule cribl\u00e9 d\u2019impacts de balles&hellip;\n","protected":false},"author":2,"featured_media":422200,"comment_status":"","ping_status":"","sticky":false,"template":"","format":"standard","meta":{"footnotes":""},"categories":[1888],"tags":[1111,1928,11,1927,1777,674,1011,27,777,12,1926,626,1925,25],"class_list":{"0":"post-422199","1":"post","2":"type-post","3":"status-publish","4":"format-standard","5":"has-post-thumbnail","7":"category-paris","8":"tag-actu","9":"tag-actu-paris","10":"tag-actualites","11":"tag-actualites-paris","12":"tag-eu","13":"tag-europe","14":"tag-fr","15":"tag-france","16":"tag-meurtre","17":"tag-news","18":"tag-news-paris","19":"tag-paris","20":"tag-paris-news","21":"tag-republique-francaise"},"share_on_mastodon":{"url":"https:\/\/pubeurope.com\/@fr\/115278128448536043","error":""},"_links":{"self":[{"href":"https:\/\/www.europesays.com\/fr\/wp-json\/wp\/v2\/posts\/422199","targetHints":{"allow":["GET"]}}],"collection":[{"href":"https:\/\/www.europesays.com\/fr\/wp-json\/wp\/v2\/posts"}],"about":[{"href":"https:\/\/www.europesays.com\/fr\/wp-json\/wp\/v2\/types\/post"}],"author":[{"embeddable":true,"href":"https:\/\/www.europesays.com\/fr\/wp-json\/wp\/v2\/users\/2"}],"replies":[{"embeddable":true,"href":"https:\/\/www.europesays.com\/fr\/wp-json\/wp\/v2\/comments?post=422199"}],"version-history":[{"count":0,"href":"https:\/\/www.europesays.com\/fr\/wp-json\/wp\/v2\/posts\/422199\/revisions"}],"wp:featuredmedia":[{"embeddable":true,"href":"https:\/\/www.europesays.com\/fr\/wp-json\/wp\/v2\/media\/422200"}],"wp:attachment":[{"href":"https:\/\/www.europesays.com\/fr\/wp-json\/wp\/v2\/media?parent=422199"}],"wp:term":[{"taxonomy":"category","embeddable":true,"href":"https:\/\/www.europesays.com\/fr\/wp-json\/wp\/v2\/categories?post=422199"},{"taxonomy":"post_tag","embeddable":true,"href":"https:\/\/www.europesays.com\/fr\/wp-json\/wp\/v2\/tags?post=422199"}],"curies":[{"name":"wp","href":"https:\/\/api.w.org\/{rel}","templated":true}]}}