{"id":422203,"date":"2025-09-27T20:25:11","date_gmt":"2025-09-27T20:25:11","guid":{"rendered":"https:\/\/www.europesays.com\/fr\/422203\/"},"modified":"2025-09-27T20:25:11","modified_gmt":"2025-09-27T20:25:11","slug":"selon-volodymyr-zelensky-la-russie-se-preparait-a-attaquer-un-autre-pays-europeen","status":"publish","type":"post","link":"https:\/\/www.europesays.com\/fr\/422203\/","title":{"rendered":"Selon Volodymyr Zelensky, la Russie se pr\u00e9parait \u00e0 attaquer un autre pays europ\u00e9en"},"content":{"rendered":"<p>Le pr\u00e9sident ukrainien ne pr\u00e9dit rien de bon pour l&rsquo;Europe. Vladimir Poutine s&rsquo;appr\u00eaterait \u00e0\u00a0\u00e9largir la guerre en attaquant un autre pays europ\u00e9en, a d\u00e9clar\u00e9 <a class=\"Link\" href=\"https:\/\/www.lepoint.fr\/monde\/volodymyr-zelensky-ses-petites-confidences-en-aparte-04-09-2025-2597761_24.php\" title=\"\" data-gtm=\"click:capsule\" data-capsule=\"Lien\" target=\"_blank\" rel=\"noopener\">Volodymyr Zelensky<\/a> au\u00a0quotidien britannique <a class=\"Link\" href=\"https:\/\/www.theguardian.com\/world\/2025\/sep\/27\/putin-preparing-to-attack-another-european-country-zelenskyy-says\" target=\"_blank\" title=\"\" data-gtm=\"click:capsule\" data-capsule=\"Lien\" rel=\"noopener\">The Guardian<\/a>, samedi 27\u00a0septembre. \u00ab\u00a0Poutine n&rsquo;attendra pas la fin de sa guerre en Ukraine. Il ouvrira une autre voie. Personne ne sait o\u00f9. C&rsquo;est ce qu&rsquo;il veut\u00a0\u00bb, a-t-il affirm\u00e9. Selon lui, la <a class=\"Link\" href=\"https:\/\/www.lepoint.fr\/tags\/russie\" data-gtm=\"click:capsule\" data-capsule=\"Lien\" target=\"_blank\" rel=\"noopener\">Russie<\/a> serait\u00a0\u00e0 l&rsquo;origine des incursions de drones dans l&rsquo;espace a\u00e9rien de plusieurs pays europ\u00e9ens ces derniers jours.<\/p>\n<p>Pour rappel, des drones ont \u00e9t\u00e9 en effet aper\u00e7us\u00a0en Pologne et en Roumanie.\u00a0Vendredi soir, la plus grande base militaire du Danemark, la base a\u00e9rienne de Karup, a \u00e9t\u00e9 survol\u00e9e, de m\u00eame\u00a0<a class=\"Link\" href=\"https:\/\/www.lepoint.fr\/monde\/incursions-de-drones-des-bases-militaires-danoises-et-norvegiennes-ciblees-27-09-2025-2599699_24.php\" title=\"\" data-gtm=\"click:capsule\" data-capsule=\"Lien\" target=\"_blank\" rel=\"noopener\">qu&rsquo;une base norv\u00e9gienne<\/a>\u00a0ce samedi.\u00a0Ces drones, que <a class=\"Link\" href=\"https:\/\/www.lepoint.fr\/tags\/volodymyr-zelensky\" data-gtm=\"click:capsule\" data-capsule=\"Lien\" target=\"_blank\" rel=\"noopener\">Volodymyr Zelensky<\/a> identifie comme russes, serviraient, selon lui, \u00e0 tester la capacit\u00e9\u00a0de l&rsquo;Europe \u00e0 d\u00e9fendre son espace a\u00e9rien.<\/p>\n<p>L&rsquo;Ukraine est \u00ab\u00a0pr\u00eate \u00e0 partager son exp\u00e9rience\u00a0\u00bb<\/p>\n<p>Le pr\u00e9sident ukrainien a aussi sugg\u00e9r\u00e9 que les gouvernements de l&rsquo;Union europ\u00e9enne\u00a0avaient du mal \u00e0 faire face \u00e0 cette menace. Au d\u00e9but du mois de septembre, l&rsquo;Ukraine a identifi\u00e9 <a class=\"Link\" href=\"https:\/\/www.lepoint.fr\/monde\/la-pologne-neutralise-un-drone-au-dessus-de-sites-gouvernementaux-15-09-2025-2598690_24.php\" title=\"\" data-gtm=\"click:capsule\" data-capsule=\"Lien\" target=\"_blank\" rel=\"noopener\">92 drones volant vers la Pologne<\/a>\u00a0de mani\u00e8re \u00ab\u00a0chor\u00e9graphi\u00e9e\u00a0\u00bb. Kiev en aurait intercept\u00e9 la plupart, mais\u00a019\u00a0ont p\u00e9n\u00e9tr\u00e9 sur le territoire polonais et\u00a0quatre ont \u00e9t\u00e9 abattus par les Polonais.<\/p>\n<p>\n\u00c0 D\u00e9couvrir<br \/>\n<strong class=\"discover-kangourou__line\"><br \/>\n<img decoding=\"async\" class=\"discover-kangourou__img\" src=\"https:\/\/static.lpnt.fr\/static\/img\/kangourou\/kangourou_filled.svg\"\/><br \/>\n<strong class=\"discover-kangourou__txt\"><br \/>\n<strong>Le Kangourou du jour<\/strong><br \/>\n<a href=\"https:\/\/kangourou.lepoint.fr\" title=\"kangourou\" data-gtm-cta=\"kangourou_article\" class=\"discover-kangourou__lnk\" target=\"_blank\" rel=\"noopener\"><br \/>\nR\u00e9pondre<br \/>\n<\/a><br \/>\n<\/strong><br \/>\n<\/strong><br \/>\n\u00ab\u00a0Je ne compare pas nos forces. Nous sommes en guerre et eux [la Pologne] ne le sont pas\u00a0\u00bb, a-t-il d\u00e9clar\u00e9. Zelensky\u00a0a indiqu\u00e9 que des repr\u00e9sentants de plusieurs pays non nomm\u00e9s se rendraient en Ukraine pour recevoir une \u00ab\u00a0formation pratique\u00a0\u00bb sur la mani\u00e8re de repousser les attaques a\u00e9riennes russes. \u00ab\u00a0Nous sommes pr\u00eats \u00e0 partager notre exp\u00e9rience\u00a0\u00bb, a-t-il ajout\u00e9.<\/p>\n<p>Ces propos interviennent quelques jours apr\u00e8s la rencontre entre Donald Trump et Volodymyr Zelensky \u00e0 l&rsquo;ONU, \u00e0 New York (\u00c9tats-Unis). Le pr\u00e9sident ukrainien\u00a0a qualifi\u00e9 les discussions avec son homologue am\u00e9ricain de \u00ab\u00a0tr\u00e8s bonnes\u00a0\u00bb. De son c\u00f4t\u00e9, <a class=\"Link\" href=\"https:\/\/www.lepoint.fr\/monde\/guerre-en-ukraine-que-cachent-les-declarations-anti-russie-de-trump-24-09-2025-2599493_24.php\" title=\"\" data-gtm=\"click:capsule\" data-capsule=\"Lien\" target=\"_blank\" rel=\"noopener\">le pr\u00e9sident des \u00c9tats-Unis<\/a> a estim\u00e9 que l&rsquo;Ukraine, avec le soutien de l&rsquo;Europe et de l&rsquo;Otan, pouvait reconqu\u00e9rir le territoire qu&rsquo;elle a perdu depuis 2022.<\/p>\n<p>Toute l\u2019actualit\u00e9 \u00e0 1\u20ac le premier mois<\/p>\n<p><a href=\"https:\/\/abo.lepoint.fr\/?provenance=21EDI020098\" class=\"btn\" title=\"S&#039;abonner\" data-gtm=\"click:abo|display:abo\" data-campaign=\"paywall_maison\" target=\"_blank\" rel=\"noopener\">S&rsquo;abonner<\/a><\/p>\n<p>ou<\/p>\n","protected":false},"excerpt":{"rendered":"Le pr\u00e9sident ukrainien ne pr\u00e9dit rien de bon pour l&rsquo;Europe. Vladimir Poutine s&rsquo;appr\u00eaterait \u00e0\u00a0\u00e9largir la guerre en attaquant&hellip;\n","protected":false},"author":2,"featured_media":422204,"comment_status":"","ping_status":"","sticky":false,"template":"","format":"standard","meta":{"footnotes":""},"categories":[1591],"tags":[11,1887,12,1885,1886,132,220,135,134],"class_list":{"0":"post-422203","1":"post","2":"type-post","3":"status-publish","4":"format-standard","5":"has-post-thumbnail","7":"category-russie","8":"tag-actualites","9":"tag-federation-de-russie","10":"tag-news","11":"tag-russia","12":"tag-russian-federation","13":"tag-russie","14":"tag-ukraine","15":"tag-vladimir-poutine","16":"tag-volodymyr-zelensky"},"share_on_mastodon":{"url":"https:\/\/pubeurope.com\/@fr\/115278140794049682","error":""},"_links":{"self":[{"href":"https:\/\/www.europesays.com\/fr\/wp-json\/wp\/v2\/posts\/422203","targetHints":{"allow":["GET"]}}],"collection":[{"href":"https:\/\/www.europesays.com\/fr\/wp-json\/wp\/v2\/posts"}],"about":[{"href":"https:\/\/www.europesays.com\/fr\/wp-json\/wp\/v2\/types\/post"}],"author":[{"embeddable":true,"href":"https:\/\/www.europesays.com\/fr\/wp-json\/wp\/v2\/users\/2"}],"replies":[{"embeddable":true,"href":"https:\/\/www.europesays.com\/fr\/wp-json\/wp\/v2\/comments?post=422203"}],"version-history":[{"count":0,"href":"https:\/\/www.europesays.com\/fr\/wp-json\/wp\/v2\/posts\/422203\/revisions"}],"wp:featuredmedia":[{"embeddable":true,"href":"https:\/\/www.europesays.com\/fr\/wp-json\/wp\/v2\/media\/422204"}],"wp:attachment":[{"href":"https:\/\/www.europesays.com\/fr\/wp-json\/wp\/v2\/media?parent=422203"}],"wp:term":[{"taxonomy":"category","embeddable":true,"href":"https:\/\/www.europesays.com\/fr\/wp-json\/wp\/v2\/categories?post=422203"},{"taxonomy":"post_tag","embeddable":true,"href":"https:\/\/www.europesays.com\/fr\/wp-json\/wp\/v2\/tags?post=422203"}],"curies":[{"name":"wp","href":"https:\/\/api.w.org\/{rel}","templated":true}]}}