{"id":422213,"date":"2025-09-27T20:30:15","date_gmt":"2025-09-27T20:30:15","guid":{"rendered":"https:\/\/www.europesays.com\/fr\/422213\/"},"modified":"2025-09-27T20:30:15","modified_gmt":"2025-09-27T20:30:15","slug":"latlantisme-est-mort-vive-leurope-de-sylvain-kahn","status":"publish","type":"post","link":"https:\/\/www.europesays.com\/fr\/422213\/","title":{"rendered":"\u00abL&rsquo;atlantisme est mort ? Vive l&rsquo;Europe !\u00bb de Sylvain Kahn"},"content":{"rendered":"<p><a class=\"m-item-image m-item-image--1x1 o-podcast-header__image\" href=\"https:\/\/www.rfi.fr\/fr\/podcasts\/livre-international\/\" title=\"Livre international\" data-article-item-link=\"\" aria-hidden=\"true\" tabindex=\"-1\" target=\"_blank\" rel=\"noopener\"><\/p>\n<p><img decoding=\"async\" fetchpriority=\"high\" src=\"https:\/\/www.europesays.com\/fr\/wp-content\/uploads\/2025\/05\/carre-3000-Livre-international.jpg\"   width=\"480\" height=\"480\" alt=\"Image carr\u00e9e\" loading=\"eager\" class=\"a-img \"\/><br \/>\n                                <\/a>                <\/p>\n<p class=\"t-content__chapo\">\n                                                Donald Trump a-t-il mis un coup d&rsquo;arr\u00eat \u00e0 l&rsquo;Alliance atlantique ? De nombreux Europ\u00e9ens se posent d\u00e9sormais la question de la viabilit\u00e9 et de la p\u00e9rennit\u00e9 de cette alliance n\u00e9e dans le sillage de la guerre froide, et alors que la guerre a fait son retour sur le continent europ\u00e9en avec l&rsquo;invasion g\u00e9n\u00e9rale de l&rsquo;Ukraine par la Russie. Pour le chercheur Sylvain Kahn, professeur \u00e0 Sciences Po et expert associ\u00e9 \u00e0 la Fondation Jean Jaur\u00e8s, la r\u00e9ponse tient dans le titre de l&rsquo;ouvrage qu&rsquo;il vient de publier aux \u00e9ditions de l&rsquo;Aube : L&rsquo;atlantisme est mort ? Vive l&rsquo;Europe !                    <\/p>\n<p><img decoding=\"async\" fetchpriority=\"low\" src=\"https:\/\/www.europesays.com\/fr\/wp-content\/uploads\/2025\/09\/Sylvain-Kahn.jpg\"   width=\"1024\" height=\"576\" alt=\"Couverture du livre \u00ab L'atlantisme est mort ? Vive l'Europe ! \u00bb de Sylvain Kahn, aux \u00e9ditions de l'Aube.\" loading=\"eager\" class=\"a-img \"\/><\/p>\n<p>                Couverture du livre \u00ab L&rsquo;atlantisme est mort ? Vive l&rsquo;Europe ! \u00bb de Sylvain Kahn, aux \u00e9ditions de l&rsquo;Aube.                \u00a9 Editions de L&rsquo;aube            <\/p>\n","protected":false},"excerpt":{"rendered":"Donald Trump a-t-il mis un coup d&rsquo;arr\u00eat \u00e0 l&rsquo;Alliance atlantique ? De nombreux Europ\u00e9ens se posent d\u00e9sormais la&hellip;\n","protected":false},"author":2,"featured_media":422214,"comment_status":"","ping_status":"","sticky":false,"template":"","format":"standard","meta":{"footnotes":""},"categories":[1586],"tags":[11,554,312,73,1777,674,1011,27,3258,12,136,25,364],"class_list":{"0":"post-422213","1":"post","2":"type-post","3":"status-publish","4":"format-standard","5":"has-post-thumbnail","7":"category-europe","8":"tag-actualites","9":"tag-defense","10":"tag-diplomatie","11":"tag-etats-unis","12":"tag-eu","13":"tag-europe","14":"tag-fr","15":"tag-france","16":"tag-livre-international","17":"tag-news","18":"tag-otan","19":"tag-republique-francaise","20":"tag-union-europeenne"},"share_on_mastodon":{"url":"https:\/\/pubeurope.com\/@fr\/115278159919809167","error":""},"_links":{"self":[{"href":"https:\/\/www.europesays.com\/fr\/wp-json\/wp\/v2\/posts\/422213","targetHints":{"allow":["GET"]}}],"collection":[{"href":"https:\/\/www.europesays.com\/fr\/wp-json\/wp\/v2\/posts"}],"about":[{"href":"https:\/\/www.europesays.com\/fr\/wp-json\/wp\/v2\/types\/post"}],"author":[{"embeddable":true,"href":"https:\/\/www.europesays.com\/fr\/wp-json\/wp\/v2\/users\/2"}],"replies":[{"embeddable":true,"href":"https:\/\/www.europesays.com\/fr\/wp-json\/wp\/v2\/comments?post=422213"}],"version-history":[{"count":0,"href":"https:\/\/www.europesays.com\/fr\/wp-json\/wp\/v2\/posts\/422213\/revisions"}],"wp:featuredmedia":[{"embeddable":true,"href":"https:\/\/www.europesays.com\/fr\/wp-json\/wp\/v2\/media\/422214"}],"wp:attachment":[{"href":"https:\/\/www.europesays.com\/fr\/wp-json\/wp\/v2\/media?parent=422213"}],"wp:term":[{"taxonomy":"category","embeddable":true,"href":"https:\/\/www.europesays.com\/fr\/wp-json\/wp\/v2\/categories?post=422213"},{"taxonomy":"post_tag","embeddable":true,"href":"https:\/\/www.europesays.com\/fr\/wp-json\/wp\/v2\/tags?post=422213"}],"curies":[{"name":"wp","href":"https:\/\/api.w.org\/{rel}","templated":true}]}}