{"id":422224,"date":"2025-09-27T20:36:28","date_gmt":"2025-09-27T20:36:28","guid":{"rendered":"https:\/\/www.europesays.com\/fr\/422224\/"},"modified":"2025-09-27T20:36:28","modified_gmt":"2025-09-27T20:36:28","slug":"championnat-du-monde-masculin-de-volley-litalie-bat-la-pologne-et-soffre-une-2e-finale-de-suite-ou-elle-affrontera-la-bulgarie","status":"publish","type":"post","link":"https:\/\/www.europesays.com\/fr\/422224\/","title":{"rendered":"Championnat du monde masculin de volley &#8211; L&rsquo;Italie bat la Pologne et s&rsquo;offre une 2e finale de suite, o\u00f9 elle affrontera la Bulgarie"},"content":{"rendered":"<p><img decoding=\"async\" class=\"w-full object-contain\" style=\"aspect-ratio:150 \/ 100;opacity:1\" alt=\"Championnat du monde masculin de volley - L'Italie bat la Pologne et s'offre une 2e finale de suite, o\u00f9 elle affrontera la Bulgarie\" width=\"512\" height=\"341\" fetchpriority=\"high\" src=\"https:\/\/www.europesays.com\/fr\/wp-content\/uploads\/2025\/09\/DIGRPTDSMJGWRPY4VCOXSLYHO4.jpg\"  \/><\/p>\n<p class=\"ap-StoryElement ap-StoryElement--mb ap-StoryText\">Les Italiens (FIVB 2), battus par les Red Dragons dans leur deuxi\u00e8me match de groupe, ont ensuite remport\u00e9 toutes leurs rencontres en trois sets dont leur quart de finale, de nouveau face \u00e0 la Belgique, mercredi \u00e0 Pasay.<\/p>\n<p class=\"ap-StoryElement ap-StoryElement--mb ap-StoryText\">Plus t\u00f4t samedi, la Bulgarie (FIVB 9) s&rsquo;est impos\u00e9e trois manches \u00e0 une (25-20, 23-25, 25-21, 25-22) face \u00e0 la Tch\u00e9quie (FIVB 18) dans l&rsquo;autre demi-finale.<\/p>\n<p class=\"ap-StoryElement ap-StoryElement--mb ap-StoryText\">En atteignant la finale, les Bulgares sont assur\u00e9s d&rsquo;\u00e9galer leur meilleure performance au Mondial, r\u00e9alis\u00e9e en 1970 \u00e0 domicile. Le tableau final se jouait alors en deux phases de poules et la Bulgarie avait pris la 2e place derri\u00e8re l&rsquo;Allemagne de l&rsquo;Est.<\/p>\n","protected":false},"excerpt":{"rendered":"Les Italiens (FIVB 2), battus par les Red Dragons dans leur deuxi\u00e8me match de groupe, ont ensuite remport\u00e9&hellip;\n","protected":false},"author":2,"featured_media":2837,"comment_status":"","ping_status":"","sticky":false,"template":"","format":"standard","meta":{"footnotes":""},"categories":[1417],"tags":[1011,27,60,1470,1469],"class_list":{"0":"post-422224","1":"post","2":"type-post","3":"status-publish","4":"format-standard","5":"has-post-thumbnail","7":"category-volley","8":"tag-fr","9":"tag-france","10":"tag-sports","11":"tag-volley","12":"tag-volleyball"},"share_on_mastodon":{"url":"https:\/\/pubeurope.com\/@fr\/115278183769307411","error":""},"_links":{"self":[{"href":"https:\/\/www.europesays.com\/fr\/wp-json\/wp\/v2\/posts\/422224","targetHints":{"allow":["GET"]}}],"collection":[{"href":"https:\/\/www.europesays.com\/fr\/wp-json\/wp\/v2\/posts"}],"about":[{"href":"https:\/\/www.europesays.com\/fr\/wp-json\/wp\/v2\/types\/post"}],"author":[{"embeddable":true,"href":"https:\/\/www.europesays.com\/fr\/wp-json\/wp\/v2\/users\/2"}],"replies":[{"embeddable":true,"href":"https:\/\/www.europesays.com\/fr\/wp-json\/wp\/v2\/comments?post=422224"}],"version-history":[{"count":0,"href":"https:\/\/www.europesays.com\/fr\/wp-json\/wp\/v2\/posts\/422224\/revisions"}],"wp:featuredmedia":[{"embeddable":true,"href":"https:\/\/www.europesays.com\/fr\/wp-json\/wp\/v2\/media\/2837"}],"wp:attachment":[{"href":"https:\/\/www.europesays.com\/fr\/wp-json\/wp\/v2\/media?parent=422224"}],"wp:term":[{"taxonomy":"category","embeddable":true,"href":"https:\/\/www.europesays.com\/fr\/wp-json\/wp\/v2\/categories?post=422224"},{"taxonomy":"post_tag","embeddable":true,"href":"https:\/\/www.europesays.com\/fr\/wp-json\/wp\/v2\/tags?post=422224"}],"curies":[{"name":"wp","href":"https:\/\/api.w.org\/{rel}","templated":true}]}}