{"id":422228,"date":"2025-09-27T20:41:16","date_gmt":"2025-09-27T20:41:16","guid":{"rendered":"https:\/\/www.europesays.com\/fr\/422228\/"},"modified":"2025-09-27T20:41:16","modified_gmt":"2025-09-27T20:41:16","slug":"quartararo-plus-que-blase-apres-la-course-sprint-au-japon","status":"publish","type":"post","link":"https:\/\/www.europesays.com\/fr\/422228\/","title":{"rendered":"Quartararo plus que blas\u00e9 apr\u00e8s la course sprint au Japon ?"},"content":{"rendered":"<p>Fabio Quartararo a tout donn\u00e9 mais il ne pouvait pas se battre pour la victoire ce samedi \u00e0 Motegi lors de la course sprint en vue du Grand Prix du Japon. Le pilote Yamaha est parti en deuxi\u00e8me ligne et apr\u00e8s une belle bataille, il a fini par empocher la sixi\u00e8me place finale. Mais au terme de cette course sprint, il a pris la parole au micro de Canal+ et il a sembl\u00e9 tr\u00e8s blas\u00e9 au moment d&rsquo;\u00e9voquer la performance de sa M1. Toujours aussi cash, le champion du monde 2021 a aussi \u00e9voqu\u00e9 le Grand Prix demain, assurant qu&rsquo;il ne fallait s&rsquo;attendre \u00e0 rien et qu&rsquo;il ne pr\u00e9voyait aucune strat\u00e9gie au vu de sa machine.<\/p>\n<p>Quartararo blas\u00e9<\/p>\n<p>Tr\u00e8s sec au micro de Canal+, le Ni\u00e7ois a d\u00e9clar\u00e9 pour \u00e9voquer sa course sprint et le Grand Prix de demain :<\/p>\n<blockquote>\n<p>\u00ab\u00a0Je n&rsquo;ai pas d\u00e9marr\u00e9 lentement. C&rsquo;est juste qu&rsquo;on est lent. C&rsquo;est la seule solution qu&rsquo;on avait pour essayer d&rsquo;aller vite. Mais on voit \u00e0 quel point notre moto est en difficult\u00e9, comme les autres Yamaha. Je n&rsquo;ai rien \u00e0 ajouter sur la course d&rsquo;aujourd&rsquo;hui. (Concernant le GP demain) Je vais l&rsquo;approcher de la m\u00eame fa\u00e7on. Essayer de ne pas br\u00fbler les pneus. On sait que la course est beaucoup plus longue. Je vais essayer de faire la meilleure course possible mais il n&rsquo;y aura rien de sp\u00e9cial.\u00a0\u00bb\u00a0<\/p>\n<\/blockquote>\n<p>Autant dire qu&rsquo;El Diablo semble avoir de plus en plus h\u00e2te que cette saison 2025 se termine, lui qui est loin des premi\u00e8res places au classement g\u00e9n\u00e9ral.<\/p>\n<blockquote class=\"twitter-tweet\" data-media-max-width=\"560\">\n<p dir=\"ltr\" lang=\"fr\">\u00ab\u00a0On voit comme notre moto est vraiment en difficult\u00e9. Je vais approcher le Grand Prix de la m\u00eame mani\u00e8re\u00a0\u00bb<\/p>\n<p>6e de la course sprint, Fabio Quartararo continue d&rsquo;inscrire des points \ud83c\uddeb\ud83c\uddf7<a href=\"https:\/\/twitter.com\/hashtag\/JapaneseGP?src=hash&amp;ref_src=twsrc%5Etfw\" rel=\"nofollow noopener\" target=\"_blank\">#JapaneseGP<\/a> | <a href=\"https:\/\/twitter.com\/hashtag\/MotoGP?src=hash&amp;ref_src=twsrc%5Etfw\" rel=\"nofollow noopener\" target=\"_blank\">#MotoGP<\/a> <a href=\"https:\/\/t.co\/Ni2QE5ijdY\" rel=\"nofollow\">pic.twitter.com\/Ni2QE5ijdY<\/a><\/p>\n<p>\u2014 CANAL+ MotoGP\u2122 (@CanalplusMotoGP) <a href=\"https:\/\/twitter.com\/CanalplusMotoGP\/status\/1971845969059708987?ref_src=twsrc%5Etfw\" rel=\"nofollow noopener\" target=\"_blank\">September 27, 2025<\/a><\/p>\n<\/blockquote>\n<p>   Partagez cette info avec vos amis et vos proches en cliquant ici<br \/> Pour r\u00e9sumer<\/p>\n<p>Fabio Quartararo a tout donn\u00e9 mais il ne pouvait pas se battre pour la victoire ce samedi \u00e0 Motegi lors de la course sprint en vue du Grand Prix du Japon. Le pilote Yamaha est parti en deuxi\u00e8me ligne et apr\u00e8s une belle bataille, il a fini par empocher la sixi\u00e8me place finale.<\/p>\n<p>R\u00e9dacteur<\/p>\n<p><img decoding=\"async\" width=\"76\" height=\"76\" loading=\"lazy\" src=\"https:\/\/www.europesays.com\/fr\/wp-content\/uploads\/2025\/06\/logo-victor-willems.jpg\" alt=\"Victor Willems\"\/><script async src=\"https:\/\/platform.twitter.com\/widgets.js\" charset=\"utf-8\"><\/script><\/p>\n","protected":false},"excerpt":{"rendered":"Fabio Quartararo a tout donn\u00e9 mais il ne pouvait pas se battre pour la victoire ce samedi \u00e0&hellip;\n","protected":false},"author":2,"featured_media":422229,"comment_status":"","ping_status":"","sticky":false,"template":"","format":"standard","meta":{"footnotes":""},"categories":[1413],"tags":[1011,27,1457,1456,60],"class_list":{"0":"post-422228","1":"post","2":"type-post","3":"status-publish","4":"format-standard","5":"has-post-thumbnail","7":"category-moto","8":"tag-fr","9":"tag-france","10":"tag-moto","11":"tag-motocycle","12":"tag-sports"},"share_on_mastodon":{"url":"https:\/\/pubeurope.com\/@fr\/115278203423312733","error":""},"_links":{"self":[{"href":"https:\/\/www.europesays.com\/fr\/wp-json\/wp\/v2\/posts\/422228","targetHints":{"allow":["GET"]}}],"collection":[{"href":"https:\/\/www.europesays.com\/fr\/wp-json\/wp\/v2\/posts"}],"about":[{"href":"https:\/\/www.europesays.com\/fr\/wp-json\/wp\/v2\/types\/post"}],"author":[{"embeddable":true,"href":"https:\/\/www.europesays.com\/fr\/wp-json\/wp\/v2\/users\/2"}],"replies":[{"embeddable":true,"href":"https:\/\/www.europesays.com\/fr\/wp-json\/wp\/v2\/comments?post=422228"}],"version-history":[{"count":0,"href":"https:\/\/www.europesays.com\/fr\/wp-json\/wp\/v2\/posts\/422228\/revisions"}],"wp:featuredmedia":[{"embeddable":true,"href":"https:\/\/www.europesays.com\/fr\/wp-json\/wp\/v2\/media\/422229"}],"wp:attachment":[{"href":"https:\/\/www.europesays.com\/fr\/wp-json\/wp\/v2\/media?parent=422228"}],"wp:term":[{"taxonomy":"category","embeddable":true,"href":"https:\/\/www.europesays.com\/fr\/wp-json\/wp\/v2\/categories?post=422228"},{"taxonomy":"post_tag","embeddable":true,"href":"https:\/\/www.europesays.com\/fr\/wp-json\/wp\/v2\/tags?post=422228"}],"curies":[{"name":"wp","href":"https:\/\/api.w.org\/{rel}","templated":true}]}}