{"id":422230,"date":"2025-09-27T20:42:13","date_gmt":"2025-09-27T20:42:13","guid":{"rendered":"https:\/\/www.europesays.com\/fr\/422230\/"},"modified":"2025-09-27T20:42:13","modified_gmt":"2025-09-27T20:42:13","slug":"officiel-psg-un-joueur-a-lhopital-cest-termine","status":"publish","type":"post","link":"https:\/\/www.europesays.com\/fr\/422230\/","title":{"rendered":"Officiel &#8211; PSG : Un joueur \u00e0 l&rsquo;h\u00f4pital, c&rsquo;est termin\u00e9 !"},"content":{"rendered":"<p>                    Arthur Montagne<br \/>\n                        &#8211;<\/p>\n<p>Journaliste<\/p>\n<p>Affam\u00e9 de sport, il a grandi au son des moteurs de Formule 1 et des exploits de Ronaldinho. Aujourd\u2019hui, diplom\u00e9 d&rsquo;un Master de journalisme de sport, il ne rate plus un Grand Prix de F1 ni un match du PSG, ses deux passions et sp\u00e9cialit\u00e9s<\/p>\n<p class=\"heading\">A quelques jours du choc entre le FC Barcelone et le PSG, les deux \u00e9quipes font face \u00e0 une s\u00e9rie de blessures qui n&rsquo;en finit plus. Le club blaugrana vient d&rsquo;ailleurs d&rsquo;annoncer l&rsquo;op\u00e9ration de son gardien de but Joan Garcia qui sera absent entre 4 et 6 semaines. <\/p>\n<p>Mercredi soir, le <strong>FC Barcelone<\/strong> re\u00e7oit le <strong>PSG <\/strong>pour ce qui est le plus gros choc de ce d\u00e9but de saison. Cependant, ce match sera priv\u00e9 de plusieurs joueurs. C\u00f4t\u00e9 parisiens, <strong>Ousmane Demb\u00e9l\u00e9<\/strong> et <strong>Marquinhos <\/strong>sont d&rsquo;ores-et-d\u00e9j\u00e0 forfaits tandis que <strong>Joao Neves<\/strong> et <a href=\"https:\/\/le10sport.com\/football\/ligue1\/psg\/doue-yamal-la-grande-decision-de-benzema-759390\" target=\"_blank\" rel=\"noopener\">D\u00e9sir\u00e9 Dou\u00e9<\/a> sont incertains. Mais les Catalans ne sont pas en reste. En effet, malgr\u00e9 le retour de <strong>Lamine Yamal<\/strong>, <strong>Raphinha <\/strong>et <strong>Gavi <\/strong>seront absents, tout comme <strong>Joan Garcia<\/strong>.<\/p>\n<p>                                            Joan Garcia op\u00e9r\u00e9 juste avant le choc contre le PSG<\/p>\n<p>Le portier du <strong>Bar\u00e7a <\/strong>auteur d&rsquo;un tr\u00e8s bon d\u00e9but de saison, a m\u00eame \u00e9t\u00e9 op\u00e9r\u00e9 comme l&rsquo;a r\u00e9v\u00e9l\u00e9 le club blaugrana par le biais d&rsquo;un communiqu\u00e9 officiel : \u00ab Joan Garcia a \u00e9t\u00e9 op\u00e9r\u00e9 ce matin \u00e0 l&rsquo;h\u00f4pital de Barcelone pour une rupture du m\u00e9nisque interne du genou gauche. Le Dr Joan Carles Monllau lui a pratiqu\u00e9 une arthroscopie. Il est confirm\u00e9 que le temps de r\u00e9cup\u00e9ration sera compris entre 4 et 6 semaines, en fonction de l&rsquo;\u00e9volution \u00bb.<\/p>\n<p>                                            \u00abCe n&rsquo;est pas une bonne nouvelle de perdre Joan\u00bb<\/p>\n<p>Pr\u00e9sent en conf\u00e9rence de presse, <strong>Hansi Flick<\/strong> a d&rsquo;ailleurs reconnu qu&rsquo;il s&rsquo;agissait d&rsquo;une mauvaise nouvelle pour le <strong>FC Barcelone<\/strong>. \u00ab Ce n&rsquo;est pas une bonne nouvelle de perdre Joan, car il a fait un excellent travail. Tek est de retour et la saison derni\u00e8re, nous avons remport\u00e9 trois titres avec lui. C&rsquo;est un gardien et une personne formidable, je n&rsquo;ai aucun doute \u00e0 son sujet \u00bb, assure le coach du <strong>Bar\u00e7a <\/strong>devant les m\u00e9dias.<\/p>\n","protected":false},"excerpt":{"rendered":"Arthur Montagne &#8211; Journaliste Affam\u00e9 de sport, il a grandi au son des moteurs de Formule 1 et&hellip;\n","protected":false},"author":2,"featured_media":422231,"comment_status":"","ping_status":"","sticky":false,"template":"","format":"standard","meta":{"footnotes":""},"categories":[1412],"tags":[1451,1452,1453,1454,1455,1011,27,60],"class_list":{"0":"post-422230","1":"post","2":"type-post","3":"status-publish","4":"format-standard","5":"has-post-thumbnail","7":"category-f1","8":"tag-f1","9":"tag-formula-1","10":"tag-formula1","11":"tag-formule-1","12":"tag-formule1","13":"tag-fr","14":"tag-france","15":"tag-sports"},"share_on_mastodon":{"url":"https:\/\/pubeurope.com\/@fr\/115278206983574765","error":""},"_links":{"self":[{"href":"https:\/\/www.europesays.com\/fr\/wp-json\/wp\/v2\/posts\/422230","targetHints":{"allow":["GET"]}}],"collection":[{"href":"https:\/\/www.europesays.com\/fr\/wp-json\/wp\/v2\/posts"}],"about":[{"href":"https:\/\/www.europesays.com\/fr\/wp-json\/wp\/v2\/types\/post"}],"author":[{"embeddable":true,"href":"https:\/\/www.europesays.com\/fr\/wp-json\/wp\/v2\/users\/2"}],"replies":[{"embeddable":true,"href":"https:\/\/www.europesays.com\/fr\/wp-json\/wp\/v2\/comments?post=422230"}],"version-history":[{"count":0,"href":"https:\/\/www.europesays.com\/fr\/wp-json\/wp\/v2\/posts\/422230\/revisions"}],"wp:featuredmedia":[{"embeddable":true,"href":"https:\/\/www.europesays.com\/fr\/wp-json\/wp\/v2\/media\/422231"}],"wp:attachment":[{"href":"https:\/\/www.europesays.com\/fr\/wp-json\/wp\/v2\/media?parent=422230"}],"wp:term":[{"taxonomy":"category","embeddable":true,"href":"https:\/\/www.europesays.com\/fr\/wp-json\/wp\/v2\/categories?post=422230"},{"taxonomy":"post_tag","embeddable":true,"href":"https:\/\/www.europesays.com\/fr\/wp-json\/wp\/v2\/tags?post=422230"}],"curies":[{"name":"wp","href":"https:\/\/api.w.org\/{rel}","templated":true}]}}