{"id":422235,"date":"2025-09-27T20:45:14","date_gmt":"2025-09-27T20:45:14","guid":{"rendered":"https:\/\/www.europesays.com\/fr\/422235\/"},"modified":"2025-09-27T20:45:14","modified_gmt":"2025-09-27T20:45:14","slug":"elle-devoile-le-visage-de","status":"publish","type":"post","link":"https:\/\/www.europesays.com\/fr\/422235\/","title":{"rendered":"elle d\u00e9voile le visage de &#8230;"},"content":{"rendered":"<p>EN BREF<\/p>\n<ul class=\"bloc_resume_post_list\">\n<li>Depuis janvier, Tatiana Silva, pr\u00e9sentatrice m\u00e9t\u00e9o de<br \/>\nTF1, d\u00e9couvre la maternit\u00e9 avec son fils June.<\/li>\n<li>Le 25 septembre, Tatiana Silva publie pour la premi\u00e8re<br \/>\nfois une photo du visage de son fils.<\/li>\n<li>L\u2019animatrice de TF1 partage un message universel sur<br \/>\nl\u00a0\u00bbimportance de la douceur et de la patience envers les<br \/>\nenfants.<\/li>\n<\/ul>\n<p>Depuis janvier dernier, <a href=\"https:\/\/www.telestar.fr\/people\/tatiana-silva-maman-la-star-de-la-meteo-de-tf1-a-perdu-enormement-de-cheveux-elle-publie-une-photo-deconcertante-1737729\" target=\"_blank\" rel=\"noopener\"><br \/>\nTatiana Silva<\/a> d\u00e9couvre les <strong>joies<\/strong> mais aussi<br \/>\nles <strong>difficult\u00e9s<\/strong> de la <strong>maternit\u00e9<\/strong>.<br \/>\nLa pr\u00e9sentatrice m\u00e9t\u00e9o de TF1, prot\u00e9g\u00e9e d\u2019<a href=\"https:\/\/www.telestar.fr\/actu_tv\/evelyne-dheliat-ca-ne-depend-pas-que-son-futur-sur-tf1-1732992\" target=\"_blank\" rel=\"noopener\">\u00c9velyne<br \/>\nDh\u00e9liat<\/a>, est devenue maman d\u2019un <a href=\"https:\/\/www.telestar.fr\/people\/tatiana-silva-maman-elle-annonce-la-nouvelle-avec-une-photo-touchante-anne-claire-coudray-devoile-le-prenom-1706849\" target=\"_blank\" rel=\"noopener\"><br \/>\npetit gar\u00e7on, June<\/a>, avec qui elle partage d\u00e9sormais une<br \/>\nrelation <strong>fusionnelle<\/strong>. Tr\u00e8s active sur<br \/>\nInstagram, elle publie r\u00e9guli\u00e8rement des<br \/>\n<strong>moments<\/strong> de son quotidien, livrant sans filtre les<br \/>\n<strong>\u00e9motions<\/strong> li\u00e9es \u00e0 cette nouvelle vie.<\/p>\n<p>Le <strong>retour au travail<\/strong> n\u2019a pas \u00e9t\u00e9 \u00e9vident pour<br \/>\nla jeune maman. Elle s\u2019\u00e9tait confi\u00e9e \u00e0 ce sujet en juin dernier.<br \/>\n\u2018\u2018Tous les jours, quand j\u2019\u00e9tais au travail, \u00e9videmment, je<br \/>\ntentais de garder mon centre, de <strong>rester dans une bonne<br \/>\n\u00e9nergie pour moi et mon b\u00e9b\u00e9, mais je pensais beaucoup \u00e0<br \/>\nlui<\/strong>.\u201d D\u00e9sormais, chaque moment pass\u00e9 aupr\u00e8s de son<br \/>\nfils est un instant <strong>pr\u00e9cieux<\/strong> qu\u2019elle n\u2019h\u00e9site pas<br \/>\n\u00e0 immortaliser.<\/p>\n<blockquote class=\"instagram-media\" style=\"background: #ffffff;border: 0;margin: 1px;width: 100%;padding: 0;max-width: 500px;\" data-instgrm-permalink=\"https:\/\/www.instagram.com\/p\/DPCcRU6DlfP\/?igsh=MW56ZnprNzhteDc3Zg==\" data-instgrm-version=\"14\"\/><p>\nTatiana Silva publie une premi\u00e8re photo du visage de son<br \/>\nfils<\/p>\n<p>Ce jeudi 25 septembre, <a href=\"https:\/\/www.telestar.fr\/people\/tatiana-silva-enceinte-robe-fendue-dentelle-noire-transparente-la-miss-meteo-sublime-son-baby-bump-a-lelysee-photos-1694624\" target=\"_blank\" rel=\"noopener\"><br \/>\nl\u2019animatrice Tatiana Silva<\/a> a franchi un cap en partageant pour<br \/>\nla <strong>premi\u00e8re fois le visage,<\/strong> \u00e0 trois-quarts<br \/>\nd\u00e9couvert, de son fils <strong>June<\/strong>. Sur une photo en noir<br \/>\net blanc, on la voit <strong>serrer tendrement son b\u00e9b\u00e9<\/strong><br \/>\ncontre elle. En l\u00e9gende, <a href=\"https:\/\/www.telestar.fr\/people\/tatiana-silva-dordinaire-discrete-elle-sepanche-sur-son-compagnon-et-pere-de-son-fils-1723580\" target=\"_blank\" rel=\"noopener\"><br \/>\nl\u2019animatrice de TF1<\/a> a \u00e9crit un simple mais puissant message :<br \/>\n\u2018\u201825.09.25. <strong>Un ange \u00e0 mes c\u00f4t\u00e9s\u2026<\/strong>\u201d<\/p>\n<p>Quelques heures plus t\u00f4t, elle avait confi\u00e9 que son fils<br \/>\ntraversait une p\u00e9riode <strong>d\u00e9licate<\/strong>. \u2018\u2018Il a un<br \/>\n<strong>rhume<\/strong> donc c\u2019est <strong>compliqu\u00e9<\/strong> pour<br \/>\nlui de s\u2019endormir au sein. Du coup, il <strong>chante<\/strong> pour<br \/>\n<strong>s\u2019auto-bercer et se calmer<\/strong>.\u201d Dans la foul\u00e9e,<br \/>\nelle a rappel\u00e9 \u00e0 sa communaut\u00e9 l\u2019importance de la douceur.<br \/>\n\u2018\u2018Pas toujours \u00e9vident ces jours o\u00f9 il est plus<br \/>\n<strong>difficile<\/strong>, rappelons-nous que son<br \/>\n<strong>inconfort est plus grand que le n\u00f4tre<\/strong>.<br \/>\n<strong>Soyons doux, patient et plein d\u2019amour<\/strong>.\u201d<\/p>\n<p>Une maman engag\u00e9e et inspirante<\/p>\n<p>Cette s\u00e9quence touchante t\u00e9moigne une nouvelle fois de<br \/>\n<strong>l\u2019implication totale de Tatiana Silva<\/strong> dans son<br \/>\nr\u00f4le de maman. Ses abonn\u00e9s, habitu\u00e9s \u00e0 ses r\u00e9flexions<br \/>\n<strong>bienveillantes<\/strong>, voient en elle une figure<br \/>\n<strong>rassurante et inspirante<\/strong>. Dans une autre vid\u00e9o<br \/>\npubli\u00e9e le m\u00eame jour, on peut entendre son <strong>b\u00e9b\u00e9 blotti<br \/>\ncontre elle.<\/strong> Ce dernier poussait de petits<br \/>\n<strong>cris<\/strong>, preuve d\u2019une <strong>complicit\u00e9<\/strong><br \/>\nind\u00e9fectible.<\/p>\n<p>Avec cette premi\u00e8re apparition du petit June, Tatiana Silva a<br \/>\noffert \u00e0 ses fans un moment <strong>rare et \u00e9mouvant<\/strong>. Mais<br \/>\nelle a surtout livr\u00e9 un message universel aux jeunes parents :<br \/>\n\u2018\u2018Soyons <strong>doux, patient et plein<br \/>\nd\u2019amour.<\/strong>\u201d<\/p>\n<p><script async src=\"\/\/www.instagram.com\/embed.js\"><\/script><\/p>\n","protected":false},"excerpt":{"rendered":"EN BREF Depuis janvier, Tatiana Silva, pr\u00e9sentatrice m\u00e9t\u00e9o de TF1, d\u00e9couvre la maternit\u00e9 avec son fils June. Le&hellip;\n","protected":false},"author":2,"featured_media":422236,"comment_status":"","ping_status":"","sticky":false,"template":"","format":"standard","meta":{"footnotes":""},"categories":[1359],"tags":[548,58,59,1011,27,973,31096],"class_list":{"0":"post-422235","1":"post","2":"type-post","3":"status-publish","4":"format-standard","5":"has-post-thumbnail","7":"category-people","8":"tag-article-simple","9":"tag-divertissement","10":"tag-entertainment","11":"tag-fr","12":"tag-france","13":"tag-people","14":"tag-tatiana-silva"},"share_on_mastodon":{"url":"https:\/\/pubeurope.com\/@fr\/115278218893147379","error":""},"_links":{"self":[{"href":"https:\/\/www.europesays.com\/fr\/wp-json\/wp\/v2\/posts\/422235","targetHints":{"allow":["GET"]}}],"collection":[{"href":"https:\/\/www.europesays.com\/fr\/wp-json\/wp\/v2\/posts"}],"about":[{"href":"https:\/\/www.europesays.com\/fr\/wp-json\/wp\/v2\/types\/post"}],"author":[{"embeddable":true,"href":"https:\/\/www.europesays.com\/fr\/wp-json\/wp\/v2\/users\/2"}],"replies":[{"embeddable":true,"href":"https:\/\/www.europesays.com\/fr\/wp-json\/wp\/v2\/comments?post=422235"}],"version-history":[{"count":0,"href":"https:\/\/www.europesays.com\/fr\/wp-json\/wp\/v2\/posts\/422235\/revisions"}],"wp:featuredmedia":[{"embeddable":true,"href":"https:\/\/www.europesays.com\/fr\/wp-json\/wp\/v2\/media\/422236"}],"wp:attachment":[{"href":"https:\/\/www.europesays.com\/fr\/wp-json\/wp\/v2\/media?parent=422235"}],"wp:term":[{"taxonomy":"category","embeddable":true,"href":"https:\/\/www.europesays.com\/fr\/wp-json\/wp\/v2\/categories?post=422235"},{"taxonomy":"post_tag","embeddable":true,"href":"https:\/\/www.europesays.com\/fr\/wp-json\/wp\/v2\/tags?post=422235"}],"curies":[{"name":"wp","href":"https:\/\/api.w.org\/{rel}","templated":true}]}}