{"id":422252,"date":"2025-09-27T20:54:22","date_gmt":"2025-09-27T20:54:22","guid":{"rendered":"https:\/\/www.europesays.com\/fr\/422252\/"},"modified":"2025-09-27T20:54:22","modified_gmt":"2025-09-27T20:54:22","slug":"jai-casse-ma-tv-hisense-avec-une-mise-jour-mais-reddit-ma-sauve-la-vie","status":"publish","type":"post","link":"https:\/\/www.europesays.com\/fr\/422252\/","title":{"rendered":"J\u2019ai cass\u00e9 ma TV Hisense avec une mise jour, mais Reddit m\u2019a sauv\u00e9 la vie"},"content":{"rendered":"<p>Dans une m\u00e9saventure estivale, mon t\u00e9l\u00e9viseur 4K Hisense a soudainement perdu tout son attrait suite \u00e0 une malencontreuse mise \u00e0 jour. Un simple recherche Reddit m\u2019a heureusement offert la solution, et convaincu de changer certaines habitudes.<\/p>\n<p><a href=\"https:\/\/images.frandroid.com\/wp-content\/uploads\/2025\/09\/panne-hisense-3.jpg\" target=\"_blank\" class=\"article-content__figure\" rel=\"nofollow noopener\"><img fetchpriority=\"high\" decoding=\"async\" loading=\"eager\" width=\"1200\" height=\"675\" src=\"https:\/\/www.europesays.com\/fr\/wp-content\/uploads\/2025\/09\/panne-hisense-3.jpg\" alt=\"\" class=\"wp-image-2809943 wp-image wp-image\"  \/><\/a>Illustration Frandroid<\/p>\n<p>J\u2019ai un probl\u00e8me avec les mises \u00e0 jour : j\u2019en suis beaucoup trop friand. Qu\u2019il s\u2019agisse des mises \u00e0 jour de mes applications, sur <a href=\"https:\/\/www.frandroid.com\/guide-dachat\/689411_guide-meilleurs-pc-portables-gamer\" rel=\"nofollow noopener\" target=\"_blank\">PC<\/a> ou <a href=\"https:\/\/www.frandroid.com\/guide-dachat\/smartphones\/332196_10-smartphones-attendus-debut-2016\" rel=\"nofollow noopener\" target=\"_blank\">smartphone<\/a>, de mes pilotes ou simplement des OS de mes appareils, je suis bien trop pointilleux sur la question.<\/p>\n<p>Appelez \u00e7a un TOC ou une simple manie, mais tous mes appareils doivent totalement \u00eatre \u00e0 jour, peu importe si je les utilise r\u00e9guli\u00e8rement ou non. C\u2019est une vie bien triste pour certains ou une contrainte molle pour d\u2019autres, mais c\u2019est la vie que je n\u2019ai peut-\u00eatre pas choisie de mener.<\/p>\n<p>Ai-je un r\u00e9el b\u00e9n\u00e9fice \u00e0 exiger une telle \u00ab fraicheur \u00bb au sein de tout mon \u00e9cosyst\u00e8me mat\u00e9riel ? Cela serait sans doute une question \u00e0 poser \u00e0 mon psy. Mais cette manie (appelons l\u00e0 comme \u00e7a) n\u2019est bas\u00e9e sur aucune certitude, conviction ou analyse, elle n\u2019est donc pas une panac\u00e9e \u00e0 la maintenance de mon parc informatique.<\/p>\n<p><a href=\"https:\/\/images.frandroid.com\/wp-content\/uploads\/2025\/09\/mise-a-jour.jpeg\" target=\"_blank\" class=\"article-content__figure\" rel=\"nofollow noopener\"><img loading=\"lazy\" decoding=\"async\" width=\"1200\" height=\"900\" src=\"https:\/\/www.europesays.com\/fr\/wp-content\/uploads\/2025\/09\/mise-a-jour-1200x900.jpeg\" alt=\"\" class=\"wp-image-2809847 wp-image\"  \/><\/a><a href=\"https:\/\/unsplash.com\/fr\/photos\/ordinateur-portable-noir-et-blanc--jCY4oEMA3o\" rel=\"nofollow noopener\" target=\"_blank\">Source : Photo de Clint Patterson sur Unsplash<\/a><\/p>\n<p>C\u2019est d\u2019autant plus vrai qu\u2019il n\u2019est pas conseill\u00e9 de mettre \u00e0 jour tous ses appareils constamment, car cela signifierait une confiance aveugle dans leurs constructeurs. Or, bon nombre de mises \u00e0 jour, y compris par les plus grandes entreprises de la tech, peuvent susciter des bugs, dysfonctionnements et autres soucis de performance.<\/p>\n<p>Cela m\u2019est arriv\u00e9 tr\u00e8s r\u00e9cemment avec mon <a href=\"https:\/\/www.frandroid.com\/guide-dachat\/guides-dachat-tv\/508152_quelle-television-4k-choisir-la-selection-de-la-redaction\" rel=\"nofollow noopener\" target=\"_blank\">t\u00e9l\u00e9viseur<\/a> Hisense U8K, achet\u00e9 en juillet 2023. La version europ\u00e9enne de ce mod\u00e8le embarque l\u2019OS maison de la marque, \u00e0 savoir <a href=\"https:\/\/www.frandroid.com\/marques\/hisense\/2456532_hisense-vidaa-rubriques-parametres-fonctions-tout-savoir-sur-le-systeme-pour-tv-et-videoprojecteurs#:~:text=Baptis%C3%A9%20Vidaa%2C%20c&#039;est%20une,les%20d%C3%A9tails%20de%20ce%20syst%C3%A8me.&amp;text=Vidaa%20OS%2C%20le%20syst%C3%A8me%20d,simple%20et%20des%20fonctionnalit%C3%A9s%20pertinentes.\" rel=\"nofollow noopener\" target=\"_blank\">Vidaa<\/a>. Mais celui-ci n\u2019avait pas re\u00e7u de mises \u00e0 jour depuis pr\u00e8s d\u2019un an. Je dois l\u2019avouer, je v\u00e9rifiais toutes les semaines si Hisense avait pouss\u00e9 un nouveau firmware alors que les Am\u00e9ricains, qui b\u00e9n\u00e9ficient de Google TV, se vantaient de recevoir des nouvelles versions du syst\u00e8me.<\/p>\n<p>Mais tout a chang\u00e9 il y a pr\u00e8s de deux mois, 23 juillet dernier tr\u00e8s exactement, lorsque Hisense a d\u00e9ploy\u00e9 un nouveau firmware pour tous les t\u00e9l\u00e9viseurs milieu de gamme \u00e9quip\u00e9s de Vidaa. Pour le meilleur, mais aussi pour le pire.<\/p>\n<p>La mise \u00e0 jour Hisense maudite<\/p>\n<p>La mise \u00e0 jour en question, nom de code P0603, \u00e9tait cens\u00e9e apporter plusieurs nouveaut\u00e9s bienvenues : un rafra\u00eechissement de l\u2019interface d\u2019accueil Vidaa, un nouveau mode d\u2019\u00e9conomie d\u2019\u00e9nergie pour le t\u00e9l\u00e9viseur ou encore de nouveaux param\u00e8tres audio.<\/p>\n<p>Apr\u00e8s avoir effectu\u00e9 la mise \u00e0 jour, je sentais mon existence s\u2019am\u00e9liorer lors du d\u00e9filement du pourcentage de compl\u00e9tion. Oui, quelle tristesse. Mais apr\u00e8s le premier \u00e9merveillement de la nouveaut\u00e9, place au d\u00e9senchantement.<\/p>\n<p>J\u2019utilise mon t\u00e9l\u00e9viseur pour trois cas d\u2019usage pas si diff\u00e9rents : <a href=\"https:\/\/www.frandroid.com\/culture-tech\/691740_quelle-est-la-meilleure-plateforme-de-streaming-entre-netflix-disney-ocs-mycanal-apple-tv-comparatif\" rel=\"nofollow noopener\" target=\"_blank\">le streaming<\/a> via les applications int\u00e9gr\u00e9es (YouTube, Netflix, myCanal), le jeu et la lecture de Blu-ray 4K sur PS5 et tout \u00e7a en m\u00eame temps via mon PC branch\u00e9 en HDMI.<\/p>\n<p>J\u2019ai tr\u00e8s vite remarqu\u00e9 \u00e0 la lecture de contenus HDR que les noirs \u00e9taient rehauss\u00e9s en mode Jeu, que ce soit sur mon PC ou sur <a href=\"https:\/\/www.frandroid.com\/marques\/sony\/2399680_test-de-la-ps5-pro\" data-type=\"post\" data-id=\"2399680\" rel=\"nofollow noopener\" target=\"_blank\">PS5<\/a>. En v\u00e9rifiant les r\u00e9glages de local dimming, celui-ci \u00e9tait bien r\u00e9gl\u00e9 sur \u00ab\u00a0Haut\u00a0\u00bb, mais la valeur du noir \u00e9tait bien celle du r\u00e9glage \u00ab\u00a0Bas\u00a0\u00bb lorsque la source envoyait un signal HDR. J\u2019ai d\u2019abord cru \u00e0 un mauvais r\u00e9glage de ma part ou bien \u00e0 un nouveau param\u00e8tre qui m\u2019\u00e9chappait. Les implications sont nombreuses : il n\u2019\u00e9tait alors plus possible d\u2019activer le mode 120 Hz ainsi que le VRR (taux de rafra\u00eechissement variable) sans d\u00e9sactiver le local dimming.<\/p>\n<p><a href=\"https:\/\/images.frandroid.com\/wp-content\/uploads\/2025\/09\/hisense-u8k-lotr.jpeg\" target=\"_blank\" class=\"article-content__figure\" rel=\"nofollow noopener\"><img loading=\"lazy\" decoding=\"async\" width=\"1200\" height=\"900\" src=\"https:\/\/www.europesays.com\/fr\/wp-content\/uploads\/2025\/09\/hisense-u8k-lotr-1200x900.jpeg\" alt=\"\" class=\"wp-image-2809701 wp-image\"  \/><\/a>Heureusement, les applications de streaming n\u2019\u00e9taient pas touch\u00e9s, ici Prime Video en Dolby Vision \/\/ Source : Hugo Clery pour Frandroid<\/p>\n<p>C\u2019est pourtant la grande force des dalles <a href=\"https:\/\/www.frandroid.com\/produits-android\/hardware\/affichage\/659170_microled-mini-led-direct-led-full-led-quelles-sont-les-differences-avec-loled\" rel=\"nofollow noopener\" target=\"_blank\">Mini-Led<\/a> : des petites zones de r\u00e9tro\u00e9clairages qui s\u2019activent ou se d\u00e9sactivent selon le contenu affich\u00e9 \u00e0 l\u2019\u00e9cran pour afficher des noirs profonds et des zones claires \u00e9clatantes en minimisant les effets de blooming (halo autour des \u00e9l\u00e9ments lumineux).<\/p>\n<p>J\u2019ai ensuite remarqu\u00e9 un autre probl\u00e8me, li\u00e9 cette fois \u00e0 la connexion \u00e0 mes diff\u00e9rentes consoles. La fonctionnalit\u00e9 HDMI CEC, qui permet \u00e0 vos appareils d\u2019allumer votre t\u00e9l\u00e9viseur et de vous trouver directement sur la bonne source HDMI. L\u2019option \u00e9tait bien activ\u00e9e au sein des param\u00e8tres Vidaa ainsi que sur ma PS5 et ma Nintendo Switch, mais le t\u00e9l\u00e9viseur ne daignait plus s\u2019allumer.<\/p>\n<p><a href=\"https:\/\/images.frandroid.com\/wp-content\/uploads\/2025\/09\/hisense-u8k-chat-resized.jpeg\" target=\"_blank\" class=\"article-content__figure\" rel=\"nofollow noopener\"><img loading=\"lazy\" decoding=\"async\" width=\"1200\" height=\"900\" src=\"https:\/\/www.europesays.com\/fr\/wp-content\/uploads\/2025\/09\/hisense-u8k-chat-resized-1200x900.jpeg\" alt=\"\" class=\"wp-image-2809711 wp-image\"  \/><\/a>Rien \u00e0 signaler sur les diff\u00e9rentes d\u00e9mos HDR en streaming, le souci venait bien du mode Jeu \/\/ Source : Hugo Clery pour Frandroid<\/p>\n<p>Apr\u00e8s de nombreuses minutes d\u2019auto-diagnostic, de plusieurs r\u00e9initialisations d\u2019usine, la conclusion s\u2019est impos\u00e9e \u00e0 moi : il y avait bien un probl\u00e8me avec mon t\u00e9l\u00e9viseur, et il est d\u00fb \u00e0 la mise \u00e0 jour. Et c\u2019est bien simple : sans local dimming, vous perdez tout l\u2019int\u00e9r\u00eat d\u2019une technologie comme le Mini-Led et revenez \u00e0 l\u2019\u00e2ge du LCD LED classique.<\/p>\n<p>Je me demandais alors comment r\u00e9soudre le souci par moi-m\u00eame, sachant que le support de Hisense ne me serait pas d\u2019une grande aide avec ses messages automatis\u00e9s m\u2019incitant \u00e0 r\u00e9initialiser l\u2019appareil. Mais comme bien souvent par le pass\u00e9, Reddit va me mettre sur la voie.<\/p>\n<p>Un downgrade facilit\u00e9<\/p>\n<p>Je me suis rendu sur <a href=\"https:\/\/www.reddit.com\/r\/Hisense\/\" target=\"_blank\" rel=\"nofollow noopener\">le subreddit r\/Hisense<\/a> pour v\u00e9rifier si je n\u2019hallucinais pas mon exp\u00e9rience. Et tr\u00e8s vite, je fus confort\u00e9 dans mes observations, car de nombreux posts sur la page d\u2019accueil mentionnaient <a target=\"_blank\" href=\"https:\/\/www.reddit.com\/r\/Hisense\/comments\/1m7yxdc\/u8k_firmware_p0603_issues_washedout_blacks_broken\/\" rel=\"nofollow noopener\">des soucis avec le dernier firmware propos\u00e9 aux utilisateurs europ\u00e9ens<\/a>. Je reconnaissais alors les diff\u00e9rents sympt\u00f4mes de cette mise \u00e0 jour maudite, mais le principal \u00e9tait bien l\u2019absence de local dimming en mode jeu, que ce soit sur PC ou console.<\/p>\n<p>Et l\u00e0, une information cruciale est \u00e9voqu\u00e9e par l\u2019un des utilisateurs en commentaire : il est possible de downgrader, \u00e0 savoir de repasser sur une ancienne version du syst\u00e8me. Il faut bien avouer que c\u2019est la seule chose que je n\u2019avais pas test\u00e9e : t\u00e9l\u00e9charger l\u2019un des pr\u00e9c\u00e9dents firmwares pour tenter de restaurer mon t\u00e9l\u00e9viseur sur l\u2019ancienne version. Sauf que la proc\u00e9dure est en r\u00e9alit\u00e9 plus compliqu\u00e9e que ce que l\u2019intuition aurait pu me sugg\u00e9rer.<\/p>\n<p><a target=\"_blank\" href=\"https:\/\/www.europesays.com\/fr\/wp-content\/uploads\/2025\/09\/hisense-maj-panne.jpg\" class=\"article-content__figure\"><img loading=\"lazy\" decoding=\"async\" width=\"1080\" height=\"1080\" src=\"https:\/\/www.europesays.com\/fr\/wp-content\/uploads\/2025\/09\/hisense-maj-panne.jpg\" alt=\"\" class=\"wp-image-2810209 wp-image\"  \/><\/a>La fameuse mise \u00e0 jour Hisense P0603 incrimin\u00e9e, propos\u00e9e depuis cet \u00e9t\u00e9. \/\/ Source : Rakenzy<\/p>\n<p>Je ne pensais pas que Hisense rendrait l\u2019op\u00e9ration possible, elle ne l\u2019est g\u00e9n\u00e9ralement pas sur ce type de syst\u00e8me ferm\u00e9 (au hasard, iOS). La marque se garde bien de le pr\u00e9ciser et les diff\u00e9rentes r\u00e9ponses du service client aux diff\u00e9rents utilisateurs ne le mentionnaient pas.<\/p>\n<p>En continuant mes recherches, je suis tomb\u00e9 sur ce post focalis\u00e9 sur mon mod\u00e8le de TV (le Hisense U8K) avec un lien Google Drive pour t\u00e9l\u00e9charger n\u2019importe quelle pr\u00e9c\u00e9dente version du firmware Vidaa. L\u2019utilisateur, DaleAlanC, pr\u00e9cisait alors la marche \u00e0 suivre pour cet inesp\u00e9r\u00e9 downgrade. <\/p>\n<p>                Ce contenu est bloqu\u00e9 car vous n\u2019avez pas accept\u00e9 les cookies et autres traceurs. Ce contenu est fourni par Reddit.<br \/>Pour pouvoir le visualiser, vous devez accepter l\u2019usage \u00e9tant op\u00e9r\u00e9 par Reddit avec vos donn\u00e9es qui pourront \u00eatre utilis\u00e9es pour les finalit\u00e9s suivantes : vous permettre de visualiser et de partager des contenus avec des m\u00e9dias sociaux, favoriser le d\u00e9veloppement et l\u2019am\u00e9lioration des produits d\u2019Humanoid et de ses partenaires, vous afficher des publicit\u00e9s personnalis\u00e9es par rapport \u00e0 votre profil et activit\u00e9, vous d\u00e9finir un profil publicitaire personnalis\u00e9, mesurer la performance des publicit\u00e9s et du contenu de ce site et mesurer l\u2019audience de ce site <a href=\"#\" class=\"js-privacy\" target=\"_blank\">(en savoir plus)<\/a>            <\/p>\n<p>                En cliquant sur \u00ab J\u2019accepte tout \u00bb, vous consentez aux finalit\u00e9s susmentionn\u00e9es pour l\u2019ensemble des cookies et autres traceurs d\u00e9pos\u00e9s par Humanoid et <a class=\"embed-consent-overlay-vendors-link\" href=\"#preferences-vendeurs\">ses partenaires<\/a>.            <\/p>\n<p>                Vous gardez la possibilit\u00e9 de retirer votre consentement \u00e0 tout moment. Pour plus d\u2019informations, nous vous invitons \u00e0 prendre connaissance de notre <a href=\"https:\/\/www.frandroid.com\/politique-cookies\" rel=\"nofollow noopener\" target=\"_blank\">Politique cookies<\/a>.            <\/p>\n<p>            J\u2019accepte tout        <\/p>\n<p class=\"embed-consent-overlay-manage-choices\">            <a href=\"#preferences-publicitaires\">G\u00e9rer mes choix<\/a>        <\/p>\n<p>Apr\u00e8s avoir t\u00e9l\u00e9charg\u00e9 le fichier du firmware, il \u00e9tait alors n\u00e9cessaire de le renommer en \u00ab\u00a0Forcedupgrade_001.bin\u00a0\u00bb avant de le copier sur une cl\u00e9 USB. \u00c0 l\u2019insertion de la cl\u00e9 dans le t\u00e9l\u00e9viseur, Vidaa me propose directement la mise \u00e0 jour.<\/p>\n<p>Une fois la proc\u00e9dure termin\u00e9e, et une r\u00e9initialisation du syst\u00e8me effectu\u00e9, tout \u00e9tait rentr\u00e9 dans l\u2019ordre. Cette technique, je vais le d\u00e9couvrir, est en r\u00e9alit\u00e9 connue des utilisateurs des forums sp\u00e9cialis\u00e9s comme AVForum, AVSForum ou m\u00eame TechPowerUp. Mais c\u2019est bien Reddit qui m\u2019a grandement facilit\u00e9 la vie, il faut l\u2019avouer.<\/p>\n<p>Une morale moderne<\/p>\n<p>Derri\u00e8re ce sous-titre un brin pr\u00e9tentieux se cache une \u00e9piphanie personnelle, une \u00e9vidence pour beaucoup de gens : les mises \u00e0 jour ne sont pas toujours une bonne nouvelle. Et \u00e7a, il en fallait des ann\u00e9es de bidouillage, de correction de bugs, de recherche sur Reddit, les forums Windows, TechPowerUp, Overclock, XDA et m\u00eame Frandroid (\u00e0 l\u2019\u00e9poque) pour m\u2019en rendre compte.<\/p>\n<p>J\u2019ai essuy\u00e9 de tr\u00e8s nombreuses gal\u00e8res dues \u00e0 des mises \u00e0 jour, parfois dues \u00e0 des versions b\u00eata inabouties, mais aussi tr\u00e8s souvent sur des versions finales mises \u00e0 disposition du public. C\u2019est tr\u00e8s souvent le cas de Windows dans son ensemble, mais \u00e9galement des pilotes pour cartes graphiques par exemple.<\/p>\n<p>L\u2019exemple de mon t\u00e9l\u00e9viseur Hisense repr\u00e9sente une erreur assez catastrophique \u00e0 mon sens, puisqu\u2019elle rend caduque toute une technologie \u00e0 cause d\u2019une simple mise \u00e0 jour. Connaissant le constructeur, une nouvelle mise \u00e0 jour ne sera pas propos\u00e9e de sit\u00f4t et de nombreux utilisateurs seront laiss\u00e9s sur le carreau. \u00c0 moins qu\u2019ils tombent sur cet article, et c\u2019est tout ce que je leur souhaite.<\/p>\n","protected":false},"excerpt":{"rendered":"Dans une m\u00e9saventure estivale, mon t\u00e9l\u00e9viseur 4K Hisense a soudainement perdu tout son attrait suite \u00e0 une malencontreuse&hellip;\n","protected":false},"author":2,"featured_media":422253,"comment_status":"","ping_status":"","sticky":false,"template":"","format":"standard","meta":{"footnotes":""},"categories":[7],"tags":[1011,27,43,40,41,39,42,44],"class_list":{"0":"post-422252","1":"post","2":"type-post","3":"status-publish","4":"format-standard","5":"has-post-thumbnail","7":"category-sciences-et-technologies","8":"tag-fr","9":"tag-france","10":"tag-science","11":"tag-science-and-technology","12":"tag-sciences","13":"tag-sciences-et-technologies","14":"tag-technologies","15":"tag-technology"},"share_on_mastodon":{"url":"https:\/\/pubeurope.com\/@fr\/115278254402848171","error":""},"_links":{"self":[{"href":"https:\/\/www.europesays.com\/fr\/wp-json\/wp\/v2\/posts\/422252","targetHints":{"allow":["GET"]}}],"collection":[{"href":"https:\/\/www.europesays.com\/fr\/wp-json\/wp\/v2\/posts"}],"about":[{"href":"https:\/\/www.europesays.com\/fr\/wp-json\/wp\/v2\/types\/post"}],"author":[{"embeddable":true,"href":"https:\/\/www.europesays.com\/fr\/wp-json\/wp\/v2\/users\/2"}],"replies":[{"embeddable":true,"href":"https:\/\/www.europesays.com\/fr\/wp-json\/wp\/v2\/comments?post=422252"}],"version-history":[{"count":0,"href":"https:\/\/www.europesays.com\/fr\/wp-json\/wp\/v2\/posts\/422252\/revisions"}],"wp:featuredmedia":[{"embeddable":true,"href":"https:\/\/www.europesays.com\/fr\/wp-json\/wp\/v2\/media\/422253"}],"wp:attachment":[{"href":"https:\/\/www.europesays.com\/fr\/wp-json\/wp\/v2\/media?parent=422252"}],"wp:term":[{"taxonomy":"category","embeddable":true,"href":"https:\/\/www.europesays.com\/fr\/wp-json\/wp\/v2\/categories?post=422252"},{"taxonomy":"post_tag","embeddable":true,"href":"https:\/\/www.europesays.com\/fr\/wp-json\/wp\/v2\/tags?post=422252"}],"curies":[{"name":"wp","href":"https:\/\/api.w.org\/{rel}","templated":true}]}}