{"id":422256,"date":"2025-09-27T20:56:12","date_gmt":"2025-09-27T20:56:12","guid":{"rendered":"https:\/\/www.europesays.com\/fr\/422256\/"},"modified":"2025-09-27T20:56:12","modified_gmt":"2025-09-27T20:56:12","slug":"a-portland-donald-trump-seme-la-confusion-et-linquietude-avec-son-deploiement-de-troupes","status":"publish","type":"post","link":"https:\/\/www.europesays.com\/fr\/422256\/","title":{"rendered":"\u00c0 Portland, Donald Trump s\u00e8me la confusion et l\u2019inqui\u00e9tude avec son d\u00e9ploiement de troupes"},"content":{"rendered":"<p>        <img decoding=\"async\" loading=\"lazy\" src=\"https:\/\/www.europesays.com\/fr\/wp-content\/uploads\/2025\/09\/b40b83c_upload-1-4h4kqr8g4gue-afp-20250927-aa-27092025-2441686-v1-highres-demonstratorsrallyagainstd.jpeg\"  width=\"728\" height=\"409\" alt=\"Photo d\u2019illustration d\u2019un membre de l\u2019ICE, la police de l\u2019immigration am\u00e9ricaine que Donald Trump souhaite visiblement d\u00e9fendre \u00e0 Portland en d\u00e9ployant un maximum de forces arm\u00e9es dans la ville de l\u2019Oregon.\"\/>  <\/p>\n<p>JACEK BOCZARSKI \/ Anadolu via AFP<\/p>\n<p>Photo d\u2019illustration d\u2019un membre de l\u2019ICE, la police de l\u2019immigration am\u00e9ricaine que Donald Trump souhaite visiblement d\u00e9fendre \u00e0 Portland en d\u00e9ployant un maximum de forces arm\u00e9es dans la ville de l\u2019Oregon.<\/p>\n<p class=\"asset asset-text\">INTERNATIONAL &#8211; Une grande confusion r\u00e8gne autour de la ville de Portland, aux \u00c9tats-Unis. Une situation qui trouve son point de d\u00e9part dans la d\u00e9claration faite ce samedi 27\u00a0septembre par le<a href=\"https:\/\/www.huffingtonpost.fr\/international\/article\/apres-james-comey-donald-trump-a-deja-d-autres-betes-noires-dans-le-viseur_255311.html\" target=\"_blank\" rel=\"noopener\"> pr\u00e9sident am\u00e9ricain Donald Trump<\/a>, lorsqu\u2019il a ordonn\u00e9 le d\u00e9ploiement de troupes dans une quatri\u00e8me ville d\u00e9mocrate depuis son retour au pouvoir.<\/p>\n<p class=\"asset asset-text\">L\u00e0 o\u00f9 les choses se compliquent, c\u2019est \u00e0 cause du ton employ\u00e9 par le locataire de la Maison Blanche, qui a cette fois autoris\u00e9 \u00ab\u00a0l\u2019usage de la force maximale si n\u00e9cessaire\u00a0\u00bb \u00e0 Portland. Mais sans pr\u00e9ciser ce qu\u2019il entendait par l\u00e0 pour r\u00e9tablir l\u2019ordre dans cette ville qu\u2019il a d\u00e9crite comme \u00ab\u00a0ravag\u00e9e par la guerre\u00a0\u00bb.<\/p>\n<p class=\"asset asset-text\">\u00ab\u00a0J\u2019ordonne au ministre de la D\u00e9fense, Pete Hegseth, de d\u00e9ployer toutes les troupes n\u00e9cessaires pour prot\u00e9ger Portland ravag\u00e9 par la guerre, et nos installations de l&rsquo;ICE (la police de l\u2019immigration am\u00e9ricaine) assi\u00e9g\u00e9es par des Antifa et d\u2019autres terroristes int\u00e9rieurs\u00a0\u00bb, a-t-il \u00e9crit sur sa plateforme Truth Social.<\/p>\n<p class=\"asset asset-text\">\u00c0 ce stade, parler de situation confuse n\u2019a donc rien de choquant. Car malgr\u00e9 ces annonces, difficile de savoir combien de militaires Donald Trump compte d\u00e9ployer dans la plus grande ville de l\u2019\u00c9tat de l\u2019Oregon. Ni le type de soldats. Ni pour combien de temps. La seule certitude \u00e9tant l\u2019autorisation claire donn\u00e9e par Donald Trump de faire usage de la violence. Contre qui\u00a0? Myst\u00e8re encore.<\/p>\n<p>                     Mission confuse    <\/p>\n<p class=\"asset asset-text\">D\u00e8s vendredi, le maire de Portland s\u2019\u00e9tait \u00e9mu, lors d\u2019une conf\u00e9rence de presse, de \u00ab\u00a0l\u2019afflux soudain d\u2019agents f\u00e9d\u00e9raux\u00a0\u00bb dans les locaux de la police de l\u2019immigration (ICE) \u00e0 Portland. \u00ab\u00a0Nous ne leur avons pas demand\u00e9 de venir. Ils sont ici sans pr\u00e9c\u00e9dent ni raison\u00a0\u00bb, avait-il d\u00e9nonc\u00e9, qualifiant au passage ce d\u00e9ploiement de \u00ab\u00a0spectacle\u00a0\u00bb et de \u00ab\u00a0distraction\u00a0\u00bb.<\/p>\n<p class=\"asset asset-text\">Mais ce samedi, silence radio ou presque. Ni le maire Keith Wilson, ni la gouverneure d\u00e9mocrate de l\u2019\u00c9tat Tina Kotek n\u2019ont r\u00e9agi aux annonces inqui\u00e9tantes de Donald Trump. Qui ressemblent beaucoup aux mesures d\u00e9ploy\u00e9es \u00e0 Los Angeles, Washington et Memphis ces derniers mois. Dans un tel contexte, les seules d\u00e9clarations officielles ont \u00e9t\u00e9 des appels au calme d\u00e8s vendredi de la part du maire ou du s\u00e9nateur d\u00e9mocrate Jeff Merkley. D\u2019une m\u00eame voix, ils ont tous appel\u00e9 la communaut\u00e9 locale \u00e0 rester pacifique, comme le rapporte <a href=\"https:\/\/edition.cnn.com\/2025\/09\/27\/politics\/trump-sending-troops-portland-ice\" target=\"_blank\" rel=\"noopener\" title=\"Nouvelle fen\u00eatre\">CNN<\/a>.<\/p>\n<p class=\"asset asset-text\">Mais malgr\u00e9 les annonces du pr\u00e9sident r\u00e9publicain ce samedi, la Maison Blanche semblait elle-m\u00eame incapable de fournir plus de d\u00e9tails pour clarifier ce que le pr\u00e9sident souhaitait r\u00e9ellement en \u00e9voquant l\u2019usage de la \u00ab\u00a0force maximale, si n\u00e9cessaire\u00a0\u00bb. M\u00eame son de cloche pour savoir de quelles troupes il parlait. \u00ab\u00a0Nous n\u2019avons re\u00e7u aucune information sur la raison ou l\u2019objectif d\u2019une quelconque mission militaire. Il n\u2019y a aucune menace pour la s\u00e9curit\u00e9 nationale \u00e0 Portland\u00a0\u00bb, a finalement \u00e9crit sur X, la gouverneure d\u00e9mocrate de l\u2019\u00c9tat, impuissante.<\/p>\n<p> La lecture de ce contenu est susceptible d\u2019entra\u00eener un d\u00e9p\u00f4t de cookies de la part de l\u2019op\u00e9rateur tiers qui l\u2019h\u00e9berge. Compte-tenu des choix que vous avez exprim\u00e9s en mati\u00e8re de d\u00e9p\u00f4t de cookies, nous avons bloqu\u00e9 l\u2019affichage de ce contenu. Si vous souhaitez y acc\u00e9der, vous devez accepter la cat\u00e9gorie de cookies \u201cContenus tiers\u201d en cliquant sur le bouton ci-dessous. <\/p>\n<p> Lire la Vid\u00e9o        <\/p>\n<p class=\"asset asset-text\">Pour le s\u00e9nateur d\u00e9mocrate de l\u2019\u00c9tat, la strat\u00e9gie de Donald Trump est pourtant tr\u00e8s claire\u00a0: \u00ab\u00a0Voici ce que je sais\u00a0: le pr\u00e9sident a envoy\u00e9 des agents ici \u00e0 Portland pour semer le chaos et provoquer des \u00e9meutes, pour provoquer une r\u00e9action. Pour provoquer des manifestations. Pour provoquer des conflits. Son objectif est de faire en sorte que Portland ressemble \u00e0 ce qu\u2019il a d\u00e9crit\u00a0\u00bb. Sa r\u00e9ponse \u00e0 cette suppos\u00e9e strat\u00e9gie a \u00e9t\u00e9 d\u2019affirmer que Portland n\u2019allait pas \u00ab\u00a0mordre \u00e0 l\u2019hame\u00e7on\u00a0\u00bb, comme le rapporte CNN.<\/p>\n<p>    \u00ab\u00a0Peu de pr\u00e9c\u00e9dents modernes\u00a0\u00bb    <\/p>\n<p class=\"asset asset-text\">Du c\u00f4t\u00e9 des r\u00e9actions m\u00e9diatiques, difficile de passer \u00e0 c\u00f4t\u00e9 de celle inqui\u00e8te du Washington Post, qui \u00e9voque une \u00ab\u00a0campagne visant \u00e0 utiliser l\u2019arm\u00e9e contre les Am\u00e9ricains qui a peu de pr\u00e9c\u00e9dents modernes\u00a0\u00bb. Mais comment l\u2019expliquer\u00a0? CNN fait le lien entre l\u2019annonce de Donald Trump et l\u2019attaque, la semaine derni\u00e8re, d\u2019un homme qui a ouvert le feu sur un centre de l\u2019ICE \u00e0 Dallas. Tuant un d\u00e9tenu \u00e0 l\u2019int\u00e9rieur d\u2019un fourgon et en blessant gri\u00e8vement deux autres.<\/p>\n<p class=\"asset asset-text\">De quoi donner du grain \u00e0 moudre au narratif du chef d\u2019\u00c9tat am\u00e9ricain qui a \u00e9rig\u00e9 la lutte contre l\u2019immigration clandestine en priorit\u00e9 absolue, allant jusqu\u2019\u00e0 \u00e9voquer une \u00ab\u00a0invasion\u00a0\u00bb des \u00c9tats-Unis par des \u00ab\u00a0criminels venus de l\u2019\u00e9tranger\u00a0\u00bb et communiquant abondamment sur les expulsions, dont l\u2019ICE est un des principaux instruments.<\/p>\n<p class=\"asset asset-text\">Vendredi, Donald Trump avait \u00e9voqu\u00e9 pour le cas de Portland la pr\u00e9sence de \u00ab\u00a0fous\u00a0\u00bb essayant de br\u00fbler des b\u00e2timents, y compris des b\u00e2timents f\u00e9d\u00e9raux, comme le rapporte la cha\u00eene locale <a href=\"https:\/\/katu.com\/news\/local\/pres-trump-again-calls-out-portland-i-dont-know-how-anybody-lives-there-its-anarchy-protests-ice-facility-south-national-guard-mayor-wilson-president-oregon-remarks\" target=\"_blank\" rel=\"noopener\" title=\"Nouvelle fen\u00eatre\">Katu<\/a>. Il parlait aussi d\u2019\u00ab\u00a0agitateurs professionnels et anarchistes\u00a0\u00bb en lien avec les manifestations en cours \u00e0 l\u2019ext\u00e9rieur du centre de l\u2019ICE \u00e0 South Portland.<\/p>\n<p>    Terre de r\u00e9sistance    <\/p>\n<p class=\"asset asset-text\">Il faut aussi dire que plusieurs manifestations et actions contre des agents de la police de l\u2019immigration ont \u00e9clos \u00e0 travers le pays ces derniers mois. Notamment dans des villes dites \u00ab\u00a0sanctuaires\u00a0\u00bb, comme Portland, qui prot\u00e8gent les migrants en situation irr\u00e9guli\u00e8re menac\u00e9s d\u2019expulsion. D\u2019ailleurs, ce centre de l\u2019ICE \u00e9voqu\u00e9 par Donald Trump, situ\u00e9 \u00e0 3\u00a0km au sud du centre-ville de Portland, est le\u00a0th\u00e9\u00e2tre de manifestations quasi constantes depuis le d\u00e9but de l\u2019\u00e9t\u00e9, comme le note encore CNN. Bien que pacifiques et isol\u00e9es, ces manifestations ont occasionn\u00e9 plusieurs tirs de gaz lacrymog\u00e8nes et entra\u00een\u00e9 la fermeture du centre pendant plusieurs jours.<\/p>\n<p class=\"asset asset-text\">Pendant le premier mandat de Donald Trump, en mai\u00a02020, Portland avait \u00e9galement \u00e9t\u00e9 le th\u00e9\u00e2tre de manifestations importantes apr\u00e8s le meurtre par la police de l\u2019Afro-am\u00e9ricain George Floyd. Pour autant, Donald\u00a0Trump a d\u00e9clar\u00e9 aux journalistes durant le mois de septembre que Portland ne figurait pas encore dans sa liste de villes n\u00e9cessitant une intervention f\u00e9d\u00e9rale. En revanche, il \u00e9voquait sans la moindre preuve la pr\u00e9sence \u00ab\u00a0terroristes r\u00e9mun\u00e9r\u00e9s\u00a0\u00bb pour semer le chaos. \u00ab\u00a0Ce sont des agitateurs pay\u00e9s, et ils sont tr\u00e8s dangereux pour notre pays. Et si nous allons l\u00e0-bas, si nous allons \u00e0 Portland, nous les an\u00e9antirons\u00a0\u00bb, promettait-il \u00e0 la presse dans le Bureau ovale.<\/p>\n","protected":false},"excerpt":{"rendered":"JACEK BOCZARSKI \/ Anadolu via AFP Photo d\u2019illustration d\u2019un membre de l\u2019ICE, la police de l\u2019immigration am\u00e9ricaine que&hellip;\n","protected":false},"author":2,"featured_media":422257,"comment_status":"","ping_status":"","sticky":false,"template":"","format":"standard","meta":{"footnotes":""},"categories":[5],"tags":[11,17274,75,73,1011,27,14,12,38501,20151,28],"class_list":{"0":"post-422256","1":"post","2":"type-post","3":"status-publish","4":"format-standard","5":"has-post-thumbnail","7":"category-international","8":"tag-actualites","9":"tag-armee-americaine","10":"tag-donald-trump","11":"tag-etats-unis","12":"tag-fr","13":"tag-france","14":"tag-international","15":"tag-news","16":"tag-oregon","17":"tag-portland","18":"tag-world"},"share_on_mastodon":{"url":"https:\/\/pubeurope.com\/@fr\/115278262568845983","error":""},"_links":{"self":[{"href":"https:\/\/www.europesays.com\/fr\/wp-json\/wp\/v2\/posts\/422256","targetHints":{"allow":["GET"]}}],"collection":[{"href":"https:\/\/www.europesays.com\/fr\/wp-json\/wp\/v2\/posts"}],"about":[{"href":"https:\/\/www.europesays.com\/fr\/wp-json\/wp\/v2\/types\/post"}],"author":[{"embeddable":true,"href":"https:\/\/www.europesays.com\/fr\/wp-json\/wp\/v2\/users\/2"}],"replies":[{"embeddable":true,"href":"https:\/\/www.europesays.com\/fr\/wp-json\/wp\/v2\/comments?post=422256"}],"version-history":[{"count":0,"href":"https:\/\/www.europesays.com\/fr\/wp-json\/wp\/v2\/posts\/422256\/revisions"}],"wp:featuredmedia":[{"embeddable":true,"href":"https:\/\/www.europesays.com\/fr\/wp-json\/wp\/v2\/media\/422257"}],"wp:attachment":[{"href":"https:\/\/www.europesays.com\/fr\/wp-json\/wp\/v2\/media?parent=422256"}],"wp:term":[{"taxonomy":"category","embeddable":true,"href":"https:\/\/www.europesays.com\/fr\/wp-json\/wp\/v2\/categories?post=422256"},{"taxonomy":"post_tag","embeddable":true,"href":"https:\/\/www.europesays.com\/fr\/wp-json\/wp\/v2\/tags?post=422256"}],"curies":[{"name":"wp","href":"https:\/\/api.w.org\/{rel}","templated":true}]}}