{"id":422274,"date":"2025-09-27T21:08:15","date_gmt":"2025-09-27T21:08:15","guid":{"rendered":"https:\/\/www.europesays.com\/fr\/422274\/"},"modified":"2025-09-27T21:08:15","modified_gmt":"2025-09-27T21:08:15","slug":"la-voix-des-moines-tibetains-va-faire-trembler-les-pierres-de-maguelone","status":"publish","type":"post","link":"https:\/\/www.europesays.com\/fr\/422274\/","title":{"rendered":"la voix des moines tib\u00e9tains va faire trembler les pierres de Maguelone"},"content":{"rendered":"<p>            Par<br \/>\n        <strong><br \/>\n            <a href=\"https:\/\/actu.fr\/auteur\/metropoop\" title=\"Consulter tous les articles de R\u00e9daction M\u00e9tropolitain\" rel=\"nofollow noopener\" target=\"_blank\">R\u00e9daction M\u00e9tropolitain<\/a><br \/>\n        <\/strong><\/p>\n<p>        Publi\u00e9 le<\/p>\n<p>            27 sept. 2025 \u00e0 12h25        <\/p>\n<p>Ce sont des <strong>chants sacr\u00e9s<\/strong> que nous n\u2019avons pas forc\u00e9ment souvent l\u2019occasion d\u2019entendre, qui r\u00e9sonneront au sein de la <strong>Cath\u00e9drale de Maguelone<\/strong>, le dimanche 5 octobre.<strong> Six moines tib\u00e9tains<\/strong>, venus tout droit du <strong>monast\u00e8re de Gyut\u00f6<\/strong> de Sidhbari, en Inde, viendront faire vibrer chaque coin de cette grande dame de pierres, dans le cadre du festival <strong>Les Voix de Maguelone<\/strong>. Un \u00e9v\u00e8nement qui compte deux dates et dont la premi\u00e8re aura lieu ce dimanche 28 septembre, avec une repr\u00e9sentation du contre-t\u00e9nor montpelli\u00e9rain Yann Golgevit.<\/p>\n<p>Une exp\u00e9rience mystique<\/p>\n<p class=\" wall-content\">En collaboration avec l\u2019association Kon Phen Ling, les moines, c\u00e9l\u00e8bres pour leur tradition de <strong>sons harmoniques<\/strong>, se produiront sous la vo\u00fbte de la Cath\u00e9drale du XII\u00e8me si\u00e8cle. Sur un rythme lent, une voix grave et profonde entonne un chant r\u00e9citatif, suivie par d\u2019autres voix \u00e0 l\u2019unisson sur le m\u00eame registre \u00e2pre et sourd.<\/p>\n<p class=\" wall-content\">Le monast\u00e8re d\u2019o\u00f9 ils sont originaires, celui de Gyut\u00f6, est sp\u00e9cialis\u00e9 dans l\u2019\u00e9tude de la m\u00e9ditation tantrique, des arts rituels tantriques et de la philosophie bouddhiste. Fond\u00e9 au Tibet en 1474, il a d\u00e9m\u00e9nag\u00e9 en Inde \u00e0 Tenzingang et \u00e0 Dharamsala en Inde, apr\u00e8s 1959. 500 moines y r\u00e9sident aujourd\u2019hui.<\/p>\n<p class=\" wall-content\">\n<p class=\" wall-content\">Par ailleurs, les vendredi 3 et samedi 4 octobre, les moines <strong>cr\u00e9eront un Mandala<\/strong> sur place, dans la chapelle Saint-Blaise de 14h \u00e0 18h. Il sera <strong>dispers\u00e9 dans la mer<\/strong> le dimanche 5 octobre \u00e0 14h, avant le concert de 17h.<\/p>\n<p>    <a href=\"https:\/\/www.google.com\/maps\/embed?pb=!1m18!1m12!1m3!1d3089.429858441773!2d3.880943576381164!3d43.512456571109055!2m3!1f0!2f0!3f0!3m2!1i1024!2i768!4f13.1!3m3!1m2!1s0x12b6b0c04dc22827%3A0xd9efe4d6b415184!2sCath%C3%A9drale%20de%20Maguelone!5e1!3m2!1sfr!2sfr!4v1758030202021!5m2!1sfr!2sfr\" title=\"Ouvrie le lien\" rel=\"nofollow noopener\" target=\"_blank\">Cliquez ici pour visualiser le contenu<\/a><\/p>\n<p>Vid\u00e9os : en ce moment sur ActuUn contre-tenor bien connu \u00e0 Montpellier<\/p>\n<p class=\" wall-content\">Le festival s\u2019ouvre par ailleurs ce dimanche 28 septembre \u00e0 17h avec <strong>Yann Golgevit<\/strong>, contre-t\u00e9nor et directeur artistique bien connu en Occitanie. Accompagn\u00e9 du <strong>Quatuor Scordatura<\/strong> et du <strong>pianiste Jean-Christophe Sirven<\/strong>, il naviguera<strong> entre Vivaldi, Legrand et Barbara<\/strong>, m\u00ealant <strong>baroque et chansons intemporelles<\/strong>. Artiste \u00e0 la trajectoire singuli\u00e8re, Yann Golgevit d\u00e9fend une vision engag\u00e9e et inclusive de la cr\u00e9ation, o\u00f9 la musique devient un vecteur d\u2019\u00e9motion mais aussi de r\u00e9flexion sur les enjeux de soci\u00e9t\u00e9.\u00a0<\/p>\n<p><strong>&gt; Pratique :<\/strong> Les Voix de Maguelone, les dimanches 28 septembre et 5 octobre, \u00e0 la Cath\u00e9drale de Maguelone. Pour plus d\u2019informations, <a href=\"https:\/\/www.facebook.com\/voixdemaguelone\" rel=\"nofollow noopener\" target=\"_blank\">c\u2019est par ici<\/a>.\u00a0<\/p>\n<p class=\" wall-content\">Personnalisez votre actualit\u00e9 en ajoutant vos villes et m\u00e9dias en favori avec <a href=\"https:\/\/moncompte.actu.fr\" title=\"D\u00e9couvez Mon Actu\" rel=\"nofollow noopener\" data-trk=\"{&quot;cta&quot;:{&quot;action&quot;:&quot;https:\\\/\\\/moncompte.actu.fr&quot;,&quot;category&quot;:&quot;mon compte&quot;,&quot;from&quot;:&quot;article footer&quot;,&quot;name&quot;:&quot;Mon actu&quot;,&quot;type&quot;:&quot;cta&quot;}}\" target=\"_blank\">Mon Actu<\/a>.<\/p>\n","protected":false},"excerpt":{"rendered":"Par R\u00e9daction M\u00e9tropolitain Publi\u00e9 le 27 sept. 2025 \u00e0 12h25 Ce sont des chants sacr\u00e9s que nous n\u2019avons&hellip;\n","protected":false},"author":2,"featured_media":422275,"comment_status":"","ping_status":"","sticky":false,"template":"","format":"standard","meta":{"footnotes":""},"categories":[9599],"tags":[1111,11,1697,1777,674,1011,27,1652,2208,873,12,2680,2551,4020,25],"class_list":{"0":"post-422274","1":"post","2":"type-post","3":"status-publish","4":"format-standard","5":"has-post-thumbnail","7":"category-montpellier","8":"tag-actu","9":"tag-actualites","10":"tag-concert","11":"tag-eu","12":"tag-europe","13":"tag-fr","14":"tag-france","15":"tag-loisirs-culture","16":"tag-montpellier","17":"tag-musique","18":"tag-news","19":"tag-occitanie","20":"tag-patrimoine","21":"tag-religion","22":"tag-republique-francaise"},"share_on_mastodon":{"url":"https:\/\/pubeurope.com\/@fr\/115278309240233047","error":""},"_links":{"self":[{"href":"https:\/\/www.europesays.com\/fr\/wp-json\/wp\/v2\/posts\/422274","targetHints":{"allow":["GET"]}}],"collection":[{"href":"https:\/\/www.europesays.com\/fr\/wp-json\/wp\/v2\/posts"}],"about":[{"href":"https:\/\/www.europesays.com\/fr\/wp-json\/wp\/v2\/types\/post"}],"author":[{"embeddable":true,"href":"https:\/\/www.europesays.com\/fr\/wp-json\/wp\/v2\/users\/2"}],"replies":[{"embeddable":true,"href":"https:\/\/www.europesays.com\/fr\/wp-json\/wp\/v2\/comments?post=422274"}],"version-history":[{"count":0,"href":"https:\/\/www.europesays.com\/fr\/wp-json\/wp\/v2\/posts\/422274\/revisions"}],"wp:featuredmedia":[{"embeddable":true,"href":"https:\/\/www.europesays.com\/fr\/wp-json\/wp\/v2\/media\/422275"}],"wp:attachment":[{"href":"https:\/\/www.europesays.com\/fr\/wp-json\/wp\/v2\/media?parent=422274"}],"wp:term":[{"taxonomy":"category","embeddable":true,"href":"https:\/\/www.europesays.com\/fr\/wp-json\/wp\/v2\/categories?post=422274"},{"taxonomy":"post_tag","embeddable":true,"href":"https:\/\/www.europesays.com\/fr\/wp-json\/wp\/v2\/tags?post=422274"}],"curies":[{"name":"wp","href":"https:\/\/api.w.org\/{rel}","templated":true}]}}