{"id":422276,"date":"2025-09-27T21:09:13","date_gmt":"2025-09-27T21:09:13","guid":{"rendered":"https:\/\/www.europesays.com\/fr\/422276\/"},"modified":"2025-09-27T21:09:13","modified_gmt":"2025-09-27T21:09:13","slug":"water-polo-le-team-strasbourg-bouscule-par-montpellier-puis-destructeur","status":"publish","type":"post","link":"https:\/\/www.europesays.com\/fr\/422276\/","title":{"rendered":"Water-polo. Le Team Strasbourg bouscul\u00e9 par Montpellier puis destructeur"},"content":{"rendered":"<p>Cette troisi\u00e8me victoire cons\u00e9cutive place les Strasbourgeois en t\u00eate du classement, profitant d\u2019un calendrier \u00e0 jour alors que Marseille et le Pays d\u2019Aix, autres t\u00e9nors de l\u2019\u00c9lite, jouent en Coupe d\u2019Europe ce week-end.<\/p>\n<p>Montpellier, aussi, se pr\u00e9pare \u00e0 disputer un tour d\u2019EuroCup mais ne s\u2019attendait sans doute pas \u00e0 se faire autant marcher dessus par des Alsaciens soucieux de soigner leur d\u00e9fense et d\u2019\u00eatre incisifs en attaque.<\/p>\n<p>D\u00e9ferlante offensive&#8230;<\/p>\n<p>Vingt-cinq buts\u00a0! Il faudra prendre le&#8230;<\/p>\n","protected":false},"excerpt":{"rendered":"Cette troisi\u00e8me victoire cons\u00e9cutive place les Strasbourgeois en t\u00eate du classement, profitant d\u2019un calendrier \u00e0 jour alors que&hellip;\n","protected":false},"author":2,"featured_media":422277,"comment_status":"","ping_status":"","sticky":false,"template":"","format":"standard","meta":{"footnotes":""},"categories":[9599],"tags":[1111,11,2880,1777,674,1011,27,2208,12,2680,25,517,640,2879,43653,7488],"class_list":{"0":"post-422276","1":"post","2":"type-post","3":"status-publish","4":"format-standard","5":"has-post-thumbnail","7":"category-montpellier","8":"tag-actu","9":"tag-actualites","10":"tag-edition-strasbourg","11":"tag-eu","12":"tag-europe","13":"tag-fr","14":"tag-france","15":"tag-montpellier","16":"tag-news","17":"tag-occitanie","18":"tag-republique-francaise","19":"tag-sport","20":"tag-strasbourg","21":"tag-strasbourg-ville","22":"tag-team-strasbourg","23":"tag-water-polo"},"share_on_mastodon":{"url":"https:\/\/pubeurope.com\/@fr\/115278313126216090","error":""},"_links":{"self":[{"href":"https:\/\/www.europesays.com\/fr\/wp-json\/wp\/v2\/posts\/422276","targetHints":{"allow":["GET"]}}],"collection":[{"href":"https:\/\/www.europesays.com\/fr\/wp-json\/wp\/v2\/posts"}],"about":[{"href":"https:\/\/www.europesays.com\/fr\/wp-json\/wp\/v2\/types\/post"}],"author":[{"embeddable":true,"href":"https:\/\/www.europesays.com\/fr\/wp-json\/wp\/v2\/users\/2"}],"replies":[{"embeddable":true,"href":"https:\/\/www.europesays.com\/fr\/wp-json\/wp\/v2\/comments?post=422276"}],"version-history":[{"count":0,"href":"https:\/\/www.europesays.com\/fr\/wp-json\/wp\/v2\/posts\/422276\/revisions"}],"wp:featuredmedia":[{"embeddable":true,"href":"https:\/\/www.europesays.com\/fr\/wp-json\/wp\/v2\/media\/422277"}],"wp:attachment":[{"href":"https:\/\/www.europesays.com\/fr\/wp-json\/wp\/v2\/media?parent=422276"}],"wp:term":[{"taxonomy":"category","embeddable":true,"href":"https:\/\/www.europesays.com\/fr\/wp-json\/wp\/v2\/categories?post=422276"},{"taxonomy":"post_tag","embeddable":true,"href":"https:\/\/www.europesays.com\/fr\/wp-json\/wp\/v2\/tags?post=422276"}],"curies":[{"name":"wp","href":"https:\/\/api.w.org\/{rel}","templated":true}]}}