{"id":422292,"date":"2025-09-27T21:22:11","date_gmt":"2025-09-27T21:22:11","guid":{"rendered":"https:\/\/www.europesays.com\/fr\/422292\/"},"modified":"2025-09-27T21:22:11","modified_gmt":"2025-09-27T21:22:11","slug":"allegement-des-restrictions-dusage-de-leau-potable-et-des-eaux-superficielles-en","status":"publish","type":"post","link":"https:\/\/www.europesays.com\/fr\/422292\/","title":{"rendered":"All\u00e8gement des restrictions d\u2019usage de l\u2019eau potable et des eaux superficielles en"},"content":{"rendered":"<p>En Loire-Atlantique, malgr\u00e9 les pluies de septembre\u00a02025, plusieurs secteurs sont en <strong>crise<\/strong>\u00a0: affluents nord et sud de la Loire, Bri\u00e8re-Brivet, Logne, Boulogne, Ognon, Sangu\u00e8ze\u00a0; d\u2019autres en <strong>alerte<\/strong>\u00a0: Vilaine, Le H\u00e2vre (Oudon), La Maine\u00a0; et certaines en <strong>vigilance<\/strong>\u00a0: Loire, c\u00f4tiers r\u00e9aliment\u00e9s, S\u00e8vre Nantaise, La Moine.\u00a0Les c\u00f4tiers bretons restent en alerte renforc\u00e9e pour les pr\u00e9l\u00e8vements en surface.<\/p>\n<p>Quelles restrictions dans votre secteur\u00a0?<\/p>\n<p>Pour savoir quelles restrictions s\u2019appliquent chez vous, consultez l\u2019<a href=\"https:\/\/vigieau.gouv.fr\/\" target=\"_blank\" rel=\"nofollow noopener\">outil VigiEAU<\/a> et <a href=\"https:\/\/ssm-ecologie.shinyapps.io\/restreau\/\" target=\"_blank\" rel=\"nofollow noopener\">RestrEAU<\/a>. Ils indiquent les mesures par commune et par usage. Les arr\u00eat\u00e9s pr\u00e9fectoraux sont consultables en mairie, en pr\u00e9fecture et sur le site des services de l\u2019\u00c9tat en Loire-Atlantique.<\/p>\n<p>Quel enjeu\u00a0?<\/p>\n<p>La pr\u00e9fecture rappelle l\u2019enjeu\u00a0: limiter les pr\u00e9l\u00e8vements tout en pr\u00e9servant les usages prioritaires. Des <strong>contr\u00f4les p\u00e9dagogiques<\/strong> sont pr\u00e9vus\u00a0; le non-respect des limitations peut entra\u00eener une contravention de 5e classe. Chacun est invit\u00e9 \u00e0 r\u00e9duire sa consommation et \u00e9viter le gaspillage d\u2019eau potable.<\/p>\n<p>??? \u00c0 noter. <a href=\"https:\/\/www.loire-atlantique.gouv.fr\/Actions-de-l-Etat\/Environnement\/Secheresse\" target=\"_blank\" rel=\"nofollow noopener\">Les services de l\u2019\u00c9tat en Loire-Atlantique<\/a>.<\/p>\n<p>\u00a0<\/p>\n","protected":false},"excerpt":{"rendered":"En Loire-Atlantique, malgr\u00e9 les pluies de septembre\u00a02025, plusieurs secteurs sont en crise\u00a0: affluents nord et sud de la&hellip;\n","protected":false},"author":2,"featured_media":422293,"comment_status":"","ping_status":"","sticky":false,"template":"","format":"standard","meta":{"footnotes":""},"categories":[2818],"tags":[1111,11,55152,4858,27261,1777,674,1011,27,3047,766,12,2636,4859,25,16524,55153,39469],"class_list":{"0":"post-422292","1":"post","2":"type-post","3":"status-publish","4":"format-standard","5":"has-post-thumbnail","7":"category-nantes","8":"tag-actu","9":"tag-actualites","10":"tag-allegement","11":"tag-eau","12":"tag-eaux","13":"tag-eu","14":"tag-europe","15":"tag-fr","16":"tag-france","17":"tag-loire-atlantique","18":"tag-nantes","19":"tag-news","20":"tag-pays-de-la-loire","21":"tag-potable","22":"tag-republique-francaise","23":"tag-restrictions","24":"tag-superficielles","25":"tag-usage"},"share_on_mastodon":{"url":"https:\/\/pubeurope.com\/@fr\/115278364281217859","error":""},"_links":{"self":[{"href":"https:\/\/www.europesays.com\/fr\/wp-json\/wp\/v2\/posts\/422292","targetHints":{"allow":["GET"]}}],"collection":[{"href":"https:\/\/www.europesays.com\/fr\/wp-json\/wp\/v2\/posts"}],"about":[{"href":"https:\/\/www.europesays.com\/fr\/wp-json\/wp\/v2\/types\/post"}],"author":[{"embeddable":true,"href":"https:\/\/www.europesays.com\/fr\/wp-json\/wp\/v2\/users\/2"}],"replies":[{"embeddable":true,"href":"https:\/\/www.europesays.com\/fr\/wp-json\/wp\/v2\/comments?post=422292"}],"version-history":[{"count":0,"href":"https:\/\/www.europesays.com\/fr\/wp-json\/wp\/v2\/posts\/422292\/revisions"}],"wp:featuredmedia":[{"embeddable":true,"href":"https:\/\/www.europesays.com\/fr\/wp-json\/wp\/v2\/media\/422293"}],"wp:attachment":[{"href":"https:\/\/www.europesays.com\/fr\/wp-json\/wp\/v2\/media?parent=422292"}],"wp:term":[{"taxonomy":"category","embeddable":true,"href":"https:\/\/www.europesays.com\/fr\/wp-json\/wp\/v2\/categories?post=422292"},{"taxonomy":"post_tag","embeddable":true,"href":"https:\/\/www.europesays.com\/fr\/wp-json\/wp\/v2\/tags?post=422292"}],"curies":[{"name":"wp","href":"https:\/\/api.w.org\/{rel}","templated":true}]}}