{"id":422300,"date":"2025-09-27T21:26:09","date_gmt":"2025-09-27T21:26:09","guid":{"rendered":"https:\/\/www.europesays.com\/fr\/422300\/"},"modified":"2025-09-27T21:26:09","modified_gmt":"2025-09-27T21:26:09","slug":"a-cugnaux-la-gauche-se-dechire-et-lopposition-veut-tirer-les-marrons-du-feu","status":"publish","type":"post","link":"https:\/\/www.europesays.com\/fr\/422300\/","title":{"rendered":"\u00e0 Cugnaux, la gauche se d\u00e9chire\u2026 et l&rsquo;opposition veut tirer les marrons du feu"},"content":{"rendered":"<p>            Par<br \/>\n        <strong><br \/>\n            <a href=\"https:\/\/actu.fr\/auteur\/guillaume-laurens\" title=\"Consulter tous les articles de Guillaume Laurens\" target=\"_blank\" rel=\"noopener\">Guillaume Laurens<\/a><br \/>\n        <\/strong><\/p>\n<p>        Publi\u00e9 le<\/p>\n<p>            27 sept. 2025 \u00e0 17h22        <\/p>\n<p>Les <a href=\"https:\/\/actu.fr\/toulouse\/politique\/elections-municipales\" target=\"_blank\" rel=\"noopener\">Municipales 2026<\/a> promettent d\u2019\u00eatre d\u00e9cid\u00e9ment haletantes \u00e0 <a href=\"https:\/\/actu.fr\/occitanie\/cugnaux_31157\" target=\"_blank\" rel=\"noopener\"><strong>Cugnaux<\/strong><\/a>. Alors que la gauche n\u2019en finit plus de se d\u00e9chirer dans cette ville de plus de 20\u2009000\u00a0habitants au sud-ouest de <a href=\"https:\/\/actu.fr\/toulouse\/\" target=\"_blank\" rel=\"noopener\">Toulouse<\/a>, o\u00f9 la majorit\u00e9 municipale a vol\u00e9 en \u00e9clats, et o\u00f9 <strong>au moins trois listes de gauche se dessinent<\/strong>, le <strong>centre<\/strong> et la <strong>droite<\/strong> vont-ils tirer les marrons du feu\u2009? Membre de la majorit\u00e9 pr\u00e9sidentielle, <strong>Aur\u00e9lien Andreu-Seign\u00e9<\/strong> veut croire que son heure est arriv\u00e9e.<\/p>\n<p>\u00ab\u2009Un constat de d\u00e9gradation\u2009\u00bb \u00e0 Cugnaux<\/p>\n<p class=\" wall-content\">Engag\u00e9 de longue date dans la vie associative et sportive locale, Aur\u00e9lien Andreu-Seign\u00e9 entend \u00ab\u2009proposer une nouvelle ambition pour Cugnaux, en r\u00e9ponse \u00e0 un <strong>constat de d\u00e9gradation<\/strong> en mati\u00e8re de s\u00e9curit\u00e9, d\u2019\u00e9ducation et de qualit\u00e9 de vie au quotient\u2009\u00bb.<\/p>\n<blockquote class=\"ac-article-quote wall-content\">\n<p>La t\u00e2che est lourde, le d\u00e9fi est grand, mais l\u2019\u00e9nergie de la jeunesse et nos comp\u00e9tences rassembl\u00e9es sont au rendez-vous de l\u2019enjeu.<\/p>\n<p>    <strong>Aur\u00e9lien Andreu-Seign\u00e9<\/strong><br \/>\n        Candidat de la liste \u00ab\u00a0Demain pour Cugnaux\u00a0\u00bb    <\/p><\/blockquote>\n<p class=\" wall-content\">S\u2019il est membre du parti Horizons, le conseiller municipal d\u2019opposition dit \u00ab\u2009refuser les logiques partisanes\u2009\u00bb et assure que sa liste \u00ab\u2009restera largement ouverte \u00e0 la soci\u00e9t\u00e9 civile. Je m\u2019engage sur une ligne claire\u2009: <strong>pas de politique \u00e0 la mairie\u2009!\u2009\u00bb<\/strong><\/p>\n<p>Qui est Aur\u00e9lien Andreu-Seign\u00e9 ?<\/p>\n<p>N\u00e9 et ayant grandi \u00e0 Cugnaux, Aur\u00e9lien Andreu-Seign\u00e9 est \u00e2g\u00e9 de 39 ans. Dipl\u00f4m\u00e9 de La Sorbonne en contentieux public, il est juriste de profession et travaille en collectivit\u00e9 territoriale. <br \/>Conseiller municipal d&rsquo;opposition depuis 2020, il est officiellement candidat aux \u00e9lections de mars 2026 sous la banni\u00e8re \u00ab\u00a0Demain pour Cugnaux\u00a0\u00bb. Positionn\u00e9 au centre-droit, il est membre du parti Horizons de l&rsquo;ex-premier ministre \u00c9douard Philippe.<\/p>\n<p>Vid\u00e9os : en ce moment sur ActuUrbanisme\u2009: \u00ab\u2009R\u00e9\u00e9quilibrer la situation\u2009\u00bb \u00e0 Cugnaux<\/p>\n<p class=\" wall-content\">C\u00f4t\u00e9 programme, le conseiller municipal veut d\u00e9fendre \u00ab\u2009un projet construit autour de <strong>cinq priorit\u00e9s\u2009\u00bb<\/strong> pour 2033 (date de la fin de ce mandat qui devrait exceptionnellement durer sept ans, NDLR)\u2009: \u00ab\u2009Vivre en s\u00e9curit\u00e9, bien grandir, bien vivre, bien vieillir et respecter notre environnement\u2009\u00bb.<\/p>\n<p class=\" wall-content\">En mati\u00e8re <strong>d\u2019urbanisation<\/strong> et <strong>d\u2019augmentation de la population<\/strong>, il consid\u00e8re que <strong>\u00ab\u2009Cugnaux a fait grandement sa part\u2009\u00bb<\/strong> et qu\u2019il faudra \u00ab<strong>\u2009r\u00e9\u00e9quilibrer la situation<\/strong> dans le futur PLUiH, pour lequel nous devrons ouvrir une grande concertation, ce qui a fait grandement d\u00e9faut \u00e0 Cugnaux lors de ce mandat\u2009\u00bb. Il avance un mandat ax\u00e9 \u00ab\u2009sur les infrastructures et les \u00e9quipements\u2009\u00bb.<\/p>\n<p>Votre r\u00e9gion, votre actu !<\/p>\n<p>Recevez chaque jour les infos qui comptent pour vous.<\/p>\n<p>\t<a href=\"https:\/\/actu.fr\/newsletter\" class=\"ac-btn ac-btn--corner ac-btn--medium ac-btn--blue800\" target=\"_blank\" rel=\"noopener\">S&rsquo;incrire<\/a><br \/>\n\u00ab\u2009Redonner \u00e0 Cugnaux un poids r\u00e9el dans la M\u00e9tropole\u2009\u00bb<\/p>\n<p class=\" wall-content\">Parmi les premi\u00e8res mesures annonc\u00e9es\u2009: \u00ab\u2009Le r\u00e9tablissement imm\u00e9diat des <strong>\u00e9lus r\u00e9f\u00e9rents de quartier<\/strong>, afin de renforcer la proximit\u00e9 avec les habitants\u2009\u00bb. Autre priorit\u00e9\u2009: \u00ab\u2009Redonner \u00e0 Cugnaux <strong>un poids r\u00e9el dans la M\u00e9tropole<\/strong> toulousaine\u2009\u00bb, dit Aur\u00e9lien Andreu-Seign\u00e9, qui veut mettre \u00e0 profit son \u00ab\u2009exp\u00e9rience dans les collectivit\u00e9s territoriales\u2009\u00bb pour \u00ab\u2009peser sur les grands enjeux\u2009\u00bb du territoire\u2009: \u00ab\u2009Urbanisme, mobilit\u00e9s, propret\u00e9, et avenir du site de Francazal\u2009\u00bb.<\/p>\n<p class=\" wall-content\">Dans \u00ab\u2009un esprit de dialogue et de coconstruction\u2009\u00bb, il a d\u00e9j\u00e0 lanc\u00e9 \u00ab\u2009un <strong>questionnaire citoyen<\/strong> pour recueillir les id\u00e9es, besoins et propositions des habitants\u2009\u00bb. Avant d\u2019annoncer \u00ab\u2009la liste int\u00e9grale en d\u00e9cembre\u2009\u00bb.<\/p>\n<p>Au moins trois listes de gauche \u00e0 Cugnux\u2009!<\/p>\n<p class=\" wall-content\">Cette fois encore, il risque bien d\u2019y avoir <strong>pl\u00e9thore de candidats<\/strong> et un <strong>vrai suspense<\/strong> \u00e0 Cugnaux. La gauche pr\u00e9sentera au moins trois listes (autour <a href=\"https:\/\/actu.fr\/occitanie\/cugnaux_31157\/municipales-2026-cugnaux-a-besoin-d-un-maire-experimente-albert-sanchez-candidat-a-sa-reelection_62778906.html\" target=\"_blank\" rel=\"noopener\">du maire sortant Albert Sanchez<\/a>, autour du socialiste Fabrice Granville et autour du groupe \u00e9colo-insoumis \u00ab\u2009Cugnaux Ose\u2009\u00bb), voire une quatri\u00e8me autour de Lutte ouvri\u00e8re, comme \u00e0 chaque scrutin ici.<\/p>\n<p>La droite n\u2019est pas partie pour \u00eatre unie<\/p>\n<p class=\" wall-content\">Alors que la droite avait <strong>perdu les r\u00eanes de l\u2019H\u00f4tel de Ville en 2020<\/strong> sur fond de <strong>divisions<\/strong>, le candidat Andreu-Seign\u00e9 fera-t-il l\u2019unanimit\u00e9\u2009? Ce n\u2019est visiblement pas gagn\u00e9.<\/p>\n<p class=\" wall-content\"><strong>Michel Aujoulat<\/strong>, l\u2019ancien maire (LR) de la commune, est dans les starting-blocks. Toujours membre du conseil municipal, se m\u00ealera-t-il \u00e0 la bataille\u2009? Interrog\u00e9 par <a href=\"https:\/\/actu.fr\/toulouse\/\" target=\"_blank\" rel=\"noopener\">Actu Toulouse<\/a>, il d\u00e9plore \u00ab\u00a0cette<strong> course \u00e0 l\u2019\u00e9chalote\u00a0\u00bb<\/strong> et assure qu\u2019il \u00ab\u00a0envisage fortement d\u2019\u00eatre candidat\u00a0\u00bb avec une liste \u00ab\u00a0largement ouverte\u00a0\u00bb.<\/p>\n<p class=\" wall-content\">Reste \u00e0 savoir ce que fera le <strong>Rassemblement national<\/strong>, qui avait jou\u00e9 les trublions en se hissant au <strong>second tour<\/strong> en 2020 (mais dont le candidat Yohann Escabasse, seul \u00e9lu de sa liste, n\u2019a <strong>jamais si\u00e9g\u00e9\u2009!<\/strong>).\u00a0<\/p>\n<p class=\" wall-content\">Cugnaux est une ville \u00e0 <strong>l\u2019alternance politique<\/strong> incessante\u2009: en 50\u00a0ans, seuls deux maires ont fait plus d\u2019un mandat\u2009: Michel Aujoulat (LR) et Philippe Gu\u00e9rin (PRG).<\/p>\n<p class=\" wall-content\">Personnalisez votre actualit\u00e9 en ajoutant vos villes et m\u00e9dias en favori avec <a href=\"https:\/\/moncompte.actu.fr\" title=\"D\u00e9couvez Mon Actu\" rel=\"nofollow noopener\" data-trk=\"{&quot;cta&quot;:{&quot;action&quot;:&quot;https:\\\/\\\/moncompte.actu.fr&quot;,&quot;category&quot;:&quot;mon compte&quot;,&quot;from&quot;:&quot;article footer&quot;,&quot;name&quot;:&quot;Mon actu&quot;,&quot;type&quot;:&quot;cta&quot;}}\" target=\"_blank\">Mon Actu<\/a>.<\/p>\n","protected":false},"excerpt":{"rendered":"Par Guillaume Laurens Publi\u00e9 le 27 sept. 2025 \u00e0 17h22 Les Municipales 2026 promettent d\u2019\u00eatre d\u00e9cid\u00e9ment haletantes \u00e0&hellip;\n","protected":false},"author":2,"featured_media":422301,"comment_status":"","ping_status":"","sticky":false,"template":"","format":"standard","meta":{"footnotes":""},"categories":[2816],"tags":[1111,11,3080,4188,1777,674,1011,27,3434,12,2680,316,25,2312,1090],"class_list":{"0":"post-422300","1":"post","2":"type-post","3":"status-publish","4":"format-standard","5":"has-post-thumbnail","7":"category-toulouse","8":"tag-actu","9":"tag-actualites","10":"tag-edouard-philippe","11":"tag-elections-municipales","12":"tag-eu","13":"tag-europe","14":"tag-fr","15":"tag-france","16":"tag-municipales-2026","17":"tag-news","18":"tag-occitanie","19":"tag-politique","20":"tag-republique-francaise","21":"tag-toulouse","22":"tag-toulouse-metropole"},"share_on_mastodon":{"url":"https:\/\/pubeurope.com\/@fr\/115278379968434990","error":""},"_links":{"self":[{"href":"https:\/\/www.europesays.com\/fr\/wp-json\/wp\/v2\/posts\/422300","targetHints":{"allow":["GET"]}}],"collection":[{"href":"https:\/\/www.europesays.com\/fr\/wp-json\/wp\/v2\/posts"}],"about":[{"href":"https:\/\/www.europesays.com\/fr\/wp-json\/wp\/v2\/types\/post"}],"author":[{"embeddable":true,"href":"https:\/\/www.europesays.com\/fr\/wp-json\/wp\/v2\/users\/2"}],"replies":[{"embeddable":true,"href":"https:\/\/www.europesays.com\/fr\/wp-json\/wp\/v2\/comments?post=422300"}],"version-history":[{"count":0,"href":"https:\/\/www.europesays.com\/fr\/wp-json\/wp\/v2\/posts\/422300\/revisions"}],"wp:featuredmedia":[{"embeddable":true,"href":"https:\/\/www.europesays.com\/fr\/wp-json\/wp\/v2\/media\/422301"}],"wp:attachment":[{"href":"https:\/\/www.europesays.com\/fr\/wp-json\/wp\/v2\/media?parent=422300"}],"wp:term":[{"taxonomy":"category","embeddable":true,"href":"https:\/\/www.europesays.com\/fr\/wp-json\/wp\/v2\/categories?post=422300"},{"taxonomy":"post_tag","embeddable":true,"href":"https:\/\/www.europesays.com\/fr\/wp-json\/wp\/v2\/tags?post=422300"}],"curies":[{"name":"wp","href":"https:\/\/api.w.org\/{rel}","templated":true}]}}