{"id":422302,"date":"2025-09-27T21:27:11","date_gmt":"2025-09-27T21:27:11","guid":{"rendered":"https:\/\/www.europesays.com\/fr\/422302\/"},"modified":"2025-09-27T21:27:11","modified_gmt":"2025-09-27T21:27:11","slug":"cramont-casse-tout-sur-son-passage-le-co-dans-le-rouge-a-louverture-les-tops-et-les-flops","status":"publish","type":"post","link":"https:\/\/www.europesays.com\/fr\/422302\/","title":{"rendered":"Cramont casse tout sur son passage, le CO dans le rouge \u00e0 l\u2019ouverture&#8230; Les tops et les flops"},"content":{"rendered":"<p><strong>TOPS\/FLOPS<\/strong> \u2013 D\u00e9couvrez ce qui a retenu l\u2019attention de la r\u00e9daction ce samedi soir lors de la d\u00e9monstration de Toulouse face \u00e0 Castres (59-12) en Top 14.<\/p>\n<p class=\"fig-paragraph\"><strong>TOPS<\/strong><\/p>\n<p>Sensationnel Cramont<\/p>\n<p class=\"fig-paragraph\">Pas de Julien Marchand\u00a0? Pas de probl\u00e8me. Pas de Peato Mauvaka\u00a0? Pas de souci. \u00c0 Toulouse, les talonneurs de qualit\u00e9 ne manquent pas. Ce samedi soir, Guillaume Cramont a encore marqu\u00e9 des points. Le talonneur form\u00e9 \u00e0 Dax a inscrit un tripl\u00e9, \u00e9t\u00e9 quasiment parfait aux lancers (un seul manqu\u00e9) et s\u2019est surtout d\u00e9men\u00e9 dans le jeu courant. A son actif, 34 m\u00e8tres parcourus mais aussi sept plaquages r\u00e9ussis sur sept. Le joueur de 24 ans ne pouvait pas r\u00eaver mieux face \u00e0 Castres. Joli clin d\u2019\u0153il du destin aussi pour Cramont, originaire de Dax, qui a rendu un bel hommage \u00e0\u00a0<a href=\"http:\/\/www.lefigaro.fr\/sports\/rugby\/rugby-les-circonstances-tragiques-du-deces-de-jean-louis-berot-ex-joueur-du-xv-de-france-20250923\" data-fig-type=\"NewsFlash\" data-gtm-custom-categorie=\"navigation\" data-gtm-custom-action=\"crossclick\" data-gtm-custom-label=\"Contextuel\" data-gtm-event=\"customEventSPE\" data-fig-domain=\"LEFIGARO\" rel=\"nofollow noopener\" target=\"_blank\">Jean-Louis B\u00e9rot<\/a>, ancienne gloire de la ville thermale et du club toulousain, d\u00e9c\u00e9d\u00e9 le mardi 23 septembre dernier.<\/p>\n<p>                                    <a class=\"fig-a11y-skip a11y-hidden\" href=\"#fig-a11y-skip-main-inarticle\"><br \/>\n        Passer la publicit\u00e9<br \/>\n    <\/a><\/p>\n<p>Les avants d\u2019abord<\/p>\n<p class=\"fig-paragraph\">Le rugby commence devant. Cet adage prend encore plus d\u2019importance pour Toulouse, qui avait besoin de remettre les pendules \u00e0 l\u2019heure. Indisciplin\u00e9s et souvent coffr\u00e9s derri\u00e8re, les avants rouges et noirs ont pris les choses en jouant les p\u00e9nalit\u00e9s \u00e0 la main, en avan\u00e7ant sur les ballons port\u00e9s et en faisant reculer les Castrais sur chaque impact. Dans le sillage de Cramont \u00e9videmment mais aussi de Merkler, tr\u00e8s actif, comme Flament ou Willis. Sans oublier Th\u00e9o Ntamack, auteur d\u2019un doubl\u00e9 et qui s\u2019est beaucoup montr\u00e9.<\/p>\n<p class=\"fig-body-link\">\n            \u00c0 lire aussi<br \/>\n        <a class=\"fig-body-link__link\" href=\"http:\/\/www.lefigaro.fr\/sports\/rugby\/top-14\/top-14-toulouse-se-remet-la-tete-a-l-endroit-en-marchant-sur-castres-son-voisin-20250927\" target=\"_blank\" data-fig-type=\"NewsFlash\" rel=\"noopener nofollow\" data-gtm-custom-categorie=\"navigation\" data-gtm-custom-action=\"crossclick\" data-gtm-custom-label=\"Contextuel\" data-gtm-event=\"customEventSPE\" data-fig-domain=\"LEFIGARO\">Top 14\u00a0: Toulouse se remet la t\u00eate \u00e0 l\u2019endroit en marchant sur Castres, son voisin<br \/>\n    <\/a>\n<\/p>\n<p>Les trois-quarts au relais<\/p>\n<p class=\"fig-paragraph\">Le large pris, les trois-quarts toulousains ont voulu participer \u00e0 la f\u00eate. Le jeune trois-quarts centre Kalvin Gourgues a encore fait parler de lui en faisant parler son dynamisme et sa technique individuelle. Puis Romain Ntamack et Thomas Ramos, toujours justes dans leurs initiatives, ont distribu\u00e9 le jeu toulousain et offert des essais. Gr\u00e2ce \u00e0 de beaux mouvements, Lebel (par deux fois) et Barassi sont all\u00e9s \u00e0 dame. Sans oublier Ahki qui, dans son style caract\u00e9ristique, s\u2019est aussi mis en \u00e9vidence en fin de partie.<\/p>\n<p>Des Toulousains loin d\u2019\u00eatre marrants<\/p>\n<p class=\"fig-paragraph\">Voir les champions de France se faire \u00e9craser le week-end dernier \u00e0 Montpellier n\u2019\u00e9tait presque pas normal. Ugo Mola avait d\u2019ailleurs exprim\u00e9 sa col\u00e8re \u00e0 l\u2019issue de la rencontre. Romain Ntamack, lui, avait \u00e9voqu\u00e9 en conf\u00e9rence de presse ce vendredi la semaine tendue du club de la Ville Rose. Alors avant d\u2019affronter Castres dans le derby, les Rouge et Noir pr\u00e9paraient la rencontre avec une pression&#8230; inhabituelle. Et pourtant.\u00a0Le contrat est rempli avec cinq points dans la musette, un festival d\u2019essais et la confiance retrouv\u00e9e.<\/p>\n<p class=\"fig-paragraph\"><strong>FLOPS<\/strong><\/p>\n<p>Castres n\u2019a pas tenu la distance<\/p>\n<p class=\"fig-paragraph\">Les 30 premi\u00e8res minutes \u00e9taient \u00e0 l\u2019avantage des Castrais qui ont respect\u00e9 les consignes donn\u00e9es dans les vestiaires avant la rencontre par le capitaine Babillot. De l\u2019agressivit\u00e9, du r\u00e9alisme et de la patience. Tant d\u2019ingr\u00e9dients qui ont permis au CO de dominer la premi\u00e8re partie de la rencontre. Avant&#8230; le n\u00e9ant. Moins puissants, indisciplin\u00e9s et friables d\u00e9fensivement, les joueurs de Xavier Sadourny ont petit \u00e0 petit sombr\u00e9, sans m\u00eame parvenir \u00e0 sauver l\u2019honneur par un essai.<\/p>\n<p>                                    <a class=\"fig-a11y-skip a11y-hidden\" href=\"#fig-a11y-skip-main-inarticle_mtf\"><br \/>\n        Passer la publicit\u00e9<br \/>\n    <\/a><\/p>\n<p>Popelin bless\u00e9, casse-t\u00eate \u00e0 l\u2019ouverture<\/p>\n<p class=\"fig-paragraph\">Au-del\u00e0 de la gifle re\u00e7ue \u00e0 Ernest-Wallon, Castres va de nouveau rentrer avec une blessure, celle de Pierre Popelin. D\u00e9j\u00e0 orphelin de Louis Le Brun au poste, le CO a vu Popelin sortir, touch\u00e9 aux ischios-jambiers d\u2019une jambe. Un v\u00e9ritable coup dur puisque le club tarnais n\u2019a plus aucun demi d\u2019ouverture de formation en stock. Botitu, Fernandez voire Palis pourront d\u00e9panner. Mais l\u2019option joker m\u00e9dical ne sera peut-\u00eatre pas \u00e9cart\u00e9e&#8230;<\/p>\n<p>&#8230; Brennan lui aussi bless\u00e9<\/p>\n<p class=\"fig-paragraph\">Les rencontres sont de plus en plus dures et les organismes souffrent. En m\u00eame temps que Pierre Popelin, le deuxi\u00e8me ou troisi\u00e8me-ligne international fran\u00e7ais Joshua Brennan a d\u00fb laisser sa place au jeune argentin Elias. Le robuste Toulousain boitait d\u2019ailleurs bas. Une mauvaise nouvelle pour le club rouge et noir, d\u00e9j\u00e0 pas verni par les absents (Marchand, Mauvaka, Dupont, Colombe ou encore Delibes).<\/p>\n","protected":false},"excerpt":{"rendered":"TOPS\/FLOPS \u2013 D\u00e9couvrez ce qui a retenu l\u2019attention de la r\u00e9daction ce samedi soir lors de la d\u00e9monstration&hellip;\n","protected":false},"author":2,"featured_media":422303,"comment_status":"","ping_status":"","sticky":false,"template":"","format":"standard","meta":{"footnotes":""},"categories":[2816],"tags":[1111,11,7336,1777,674,1011,27,12,2680,25,7205,476,2312],"class_list":{"0":"post-422302","1":"post","2":"type-post","3":"status-publish","4":"format-standard","5":"has-post-thumbnail","7":"category-toulouse","8":"tag-actu","9":"tag-actualites","10":"tag-castres-olympique","11":"tag-eu","12":"tag-europe","13":"tag-fr","14":"tag-france","15":"tag-news","16":"tag-occitanie","17":"tag-republique-francaise","18":"tag-romain-ntamack","19":"tag-stade-toulousain","20":"tag-toulouse"},"share_on_mastodon":{"url":"https:\/\/pubeurope.com\/@fr\/115278383853183047","error":""},"_links":{"self":[{"href":"https:\/\/www.europesays.com\/fr\/wp-json\/wp\/v2\/posts\/422302","targetHints":{"allow":["GET"]}}],"collection":[{"href":"https:\/\/www.europesays.com\/fr\/wp-json\/wp\/v2\/posts"}],"about":[{"href":"https:\/\/www.europesays.com\/fr\/wp-json\/wp\/v2\/types\/post"}],"author":[{"embeddable":true,"href":"https:\/\/www.europesays.com\/fr\/wp-json\/wp\/v2\/users\/2"}],"replies":[{"embeddable":true,"href":"https:\/\/www.europesays.com\/fr\/wp-json\/wp\/v2\/comments?post=422302"}],"version-history":[{"count":0,"href":"https:\/\/www.europesays.com\/fr\/wp-json\/wp\/v2\/posts\/422302\/revisions"}],"wp:featuredmedia":[{"embeddable":true,"href":"https:\/\/www.europesays.com\/fr\/wp-json\/wp\/v2\/media\/422303"}],"wp:attachment":[{"href":"https:\/\/www.europesays.com\/fr\/wp-json\/wp\/v2\/media?parent=422302"}],"wp:term":[{"taxonomy":"category","embeddable":true,"href":"https:\/\/www.europesays.com\/fr\/wp-json\/wp\/v2\/categories?post=422302"},{"taxonomy":"post_tag","embeddable":true,"href":"https:\/\/www.europesays.com\/fr\/wp-json\/wp\/v2\/tags?post=422302"}],"curies":[{"name":"wp","href":"https:\/\/api.w.org\/{rel}","templated":true}]}}