{"id":422304,"date":"2025-09-27T21:29:17","date_gmt":"2025-09-27T21:29:17","guid":{"rendered":"https:\/\/www.europesays.com\/fr\/422304\/"},"modified":"2025-09-27T21:29:17","modified_gmt":"2025-09-27T21:29:17","slug":"lille-lyon-le-plan-de-paulo-fonseca-pour-bloquer-olivier-giroud","status":"publish","type":"post","link":"https:\/\/www.europesays.com\/fr\/422304\/","title":{"rendered":"Lille &#8211; Lyon, le plan de Paulo Fonseca pour bloquer Olivier Giroud"},"content":{"rendered":"<p data-testid=\"article-teaser\" class=\"article_teaser__rjxUK\">L\u2019entraineur de l\u2019OL, Paulo Fonseca, a pr\u00e9par\u00e9 un plan anti-Giroud avant d\u2019affronter Lille, dimanche. <\/p>\n<p><a href=\"https:\/\/www.goal.com\/fr\/parier-en-ligne\/pronostic-lille-vs-lyon-28-9-2025\/blt52c4b5b6a480471b\" target=\"_self\" rel=\"noopener\">\u00c0 l\u2019approche du choc entre le LOSC et l\u2019Olympique Lyonnais<\/a>, un nom revient sans cesse : Olivier Giroud. \u00c0 38 ans, l\u2019ancien buteur des Bleus s\u2019est rapidement impos\u00e9 comme la pi\u00e8ce ma\u00eetresse de l\u2019attaque lilloise. D\u00e9j\u00e0 buteur \u00e0 trois reprises depuis le d\u00e9but de la saison et encore d\u00e9cisif face \u00e0 Brann en Europa League, il repr\u00e9sente la principale menace offensive pour les Lyonnais. Mais Paulo Fonseca, parfaitement conscient du danger, a d\u00e9j\u00e0 \u00e9labor\u00e9 une strat\u00e9gie pr\u00e9cise pour r\u00e9duire son influence.<\/p>\n","protected":false},"excerpt":{"rendered":"L\u2019entraineur de l\u2019OL, Paulo Fonseca, a pr\u00e9par\u00e9 un plan anti-Giroud avant d\u2019affronter Lille, dimanche. \u00c0 l\u2019approche du choc&hellip;\n","protected":false},"author":2,"featured_media":422305,"comment_status":"","ping_status":"","sticky":false,"template":"","format":"standard","meta":{"footnotes":""},"categories":[2815],"tags":[1111,11,1777,674,1011,27,811,66,1307,55154,2428,12,34309,3811,25],"class_list":{"0":"post-422304","1":"post","2":"type-post","3":"status-publish","4":"format-standard","5":"has-post-thumbnail","7":"category-lille","8":"tag-actu","9":"tag-actualites","10":"tag-eu","11":"tag-europe","12":"tag-fr","13":"tag-france","14":"tag-hauts-de-france","15":"tag-ligue-1","16":"tag-lille","17":"tag-lille-vs-lyon","18":"tag-lyon","19":"tag-news","20":"tag-o-giroud","21":"tag-p-fonseca","22":"tag-republique-francaise"},"share_on_mastodon":{"url":"https:\/\/pubeurope.com\/@fr\/115278391884765833","error":""},"_links":{"self":[{"href":"https:\/\/www.europesays.com\/fr\/wp-json\/wp\/v2\/posts\/422304","targetHints":{"allow":["GET"]}}],"collection":[{"href":"https:\/\/www.europesays.com\/fr\/wp-json\/wp\/v2\/posts"}],"about":[{"href":"https:\/\/www.europesays.com\/fr\/wp-json\/wp\/v2\/types\/post"}],"author":[{"embeddable":true,"href":"https:\/\/www.europesays.com\/fr\/wp-json\/wp\/v2\/users\/2"}],"replies":[{"embeddable":true,"href":"https:\/\/www.europesays.com\/fr\/wp-json\/wp\/v2\/comments?post=422304"}],"version-history":[{"count":0,"href":"https:\/\/www.europesays.com\/fr\/wp-json\/wp\/v2\/posts\/422304\/revisions"}],"wp:featuredmedia":[{"embeddable":true,"href":"https:\/\/www.europesays.com\/fr\/wp-json\/wp\/v2\/media\/422305"}],"wp:attachment":[{"href":"https:\/\/www.europesays.com\/fr\/wp-json\/wp\/v2\/media?parent=422304"}],"wp:term":[{"taxonomy":"category","embeddable":true,"href":"https:\/\/www.europesays.com\/fr\/wp-json\/wp\/v2\/categories?post=422304"},{"taxonomy":"post_tag","embeddable":true,"href":"https:\/\/www.europesays.com\/fr\/wp-json\/wp\/v2\/tags?post=422304"}],"curies":[{"name":"wp","href":"https:\/\/api.w.org\/{rel}","templated":true}]}}