{"id":422306,"date":"2025-09-27T21:30:14","date_gmt":"2025-09-27T21:30:14","guid":{"rendered":"https:\/\/www.europesays.com\/fr\/422306\/"},"modified":"2025-09-27T21:30:14","modified_gmt":"2025-09-27T21:30:14","slug":"un-ancien-marin-pompier-de-marseille-traverse-la-france-en-courant-pour-briser-le-tabou-du-suicide","status":"publish","type":"post","link":"https:\/\/www.europesays.com\/fr\/422306\/","title":{"rendered":"Un ancien marin-pompier de Marseille traverse la France en courant pour \u00ab\u00a0briser le tabou\u00a0\u00bb du suicide"},"content":{"rendered":"<p>Il court tous les jours. Qu\u2019il pleuve, qu\u2019il vente ou que le soleil tape. Depuis plusieurs semaines d\u00e9j\u00e0, Swami Fontaine avale les kilom\u00e8tres avec une d\u00e9termination sans faille. Pour lui, ce projet \u00ab\u00a0Pour Dudu\u00a0\u00bb n\u2019est pas une performance sportive mais un hommage.<\/p>\n<p>Le 1er\u00a0septembre dernier, il s\u2019\u00e9lan\u00e7ait de Suippes, dans la Marne, avec un objectif bien particulier\u00a0: rejoindre Fr\u00e9jus, dans le Var, en courant, en traversant les lieux symboliques de la vie de R\u00e9my Duvelle, son ami, ancien ma\u00eetre-chien dans l\u2019arm\u00e9e de terre, marathonien et <a href=\"https:\/\/www.laprovence.com\/article\/faits-divers-justice\/25965017686970\/le-bataillon-des-marins-pompiers-de-marseille-pourrait-inspirer-la-securite-civile\" target=\"_blank\" rel=\"noopener\">marin-pompier \u00e0 Marseille<\/a>, qui s\u2019est donn\u00e9 la mort en\u00a02024. \u00ab\u00a0R\u00e9my \u00e9tait un fr\u00e8re pour moi. On a travers\u00e9 des moments difficiles, on s\u2019est soutenus. Son d\u00e9part a \u00e9t\u00e9 un choc. Je ne pouvais pas rester sans rien faire\u00a0\u00bb, confie-t-il. Pour lui rendre hommage, mais surtout pour porter un message d\u2019espoir \u00e0 ceux qui souffrent en silence, le jeune homme de 25\u00a0ans s\u2019est lanc\u00e9 dans une travers\u00e9e de la France en courant.<\/p>\n<p>Ce dimanche 28\u00a0septembre, c\u2019est \u00e0 <a href=\"https:\/\/www.laprovence.com\/bouches-du-rhone\/salon-de-provence-13103\" target=\"_blank\" rel=\"noopener\">Salon-de-Provence<\/a>, sa ville de c\u0153ur, qu\u2019il pose ses baskets us\u00e9es par les kilom\u00e8tres. Un passage charg\u00e9 d\u2019\u00e9motion\u00a0: \u00ab\u00a0Ici, je me sens chez moi. C\u2019est un rep\u00e8re, un lieu o\u00f9 je me ressource. J\u2019y retrouve ma belle-famil&#8230;<\/p>\n","protected":false},"excerpt":{"rendered":"Il court tous les jours. Qu\u2019il pleuve, qu\u2019il vente ou que le soleil tape. Depuis plusieurs semaines d\u00e9j\u00e0,&hellip;\n","protected":false},"author":2,"featured_media":422307,"comment_status":"","ping_status":"","sticky":false,"template":"","format":"standard","meta":{"footnotes":""},"categories":[2814],"tags":[17,1111,11,4255,22298,1777,674,1011,27,17289,884,12,471,882,16,25,31002],"class_list":{"0":"post-422306","1":"post","2":"type-post","3":"status-publish","4":"format-standard","5":"has-post-thumbnail","7":"category-marseille","8":"tag-17","9":"tag-actu","10":"tag-actualites","11":"tag-ancien","12":"tag-courant","13":"tag-eu","14":"tag-europe","15":"tag-fr","16":"tag-france","17":"tag-marin-pompier","18":"tag-marseille","19":"tag-news","20":"tag-pour","21":"tag-provence-alpes-cote-dazur","22":"tag-region","23":"tag-republique-francaise","24":"tag-traverse"},"share_on_mastodon":{"url":"https:\/\/pubeurope.com\/@fr\/115278395688760982","error":""},"_links":{"self":[{"href":"https:\/\/www.europesays.com\/fr\/wp-json\/wp\/v2\/posts\/422306","targetHints":{"allow":["GET"]}}],"collection":[{"href":"https:\/\/www.europesays.com\/fr\/wp-json\/wp\/v2\/posts"}],"about":[{"href":"https:\/\/www.europesays.com\/fr\/wp-json\/wp\/v2\/types\/post"}],"author":[{"embeddable":true,"href":"https:\/\/www.europesays.com\/fr\/wp-json\/wp\/v2\/users\/2"}],"replies":[{"embeddable":true,"href":"https:\/\/www.europesays.com\/fr\/wp-json\/wp\/v2\/comments?post=422306"}],"version-history":[{"count":0,"href":"https:\/\/www.europesays.com\/fr\/wp-json\/wp\/v2\/posts\/422306\/revisions"}],"wp:featuredmedia":[{"embeddable":true,"href":"https:\/\/www.europesays.com\/fr\/wp-json\/wp\/v2\/media\/422307"}],"wp:attachment":[{"href":"https:\/\/www.europesays.com\/fr\/wp-json\/wp\/v2\/media?parent=422306"}],"wp:term":[{"taxonomy":"category","embeddable":true,"href":"https:\/\/www.europesays.com\/fr\/wp-json\/wp\/v2\/categories?post=422306"},{"taxonomy":"post_tag","embeddable":true,"href":"https:\/\/www.europesays.com\/fr\/wp-json\/wp\/v2\/tags?post=422306"}],"curies":[{"name":"wp","href":"https:\/\/api.w.org\/{rel}","templated":true}]}}