{"id":422310,"date":"2025-09-27T21:32:17","date_gmt":"2025-09-27T21:32:17","guid":{"rendered":"https:\/\/www.europesays.com\/fr\/422310\/"},"modified":"2025-09-27T21:32:17","modified_gmt":"2025-09-27T21:32:17","slug":"est-lyonnais-la-communaute-de-communes-poursuit-ses-investissements-sur-ses-differentes-zones-dactivites","status":"publish","type":"post","link":"https:\/\/www.europesays.com\/fr\/422310\/","title":{"rendered":"Est Lyonnais. La communaut\u00e9 de communes poursuit ses investissements sur ses diff\u00e9rentes zones d\u2019activit\u00e9s"},"content":{"rendered":"<p>Ce mardi 23\u00a0septembre, \u00e0 Saint-Pierre-de-Chandieu, les 40 conseillers communautaires de la CCEL (Communaut\u00e9 de Communes de l\u2019Est Lyonnais) \u00e9taient r\u00e9unis pour leur conseil de rentr\u00e9e, tr\u00e8s charg\u00e9 c\u00f4t\u00e9 finances.<\/p>\n<p>Florent Ruz, le vice-pr\u00e9sident en charge des finances et de la voirie, a pr\u00e9sent\u00e9 plusieurs d\u00e9lib\u00e9rations. Elles portaient sur les modifications des autorisations de programme et de cr\u00e9dits de paiement (AP\/CP) concernant les am\u00e9nagements apport\u00e9s aux diff\u00e9rentes ZAE que compte la CCEL.<\/p>\n<p>Ces AP\/CP reposent sur une technique financi\u00e8re,&#8230;<\/p>\n","protected":false},"excerpt":{"rendered":"Ce mardi 23\u00a0septembre, \u00e0 Saint-Pierre-de-Chandieu, les 40 conseillers communautaires de la CCEL (Communaut\u00e9 de Communes de l\u2019Est Lyonnais)&hellip;\n","protected":false},"author":2,"featured_media":422311,"comment_status":"","ping_status":"","sticky":false,"template":"","format":"standard","meta":{"footnotes":""},"categories":[1889],"tags":[1111,11,2430,3152,1777,674,1011,27,2428,12,316,25,23534,36805],"class_list":{"0":"post-422310","1":"post","2":"type-post","3":"status-publish","4":"format-standard","5":"has-post-thumbnail","7":"category-lyon","8":"tag-actu","9":"tag-actualites","10":"tag-auvergne-rhone-alpes","11":"tag-edition-est-lyonnais","12":"tag-eu","13":"tag-europe","14":"tag-fr","15":"tag-france","16":"tag-lyon","17":"tag-news","18":"tag-politique","19":"tag-republique-francaise","20":"tag-saint-laurent-de-mure-bassin","21":"tag-saint-pierre-de-chandieu"},"share_on_mastodon":{"url":"https:\/\/pubeurope.com\/@fr\/115278403564987749","error":""},"_links":{"self":[{"href":"https:\/\/www.europesays.com\/fr\/wp-json\/wp\/v2\/posts\/422310","targetHints":{"allow":["GET"]}}],"collection":[{"href":"https:\/\/www.europesays.com\/fr\/wp-json\/wp\/v2\/posts"}],"about":[{"href":"https:\/\/www.europesays.com\/fr\/wp-json\/wp\/v2\/types\/post"}],"author":[{"embeddable":true,"href":"https:\/\/www.europesays.com\/fr\/wp-json\/wp\/v2\/users\/2"}],"replies":[{"embeddable":true,"href":"https:\/\/www.europesays.com\/fr\/wp-json\/wp\/v2\/comments?post=422310"}],"version-history":[{"count":0,"href":"https:\/\/www.europesays.com\/fr\/wp-json\/wp\/v2\/posts\/422310\/revisions"}],"wp:featuredmedia":[{"embeddable":true,"href":"https:\/\/www.europesays.com\/fr\/wp-json\/wp\/v2\/media\/422311"}],"wp:attachment":[{"href":"https:\/\/www.europesays.com\/fr\/wp-json\/wp\/v2\/media?parent=422310"}],"wp:term":[{"taxonomy":"category","embeddable":true,"href":"https:\/\/www.europesays.com\/fr\/wp-json\/wp\/v2\/categories?post=422310"},{"taxonomy":"post_tag","embeddable":true,"href":"https:\/\/www.europesays.com\/fr\/wp-json\/wp\/v2\/tags?post=422310"}],"curies":[{"name":"wp","href":"https:\/\/api.w.org\/{rel}","templated":true}]}}