{"id":422317,"date":"2025-09-27T21:38:32","date_gmt":"2025-09-27T21:38:32","guid":{"rendered":"https:\/\/www.europesays.com\/fr\/422317\/"},"modified":"2025-09-27T21:38:32","modified_gmt":"2025-09-27T21:38:32","slug":"un-homme-ecroue-pour-avoir-egorge-sa-compagne-dans-leur-appartement","status":"publish","type":"post","link":"https:\/\/www.europesays.com\/fr\/422317\/","title":{"rendered":"Un homme \u00e9crou\u00e9 pour avoir \u00e9gorg\u00e9 sa compagne dans leur appartement"},"content":{"rendered":"<p class=\"mb-4 text-lg md:leading-8 break-words\"><strong>F\u00e9minicide &#8211; Le mis en cause, \u00e2g\u00e9 de 60 ans, a appel\u00e9 la police pour se d\u00e9noncer d&rsquo;avoir tu\u00e9 sa femme, que les policiers ont retrouv\u00e9e \u00e9gorg\u00e9e<\/strong><\/p>\n<p class=\"mb-4 text-lg md:leading-8 break-words\">La liste des <a href=\"https:\/\/www.20minutes.fr\/societe\/feminicide\/?at_medium=RSS%20feed&amp;at_campaign=ynews&amp;utm_source=yahoo&amp;utm_medium=rss&amp;utm_campaign=news_feed&amp;utm_content=in_article_link\" rel=\"nofollow noopener\" target=\"_blank\" data-ylk=\"slk:f\u00e9minicides;elm:context_link;itc:0;sec:content-canvas\" class=\"link \">f\u00e9minicides<\/a> s\u2019allonge. Un homme de 60 ans a \u00e9t\u00e9 mis en examen et \u00e9crou\u00e9 pour le meurtre de sa femme, mercredi, a indiqu\u00e9 le parquet de Paris. Ce matin-l\u00e0, Ahmed B., infirmier de profession, a \u00ab\u00a0appel\u00e9 la <a href=\"https:\/\/www.20minutes.fr\/dossier\/police?at_medium=RSS%20feed&amp;at_campaign=ynews&amp;utm_source=yahoo&amp;utm_medium=rss&amp;utm_campaign=news_feed&amp;utm_content=in_article_link\" rel=\"nofollow noopener\" target=\"_blank\" data-ylk=\"slk:police;elm:context_link;itc:0;sec:content-canvas\" class=\"link \">police<\/a> pour se d\u00e9noncer d\u2019avoir tu\u00e9 sa femme\u00a0\u00bb, \u00e2g\u00e9e de 60 ans \u00e9galement, \u00ab\u00a0par arme blanche\u00a0\u00bb, a pr\u00e9cis\u00e9 le minist\u00e8re public.<\/p>\n<p class=\"mb-4 text-lg md:leading-8 break-words\">Une source polici\u00e8re avait pr\u00e9cis\u00e9 que le mis en cause \u00e9tait macul\u00e9 de sang lorsqu\u2019il avait \u00e9t\u00e9 interpell\u00e9 dans les parties communes de son immeuble, situ\u00e9 dans le 20e\u00a0arrondissement de <a href=\"https:\/\/www.20minutes.fr\/paris\/?at_medium=RSS%20feed&amp;at_campaign=ynews&amp;utm_source=yahoo&amp;utm_medium=rss&amp;utm_campaign=news_feed&amp;utm_content=in_article_link\" rel=\"nofollow noopener\" target=\"_blank\" data-ylk=\"slk:Paris;elm:context_link;itc:0;sec:content-canvas\" class=\"link \">Paris<\/a>. Selon le parquet, \u00ab\u00a0\u00e0 leur arriv\u00e9e dans le domicile conjugal, rue des Tourelles, les policiers ont d\u00e9couvert la victime sans espoir de r\u00e9animation\u00a0\u00bb. Selon la source polici\u00e8re, elle a \u00e9t\u00e9 retrouv\u00e9e dans la salle de bains, \u00e9gorg\u00e9e. Elle pr\u00e9sentait \u00e9galement des entailles sur la cuisse droite et sur la poitrine.<\/p>\n<p>Pr\u00e8s de 100 f\u00e9minicides conjugaux en\u00a02023<\/p>\n<p class=\"mb-4 text-lg md:leading-8 break-words\">Apr\u00e8s deux jours de garde \u00e0 vue, le suspect a \u00e9t\u00e9 <a href=\"https:\/\/www.20minutes.fr\/dossier\/mis_en_examen?at_medium=RSS%20feed&amp;at_campaign=ynews&amp;utm_source=yahoo&amp;utm_medium=rss&amp;utm_campaign=news_feed&amp;utm_content=in_article_link\" rel=\"nofollow noopener\" target=\"_blank\" data-ylk=\"slk:mis en examen;elm:context_link;itc:0;sec:content-canvas\" class=\"link \">mis en examen<\/a> et plac\u00e9 en d\u00e9tention provisoire vendredi, conform\u00e9ment aux r\u00e9quisitions du parquet de Paris. \u00ab\u00a0Les deux enfants majeurs de la d\u00e9funte ont \u00e9t\u00e9 inform\u00e9s par les services enqu\u00eateurs, un accompagnement leur est propos\u00e9 par le vecteur de l\u2019association Paris Aide aux Victimes\u00a0\u00bb, a ajout\u00e9 le minist\u00e8re public.<\/p>\n<p class=\"mb-4 text-lg md:leading-8 break-words\">Le parquet a soulign\u00e9 que \u00ab\u00a0contrairement \u00e0 ce qui a pu \u00eatre \u00e9voqu\u00e9 dans certains m\u00e9dias\u00a0\u00bb de source polici\u00e8re, \u00ab\u00a0il n\u2019a jamais \u00e9t\u00e9 question de schizophr\u00e9nie dans la proc\u00e9dure, ni dans les d\u00e9clarations, ni par avis m\u00e9dical\u00a0\u00bb.<\/p>\n<p><a href=\"https:\/\/www.20minutes.fr\/societe\/feminicide\/\" rel=\"nofollow noopener\" target=\"_blank\" data-ylk=\"slk:Notre dossier sur les f\u00e9minicides;elm:context_link;itc:0;sec:content-canvas\" class=\"link \">Notre dossier sur les f\u00e9minicides<\/a><\/p>\n<p class=\"mb-4 text-lg md:leading-8 break-words\">Selon les (&#8230;)<\/p>\n<p class=\"mb-4 text-lg md:leading-8 break-words\"><a href=\"https:\/\/www.20minutes.fr\/faits_divers\/faits-divers-paris\/4175651-20250927-paris-homme-ecroue-avoir-egorge-compagne-appartement?at_medium=RSS%20feed&amp;at_campaign=ynews&amp;utm_source=yahoo&amp;utm_medium=rss&amp;utm_campaign=news_feed&amp;utm_content=read_more_link&quot;\" rel=\"nofollow noopener\" target=\"_blank\" data-ylk=\"slk:Lire la suite sur 20minutes;elm:context_link;itc:0;sec:content-canvas\" class=\"link \">Lire la suite sur 20minutes<\/a><\/p>\n<p>\u00c0 lire aussi :<br \/><a href=\"https:\/\/www.20minutes.fr\/faits_divers\/4175008-20250924-feminicide-ines-mecellem-comment-enqueteurs-traquent-principal-suspect?at_medium=RSS%20feed&amp;at_campaign=ynews&amp;utm_source=yahoo&amp;utm_medium=rss&amp;utm_campaign=news_feed&amp;utm_content=related_content_link\" rel=\"nofollow noopener\" target=\"_blank\" data-ylk=\"slk:F\u00e9minicide d\u2019In\u00e8s Mecellem\u00a0: Comment les enqu\u00eateurs traquent le principal suspect\u00a0?;elm:context_link;itc:0;sec:content-canvas\" class=\"link \">F\u00e9minicide d\u2019In\u00e8s Mecellem\u00a0: Comment les enqu\u00eateurs traquent le principal suspect\u00a0?<\/a><br \/><a href=\"https:\/\/www.20minutes.fr\/faits_divers\/4175290-20250927-affaire-magali-blandin-cousin-meurtrier-ausculte-violence-branche-pourrie-famille?at_medium=RSS%20feed&amp;at_campaign=ynews&amp;utm_source=yahoo&amp;utm_medium=rss&amp;utm_campaign=news_feed&amp;utm_content=related_content_link\" rel=\"nofollow noopener\" target=\"_blank\" data-ylk=\"slk:Affaire Magali Blandin\u00a0: Ce cousin du meurtrier ausculte la violence de \u00ab\u00a0la branche pourrie\u00a0\u00bb de sa famille;elm:context_link;itc:0;sec:content-canvas\" class=\"link \">Affaire Magali Blandin\u00a0: Ce cousin du meurtrier ausculte la violence de \u00ab\u00a0la branche pourrie\u00a0\u00bb de sa famille<\/a><\/p>\n","protected":false},"excerpt":{"rendered":"F\u00e9minicide &#8211; Le mis en cause, \u00e2g\u00e9 de 60 ans, a appel\u00e9 la police pour se d\u00e9noncer d&rsquo;avoir&hellip;\n","protected":false},"author":2,"featured_media":421446,"comment_status":"","ping_status":"","sticky":false,"template":"","format":"standard","meta":{"footnotes":""},"categories":[1888],"tags":[1111,1928,11,1927,1777,674,1011,27,12,1926,626,1925,25,55055],"class_list":{"0":"post-422317","1":"post","2":"type-post","3":"status-publish","4":"format-standard","5":"has-post-thumbnail","7":"category-paris","8":"tag-actu","9":"tag-actu-paris","10":"tag-actualites","11":"tag-actualites-paris","12":"tag-eu","13":"tag-europe","14":"tag-fr","15":"tag-france","16":"tag-news","17":"tag-news-paris","18":"tag-paris","19":"tag-paris-news","20":"tag-republique-francaise","21":"tag-rue-des-tourelles"},"share_on_mastodon":{"url":"https:\/\/pubeurope.com\/@fr\/115278427136142419","error":""},"_links":{"self":[{"href":"https:\/\/www.europesays.com\/fr\/wp-json\/wp\/v2\/posts\/422317","targetHints":{"allow":["GET"]}}],"collection":[{"href":"https:\/\/www.europesays.com\/fr\/wp-json\/wp\/v2\/posts"}],"about":[{"href":"https:\/\/www.europesays.com\/fr\/wp-json\/wp\/v2\/types\/post"}],"author":[{"embeddable":true,"href":"https:\/\/www.europesays.com\/fr\/wp-json\/wp\/v2\/users\/2"}],"replies":[{"embeddable":true,"href":"https:\/\/www.europesays.com\/fr\/wp-json\/wp\/v2\/comments?post=422317"}],"version-history":[{"count":0,"href":"https:\/\/www.europesays.com\/fr\/wp-json\/wp\/v2\/posts\/422317\/revisions"}],"wp:featuredmedia":[{"embeddable":true,"href":"https:\/\/www.europesays.com\/fr\/wp-json\/wp\/v2\/media\/421446"}],"wp:attachment":[{"href":"https:\/\/www.europesays.com\/fr\/wp-json\/wp\/v2\/media?parent=422317"}],"wp:term":[{"taxonomy":"category","embeddable":true,"href":"https:\/\/www.europesays.com\/fr\/wp-json\/wp\/v2\/categories?post=422317"},{"taxonomy":"post_tag","embeddable":true,"href":"https:\/\/www.europesays.com\/fr\/wp-json\/wp\/v2\/tags?post=422317"}],"curies":[{"name":"wp","href":"https:\/\/api.w.org\/{rel}","templated":true}]}}