{"id":422330,"date":"2025-09-27T21:45:18","date_gmt":"2025-09-27T21:45:18","guid":{"rendered":"https:\/\/www.europesays.com\/fr\/422330\/"},"modified":"2025-09-27T21:45:18","modified_gmt":"2025-09-27T21:45:18","slug":"defense-danemark-norvege-allemagne-de-nouveaux-survols-de-drones-toujours-aussi-mysterieux","status":"publish","type":"post","link":"https:\/\/www.europesays.com\/fr\/422330\/","title":{"rendered":"D\u00e9fense. Danemark, Norv\u00e8ge, Allemagne&#8230; De nouveaux survols de drones, toujours aussi myst\u00e9rieux"},"content":{"rendered":"<p>Des drones non identifi\u00e9s ont \u00e9t\u00e9 observ\u00e9s au-dessus de \u00ab\u00a0plusieurs sites militaires\u00a0\u00bb danois, dont la plus grande base militaire du pays, dans la nuit de vendredi \u00e0 samedi. <a href=\"https:\/\/www.ledauphine.com\/defense-guerre-conflit\/2025\/09\/26\/un-aeroport-ferme-brievement-apres-une-nouvelle-alerte-aux-drones\" target=\"_blank\" rel=\"nofollow noopener\">Plusieurs survols d&rsquo;a\u00e9roports<\/a> sont d\u00e9j\u00e0 survenus cette semaine, selon Copenhague, qui a laiss\u00e9 entendre que la Russie pourrait \u00eatre impliqu\u00e9e.<\/p>\n<p>La police danoise a pr\u00e9cis\u00e9 qu&rsquo;\u00ab un \u00e0 deux drones \u00bb avaient \u00e9t\u00e9 observ\u00e9s pr\u00e8s et au-dessus de la base militaire de Karup, qui abrite tous les h\u00e9licopt\u00e8res des forces arm\u00e9es, la surveillance de l&rsquo;espace a\u00e9rien, l&rsquo;\u00e9cole de pilotage et les fonctions de soutien. Elle ne s&rsquo;est pas prononc\u00e9e sur l&rsquo;origine de ces appareils. La base de Karup partage ses pistes avec l&rsquo;a\u00e9roport de Midtjylland, qui a \u00e9t\u00e9 bri\u00e8vement ferm\u00e9, sans affecter le trafic.<\/p>\n<p>\u00ab L&rsquo;\u0153uvre d&rsquo;un acteur professionnel \u00bb<\/p>\n<p>En Norv\u00e8ge voisine, l&rsquo;arm\u00e9e enqu\u00eate \u00e9galement sur \u00ab\u00a0d&rsquo;\u00e9ventuelles observations de drones\u00a0\u00bb t\u00f4t ce samedi matin pr\u00e8s de sa plus grande base militaire, Orland. Cette derni\u00e8re abrite ses avions de combat F-35, a d\u00e9clar\u00e9 un porte-parole militaire.<\/p>\n<p>L&rsquo;Allemagne a quant \u00e0 elle r\u00e9v\u00e9l\u00e9 avoir rep\u00e9r\u00e9 l&rsquo;intrusion in\u00e9dite, vendredi, d&rsquo;un \u00ab\u00a0essaim\u00a0\u00bb de drones au-dessus de l&rsquo;\u00c9tat de Schleswig-Holstein, frontalier du Danemark. Berlin n&rsquo;a pas donn\u00e9 de d\u00e9tails sur les sites survol\u00e9s par les drones ni sur leur origine pr\u00e9sum\u00e9e.<\/p>\n<p>Les vols de drones ont commenc\u00e9 quelques jours seulement apr\u00e8s l&rsquo;annonce par le Danemark de l&rsquo;acquisition d&rsquo;armes de pr\u00e9cision \u00e0 longue port\u00e9e. Une premi\u00e8re pour le pays, qui a invoqu\u00e9 la menace repr\u00e9sent\u00e9e par la Russie \u00ab\u00a0pour les ann\u00e9es \u00e0 venir\u00a0\u00bb.<\/p>\n<p>Les enqu\u00eateurs danois n&rsquo;ont pas r\u00e9ussi \u00e0 identifier pour le moment les responsables. Le ministre danois de la D\u00e9fense, Troels Lund Poulsen, a d\u00e9clar\u00e9 jeudi que ces vols semblaient \u00eatre \u00ab l&rsquo;\u0153uvre d&rsquo;un acteur professionnel \u00bb et la Premi\u00e8re ministre Mette Frederiksen a, elle, point\u00e9 du doigt la Russie. \u00ab Il y a un pays qui repr\u00e9sente une menace pour la s\u00e9curit\u00e9 de l&rsquo;Europe, et c&rsquo;est la Russie \u00bb, a-t-elle dit.<\/p>\n<p>Vers un \u00ab\u00a0mur anti-drones\u00a0\u00bb\u00a0<\/p>\n<p>Moscou a rejet\u00e9 \u00ab\u00a0fermement\u00a0\u00bb jeudi toute implication dans les incidents danois. Son ambassade \u00e0 Copenhague les a qualifi\u00e9s de \u00ab\u00a0provocation mise en sc\u00e8ne\u00a0\u00bb.<\/p>\n<p>Le commissaire europ\u00e9en \u00e0 la D\u00e9fense, Andrius Kubilius, a appel\u00e9 l&rsquo;Europe \u00e0 tirer les le\u00e7ons du conflit en Ukraine et mettre rapidement en place des d\u00e9fenses anti-drones. Le Danemark accueillera mercredi et jeudi un sommet europ\u00e9en r\u00e9unissant les chefs de gouvernement. Les ministres de la D\u00e9fense d&rsquo;une dizaine de pays de l&rsquo;UE ont convenu vendredi de faire de la mise en place d&rsquo;un \u00ab\u00a0mur anti-drones\u00a0\u00bb une priorit\u00e9.<\/p>\n<p>Le ministre danois de la Justice, Peter Hummelgaard, a d\u00e9clar\u00e9 que Copenhague allait acqu\u00e9rir de nouvelles capacit\u00e9s de d\u00e9tection et de neutralisation de drones. Le ministre allemand de l&rsquo;Int\u00e9rieur, Alexander Dobrindt, a de son c\u00f4t\u00e9 d\u00e9clar\u00e9 ce samedi avoir l&rsquo;intention d&rsquo;obtenir la modification des r\u00e8gles de s\u00e9curit\u00e9 a\u00e9rienne pour que les forces arm\u00e9es soient autoris\u00e9es \u00e0 \u00ab\u00a0abattre les drones\u00a0\u00bb.<\/p>\n","protected":false},"excerpt":{"rendered":"Des drones non identifi\u00e9s ont \u00e9t\u00e9 observ\u00e9s au-dessus de \u00ab\u00a0plusieurs sites militaires\u00a0\u00bb danois, dont la plus grande base&hellip;\n","protected":false},"author":2,"featured_media":422331,"comment_status":"","ping_status":"","sticky":false,"template":"","format":"standard","meta":{"footnotes":""},"categories":[1587],"tags":[11,672,1804,1805,3206,1803,1777,674,274,107,329,1801,12,1802],"class_list":{"0":"post-422330","1":"post","2":"type-post","3":"status-publish","4":"format-standard","5":"has-post-thumbnail","7":"category-allemagne","8":"tag-actualites","9":"tag-allemagne","10":"tag-bundesrepublik-deutschland","11":"tag-de","12":"tag-defense-guerre-conflit","13":"tag-deutschland","14":"tag-eu","15":"tag-europe","16":"tag-faits-divers-justice","17":"tag-fil-info","18":"tag-france-monde","19":"tag-germany","20":"tag-news","21":"tag-republique-federale-dallemagne"},"share_on_mastodon":{"url":"https:\/\/pubeurope.com\/@fr\/115278454693986993","error":""},"_links":{"self":[{"href":"https:\/\/www.europesays.com\/fr\/wp-json\/wp\/v2\/posts\/422330","targetHints":{"allow":["GET"]}}],"collection":[{"href":"https:\/\/www.europesays.com\/fr\/wp-json\/wp\/v2\/posts"}],"about":[{"href":"https:\/\/www.europesays.com\/fr\/wp-json\/wp\/v2\/types\/post"}],"author":[{"embeddable":true,"href":"https:\/\/www.europesays.com\/fr\/wp-json\/wp\/v2\/users\/2"}],"replies":[{"embeddable":true,"href":"https:\/\/www.europesays.com\/fr\/wp-json\/wp\/v2\/comments?post=422330"}],"version-history":[{"count":0,"href":"https:\/\/www.europesays.com\/fr\/wp-json\/wp\/v2\/posts\/422330\/revisions"}],"wp:featuredmedia":[{"embeddable":true,"href":"https:\/\/www.europesays.com\/fr\/wp-json\/wp\/v2\/media\/422331"}],"wp:attachment":[{"href":"https:\/\/www.europesays.com\/fr\/wp-json\/wp\/v2\/media?parent=422330"}],"wp:term":[{"taxonomy":"category","embeddable":true,"href":"https:\/\/www.europesays.com\/fr\/wp-json\/wp\/v2\/categories?post=422330"},{"taxonomy":"post_tag","embeddable":true,"href":"https:\/\/www.europesays.com\/fr\/wp-json\/wp\/v2\/tags?post=422330"}],"curies":[{"name":"wp","href":"https:\/\/api.w.org\/{rel}","templated":true}]}}