{"id":422332,"date":"2025-09-27T21:46:25","date_gmt":"2025-09-27T21:46:25","guid":{"rendered":"https:\/\/www.europesays.com\/fr\/422332\/"},"modified":"2025-09-27T21:46:25","modified_gmt":"2025-09-27T21:46:25","slug":"lequipe-de-france-devra-faire-mieux-au-championnat-deurope-actualite","status":"publish","type":"post","link":"https:\/\/www.europesays.com\/fr\/422332\/","title":{"rendered":"L&rsquo;\u00e9quipe de France devra faire mieux au Championnat d&rsquo;Europe &#8211; Actualit\u00e9"},"content":{"rendered":"<p>            L&rsquo;\u00e9quipe de France devra faire mieux au Championnat d&rsquo;Europe &#8211; Actualit\u00e9 &#8211; DirectVelo<\/p>\n<p>        <a href=\"#mobile-search-modal\" class=\"close\" data-toggle=\"modal\"\/><br \/>\n        Rechercher<br \/>\n        une course, un coureur, une actualit\u00e9&#8230;<\/p>\n","protected":false},"excerpt":{"rendered":"L&rsquo;\u00e9quipe de France devra faire mieux au Championnat d&rsquo;Europe &#8211; Actualit\u00e9 &#8211; DirectVelo Rechercher une course, un coureur,&hellip;\n","protected":false},"author":2,"featured_media":422333,"comment_status":"","ping_status":"","sticky":false,"template":"","format":"standard","meta":{"footnotes":""},"categories":[1586],"tags":[11,834,828,836,829,837,827,83,826,824,823,207,814,817,815,816,822,821,1777,674,832,211,839,1011,27,820,818,819,12,835,831,830,833,838,25,212,208,825],"class_list":{"0":"post-422332","1":"post","2":"type-post","3":"status-publish","4":"format-standard","5":"has-post-thumbnail","7":"category-europe","8":"tag-actualites","9":"tag-attaque","10":"tag-belgique","11":"tag-braquet","12":"tag-bretagne","13":"tag-chute","14":"tag-competition","15":"tag-coupe-de-france","16":"tag-coureur","17":"tag-course-cyclisme","18":"tag-course-cycliste","19":"tag-cyclisme","20":"tag-direct","21":"tag-direct-velo","22":"tag-directvelo","23":"tag-directvelo-com","24":"tag-epreuve","25":"tag-epreuve-cycliste","26":"tag-eu","27":"tag-europe","28":"tag-federation-francaise-de-cyclisme","29":"tag-ffc","30":"tag-flandres","31":"tag-fr","32":"tag-france","33":"tag-live","34":"tag-live-course","35":"tag-live-epreuve","36":"tag-news","37":"tag-peloton","38":"tag-radio-peloton","39":"tag-radio-tour","40":"tag-ravitaillement","41":"tag-relance","42":"tag-republique-francaise","43":"tag-uci","44":"tag-velo","45":"tag-velos"},"share_on_mastodon":{"url":"","error":"Validation failed: Text character limit of 500 exceeded"},"_links":{"self":[{"href":"https:\/\/www.europesays.com\/fr\/wp-json\/wp\/v2\/posts\/422332","targetHints":{"allow":["GET"]}}],"collection":[{"href":"https:\/\/www.europesays.com\/fr\/wp-json\/wp\/v2\/posts"}],"about":[{"href":"https:\/\/www.europesays.com\/fr\/wp-json\/wp\/v2\/types\/post"}],"author":[{"embeddable":true,"href":"https:\/\/www.europesays.com\/fr\/wp-json\/wp\/v2\/users\/2"}],"replies":[{"embeddable":true,"href":"https:\/\/www.europesays.com\/fr\/wp-json\/wp\/v2\/comments?post=422332"}],"version-history":[{"count":0,"href":"https:\/\/www.europesays.com\/fr\/wp-json\/wp\/v2\/posts\/422332\/revisions"}],"wp:featuredmedia":[{"embeddable":true,"href":"https:\/\/www.europesays.com\/fr\/wp-json\/wp\/v2\/media\/422333"}],"wp:attachment":[{"href":"https:\/\/www.europesays.com\/fr\/wp-json\/wp\/v2\/media?parent=422332"}],"wp:term":[{"taxonomy":"category","embeddable":true,"href":"https:\/\/www.europesays.com\/fr\/wp-json\/wp\/v2\/categories?post=422332"},{"taxonomy":"post_tag","embeddable":true,"href":"https:\/\/www.europesays.com\/fr\/wp-json\/wp\/v2\/tags?post=422332"}],"curies":[{"name":"wp","href":"https:\/\/api.w.org\/{rel}","templated":true}]}}