{"id":422339,"date":"2025-09-27T21:50:24","date_gmt":"2025-09-27T21:50:24","guid":{"rendered":"https:\/\/www.europesays.com\/fr\/422339\/"},"modified":"2025-09-27T21:50:24","modified_gmt":"2025-09-27T21:50:24","slug":"coupe-de-france-carnoux-sen-sort-aux-tirs-au-but-au-4e-tour-contre-le-cannet-rocheville","status":"publish","type":"post","link":"https:\/\/www.europesays.com\/fr\/422339\/","title":{"rendered":"Coupe de France : Carnoux s&rsquo;en sort aux tirs au but au 4e tour contre le Cannet-Rocheville"},"content":{"rendered":"<p>Carnoux tient sa revanche\u00a0! D\u00e9fait il y a quelques semaines sur la C\u00f4te-d&rsquo;azur en championnat (2-0), il a remis les pendules \u00e0 l&rsquo;heure <a href=\"https:\/\/www.laprovence.com\/article\/sports\/5739121956751814\/football-coupe-de-france-carnoux-file-au-4e-tour-sans-trembler-apres-sa-large-victoire-contre-le-sc-montfavet\" target=\"_blank\" rel=\"noopener\">en coupe de France<\/a> face au\u00a0Cannet-Rocheville.<\/p>\n<p>\u00ab\u00a0On avait un sentiment d&rsquo;injustice, rappelle le coach du CFC Samir Tahrat. Dans le contenu du premier match, on m\u00e9ritait mieux que \u00e7a. Mais l&rsquo;avantage, c&rsquo;est qu&rsquo;on connaissait bien cette \u00e9quipe. On a pu bien pr\u00e9parer ce match, et on a r\u00e9ussi \u00e0 les mettre en difficult\u00e9. C&rsquo;est tr\u00e8s satisfaisant.\u00a0\u00bb<\/p>\n<p>Bien entr\u00e9s dans le match, les Carnussiens ont domin\u00e9 les d\u00e9bats dans le premier acte et se sont cr\u00e9\u00e9 quelques belles occasions par Michaux (6) et Moirabou (16). Mais dominer n&rsquo;est pas gagner. Le CFC aurait pu l&rsquo;apprendre \u00e0 ses d\u00e9pens en deuxi\u00e8me p\u00e9riode, sans un sauvetage miraculeux sur sa ligne de Mbae (72).<\/p>\n<p>Mais en d\u00e9pit de cette frayeur, Carnoux s&rsquo;en est sorti aux tirs au but gr\u00e2ce \u00e0 un arr\u00eat capital de Hadjiat devant Grich, et un penalty victorieux de Djouhri en fin de s\u00e9rie.<\/p>\n<p>Pour encore vibrer<\/p>\n<p>Gr\u00e2ce \u00e0 cette qualification, le CFC verra le prochain tour de la Coupe de France. Une comp\u00e9tition qui a r\u00e9ussi au club l&rsquo;an pass\u00e9, puisqu&rsquo;ils avaient \u00e9t\u00e9 jusqu&rsquo;au 8e tour.<\/p>\n<p>Un parcours que souhaite revoir Samir Tahrat. \u00ab\u00a0Quand on y a go\u00fbt\u00e9, on a envie d&rsquo;y retourner. C&rsquo;\u00e9tait une belle aventure pour tout le monde. La coupe de France, ce n&rsquo;est pas que celle des joueurs, mais c&rsquo;est la coupe du club. On a envie de faire briller ce club fantastique, ou on peut travailler dans de superbes conditions. On a envie de le rendre en brillant en Coupe de France.\u00a0\u00bb<\/p>\n<p>CARNOUX 0-0\u00a0LE CANNET-R. (5-3 t.\u00e0.b.)<\/p>\n<p>Stade Marcel Cerdan.<br \/>Arbitre : M. Bouzalmat.<br \/>Avertissements &#8211;\u00a0Carnoux\u00a0: Djouhri (90). Le\u00a0Cannet-Rocheville\u00a0: Denis (47)<\/p>\n","protected":false},"excerpt":{"rendered":"Carnoux tient sa revanche\u00a0! D\u00e9fait il y a quelques semaines sur la C\u00f4te-d&rsquo;azur en championnat (2-0), il a&hellip;\n","protected":false},"author":2,"featured_media":422340,"comment_status":"","ping_status":"","sticky":false,"template":"","format":"standard","meta":{"footnotes":""},"categories":[4],"tags":[17,11,1007,55155,615,63,1011,27,12,25,24236,4102,60],"class_list":{"0":"post-422339","1":"post","2":"type-post","3":"status-publish","4":"format-standard","5":"has-post-thumbnail","7":"category-france","8":"tag-17","9":"tag-actualites","10":"tag-aux","11":"tag-carnoux","12":"tag-coupe","13":"tag-football","14":"tag-fr","15":"tag-france","16":"tag-news","17":"tag-republique-francaise","18":"tag-sen","19":"tag-sort","20":"tag-sports"},"share_on_mastodon":{"url":"https:\/\/pubeurope.com\/@fr\/115278474319388831","error":""},"_links":{"self":[{"href":"https:\/\/www.europesays.com\/fr\/wp-json\/wp\/v2\/posts\/422339","targetHints":{"allow":["GET"]}}],"collection":[{"href":"https:\/\/www.europesays.com\/fr\/wp-json\/wp\/v2\/posts"}],"about":[{"href":"https:\/\/www.europesays.com\/fr\/wp-json\/wp\/v2\/types\/post"}],"author":[{"embeddable":true,"href":"https:\/\/www.europesays.com\/fr\/wp-json\/wp\/v2\/users\/2"}],"replies":[{"embeddable":true,"href":"https:\/\/www.europesays.com\/fr\/wp-json\/wp\/v2\/comments?post=422339"}],"version-history":[{"count":0,"href":"https:\/\/www.europesays.com\/fr\/wp-json\/wp\/v2\/posts\/422339\/revisions"}],"wp:featuredmedia":[{"embeddable":true,"href":"https:\/\/www.europesays.com\/fr\/wp-json\/wp\/v2\/media\/422340"}],"wp:attachment":[{"href":"https:\/\/www.europesays.com\/fr\/wp-json\/wp\/v2\/media?parent=422339"}],"wp:term":[{"taxonomy":"category","embeddable":true,"href":"https:\/\/www.europesays.com\/fr\/wp-json\/wp\/v2\/categories?post=422339"},{"taxonomy":"post_tag","embeddable":true,"href":"https:\/\/www.europesays.com\/fr\/wp-json\/wp\/v2\/tags?post=422339"}],"curies":[{"name":"wp","href":"https:\/\/api.w.org\/{rel}","templated":true}]}}