{"id":422353,"date":"2025-09-27T22:00:13","date_gmt":"2025-09-27T22:00:13","guid":{"rendered":"https:\/\/www.europesays.com\/fr\/422353\/"},"modified":"2025-09-27T22:00:13","modified_gmt":"2025-09-27T22:00:13","slug":"face-a-une-anna-wintour-surprise-meryl-streep-debarque-en-miranda-priestly-au-defile-dolce-gabbana","status":"publish","type":"post","link":"https:\/\/www.europesays.com\/fr\/422353\/","title":{"rendered":"Face \u00e0 une Anna Wintour surprise, Meryl Streep d\u00e9barque en Miranda Priestly au d\u00e9fil\u00e9 Dolce &#038; Gabbana"},"content":{"rendered":"<p>Meryl Streep a fait sensation le 27 septembre \u00e0 Milan en s\u2019installant au show de la marque italienne dans la peau de son personnage du Diable s\u2019habille en Prada.<\/p>\n<p class=\"fig-paragraph\">Il y a un peu plus d\u2019un an, l\u2019artiste Alexis Stone avait sem\u00e9 la confusion au d\u00e9fil\u00e9 Balenciaga en arrivant d\u00e9guis\u00e9 en Miranda Priestly. Ce 27 septembre \u00e0 Milan, c\u2019est cette fois la vraie Miranda, en chair et en os, qui a pris place au premier rang. En pleine Fashion Week italienne,\u00a0<a href=\"http:\/\/madame.lefigaro.fr\/celebrites\/en-plein-tournage-du-diable-s-habille-en-prada-meryl-streep-charme-ses-fans-a-travers-la-vitre-d-un-immeuble-20250725\" target=\"_blank\" data-fig-type=\"Article\" rel=\"noopener\" data-gtm-custom-categorie=\"navigation\" data-gtm-custom-action=\"crossclick\" data-gtm-custom-label=\"Contextuel\" data-gtm-event=\"customEventSPE\" data-fig-domain=\"MADAME\">Meryl Streep<\/a>\u00a0a fait sensation en d\u00e9barquant au d\u00e9fil\u00e9\u00a0<a href=\"http:\/\/madame.lefigaro.fr\/mariage\/en-images-lauren-sanchez-epouse-jeff-bezos-dans-une-robe-de-mariee-en-dentelle-dolce-gabbana-20250627\" target=\"_blank\" data-fig-type=\"Article\" rel=\"noopener\" data-gtm-custom-categorie=\"navigation\" data-gtm-custom-action=\"crossclick\" data-gtm-custom-label=\"Contextuel\" data-gtm-event=\"customEventSPE\" data-fig-domain=\"MADAME\">Dolce &amp; Gabbana<\/a>\u00a0dans la peau de l\u2019iconique r\u00e9dactrice en chef du magazine de mode Runway du film Le Diable s\u2019habille en Prada (2006). Son entr\u00e9e, pour le moins cin\u00e9matographique et immortalis\u00e9e par un oc\u00e9an de t\u00e9l\u00e9phones, a provoqu\u00e9 une s\u00e9rie d\u2019acclamations et d\u2019applaudissements au sein de l\u2019assembl\u00e9e.<\/p>\n<p>Coup de com\u2019 ultra mode<\/p>\n<p class=\"fig-paragraph\">V\u00eatue d\u2019un trench-coat beige \u00e0 ceinture l\u00e9opard, d\u2019un pantalon cigarette noir et coiff\u00e9e de l\u2019embl\u00e9matique brushing blanc, l\u2019actrice am\u00e9ricaine de 76 ans \u00e9tait accompagn\u00e9e de Stanley Tucci, alias Nigel Kipling, le directeur artistique de Runway dans Le Diable s\u2019habille en Prada. Il a fallu peu de temps pour que les vid\u00e9os de ce \u00abfashion moment\u00bb arrivent sur les r\u00e9seaux sociaux et deviennent virales. \u00abMon dieu c\u2019est hilarant, c\u2019est du cin\u00e9ma\u00bb, \u00abJ\u2019adore \u00e7a\u00a0! Merci d\u2019avoir film\u00e9 Anna Wintour. Je suis tellement curieuse de savoir ce qu\u2019elle pense vraiment de Miranda\u00bb, \u00abAnna et Miranda dans un seul cadre, la chair de poule\u00a0! Iconique\u00a0!\u00bb, peut-on lire sous\u00a0<a href=\"https:\/\/www.instagram.com\/p\/DPG1juuDBM5\/\" target=\"_blank\" rel=\"sponsored noopener\" data-gtm-custom-categorie=\"navigation\" data-gtm-custom-action=\"crossclick\" data-gtm-custom-label=\"Contextuel\" data-gtm-event=\"customEventSPE\">une vid\u00e9o partag\u00e9e sur Instagram par l\u2019influenceur Style Not Com<\/a>. La m\u00eame o\u00f9 l\u2019on aper\u00e7oit Anna Wintour assister \u00e0 ce moment sur le banc d\u2019en face, le visage cach\u00e9 derri\u00e8re ses imposantes lunettes de soleil et le sourire aux l\u00e8vres.<\/p>\n<p>                                    <a class=\"fig-a11y-skip a11y-hidden\" href=\"#fig-a11y-skip-main-inarticle\"><br \/>\n        Passer la publicit\u00e9<br \/>\n    <\/a><\/p>\n<p class=\"fig-paragraph\">\u00abPriestly est une ic\u00f4ne. C\u2019est un honneur qu\u2019elle ait choisi de revenir aux premiers rangs de notre d\u00e9fil\u00e9 aujourd\u2019hui. Elle est incroyable\u00bb, a d\u00e9clar\u00e9 en coulisse\u00a0<a href=\"https:\/\/www.lefigaro.fr\/industrie-mode\/stefano-gabbana-braquons-les-projecteurs-sur-nos-artisans-20200630\" data-fig-type=\"Article\" data-gtm-custom-categorie=\"navigation\" data-gtm-custom-action=\"crossclick\" data-gtm-custom-label=\"Contextuel\" data-gtm-event=\"customEventSPE\" data-fig-domain=\"LEFIGARO\" target=\"_blank\" rel=\"noopener\">Stefano Gabbana<\/a>, co-directeur artistique de la maison de luxe italienne lorsqu\u2019il a accueilli Meryl Streep. L\u2019actrice oscaris\u00e9e a finalement \u00e9t\u00e9 rejointe par Anna Wintour qui l\u2019a prise dans ses bras, avant de partager une coupe de champagne en backstage avec Domenico Dolce et Stefano Gabbana.<\/p>\n<p class=\"fig-body-link&#10;    \">\n            \u00c0 lire aussi<br \/>\n        <a class=\"fig-body-link__link\" href=\"http:\/\/madame.lefigaro.fr\/celebrites\/cinema\/la-chute-spectaculaire-d-anne-hathaway-sur-le-tournage-du-diable-s-habille-en-prada-2-20250828\" target=\"_blank\" data-fig-type=\"Article\" rel=\"noopener\" data-gtm-custom-categorie=\"navigation\" data-gtm-custom-action=\"crossclick\" data-gtm-custom-label=\"Contextuel\" data-gtm-event=\"customEventSPE\" data-fig-domain=\"MADAME\">La chute spectaculaire d\u2019Anne Hathaway sur le tournage du Diable s\u2019habille en Prada 2 <\/a>\n<\/p>\n<p class=\"fig-paragraph\">Confirm\u00e9 par l\u2019\u00e9quipe du film, cet \u00e9v\u00e9nement a bien \u00e9videmment \u00e9t\u00e9 orchestr\u00e9 pour les bienfaits du Diable s\u2019habille en Prada 2, en tournage \u00e0 New York depuis plusieurs mois. Les quelques heureux pr\u00e9sents ce jour-l\u00e0 auront donc, peut-\u00eatre, la chance d\u2019appara\u00eetre sur grand \u00e9cran lors de la sortie de ce deuxi\u00e8me opus tr\u00e8s attendu, pr\u00e9vue pour avril 2026. That\u2019s all.<\/p>\n<p>                                        <script async src=\"\/\/www.instagram.com\/embed.js\"><\/script><\/p>\n","protected":false},"excerpt":{"rendered":"Meryl Streep a fait sensation le 27 septembre \u00e0 Milan en s\u2019installant au show de la marque italienne&hellip;\n","protected":false},"author":2,"featured_media":422354,"comment_status":"","ping_status":"","sticky":false,"template":"","format":"standard","meta":{"footnotes":""},"categories":[1359],"tags":[34602,58,23716,59,992,1011,27,40528,973],"class_list":{"0":"post-422353","1":"post","2":"type-post","3":"status-publish","4":"format-standard","5":"has-post-thumbnail","7":"category-people","8":"tag-anna-wintour","9":"tag-divertissement","10":"tag-dolce-gabbana","11":"tag-entertainment","12":"tag-fashion-week","13":"tag-fr","14":"tag-france","15":"tag-meryl-streep","16":"tag-people"},"share_on_mastodon":{"url":"https:\/\/pubeurope.com\/@fr\/115278513699522866","error":""},"_links":{"self":[{"href":"https:\/\/www.europesays.com\/fr\/wp-json\/wp\/v2\/posts\/422353","targetHints":{"allow":["GET"]}}],"collection":[{"href":"https:\/\/www.europesays.com\/fr\/wp-json\/wp\/v2\/posts"}],"about":[{"href":"https:\/\/www.europesays.com\/fr\/wp-json\/wp\/v2\/types\/post"}],"author":[{"embeddable":true,"href":"https:\/\/www.europesays.com\/fr\/wp-json\/wp\/v2\/users\/2"}],"replies":[{"embeddable":true,"href":"https:\/\/www.europesays.com\/fr\/wp-json\/wp\/v2\/comments?post=422353"}],"version-history":[{"count":0,"href":"https:\/\/www.europesays.com\/fr\/wp-json\/wp\/v2\/posts\/422353\/revisions"}],"wp:featuredmedia":[{"embeddable":true,"href":"https:\/\/www.europesays.com\/fr\/wp-json\/wp\/v2\/media\/422354"}],"wp:attachment":[{"href":"https:\/\/www.europesays.com\/fr\/wp-json\/wp\/v2\/media?parent=422353"}],"wp:term":[{"taxonomy":"category","embeddable":true,"href":"https:\/\/www.europesays.com\/fr\/wp-json\/wp\/v2\/categories?post=422353"},{"taxonomy":"post_tag","embeddable":true,"href":"https:\/\/www.europesays.com\/fr\/wp-json\/wp\/v2\/tags?post=422353"}],"curies":[{"name":"wp","href":"https:\/\/api.w.org\/{rel}","templated":true}]}}