{"id":422355,"date":"2025-09-27T22:01:18","date_gmt":"2025-09-27T22:01:18","guid":{"rendered":"https:\/\/www.europesays.com\/fr\/422355\/"},"modified":"2025-09-27T22:01:18","modified_gmt":"2025-09-27T22:01:18","slug":"marvel-vegetation-animaux-murs-de-restaurants-cette-artiste-realise-des-decors-muraux-sur-mesure","status":"publish","type":"post","link":"https:\/\/www.europesays.com\/fr\/422355\/","title":{"rendered":"Marvel, v\u00e9g\u00e9tation, animaux, murs de restaurants\u2026 Cette artiste r\u00e9alise des d\u00e9cors muraux sur-mesure"},"content":{"rendered":"<p>            Par<br \/>\n        <strong><br \/>\n            <a href=\"https:\/\/actu.fr\/auteur\/riaute-mariane\" title=\"Consulter tous les articles de Mariane RIAUTE\" target=\"_blank\" rel=\"noopener\">Mariane RIAUTE<\/a><br \/>\n        <\/strong><\/p>\n<p>        Publi\u00e9 le<\/p>\n<p>            27 sept. 2025 \u00e0 8h26        <\/p>\n<p>Au sein d\u2019un cabinet de kin\u00e9sith\u00e9rapeute d\u2019<a href=\"https:\/\/actu.fr\/occitanie\/ayguesvives_31004\" target=\"_blank\" rel=\"noopener\">Ayguesvives<\/a>, un projet artistique se trame en ce d\u00e9but de mois de septembre\u00a02025. Pinceau dans une main et feutre \u00e9pais dans l\u2019autre, <b>M\u2019zelle cecca artwork<\/b> est en train de r\u00e9aliser une fresque, non pas sur une toile, mais sur un support encore plus grand : <b>un mur, \u00e0 l\u2019origine immacul\u00e9 de blanc<\/b>. Au fil des traits se dessinent quelques v\u00e9g\u00e9taux qui viennent apporter de la couleur et de la gaiet\u00e9 \u00e0 ce mur\u2009; qui devient progressivement une toile vivante directement int\u00e9gr\u00e9e au lieu. D\u00e9cors forestiers, manga et anim\u00e9s, feuillages, personnages Marvel, animaux sauvages\u2026 L\u2019artiste peintre originaire de cette m\u00eame commune du Lauragais en a fait sa sp\u00e9cialit\u00e9, depuis quatre ans\u2009: <b>elle r\u00e9alise des d\u00e9cors muraux pour les particuliers ainsi que les professionnels<\/b>, \u00e0 base de <b>projets sur-mesure<\/b>.<\/p>\n<p>Des pissenlits habillent le mur<\/p>\n<p class=\" wall-content\">Le mur qu\u2019elle s\u2019attelle \u00e0 peindre aujourd\u2019hui fait plus de sept m\u00e8tres de long. Immacul\u00e9 de blanc, il relie la salle d\u2019attente aux bureaux de la professionnelle qui n\u2019a pas h\u00e9sit\u00e9 \u00e0 <b>faire appel \u00e0 M\u2019zelle cecca artwork afin de donner vie \u00e0 cet espace<\/b>.<\/p>\n<p class=\" wall-content\">L\u2019artiste peintre observe les premiers coups de pinceaux qu\u2019elle a appliqu\u00e9s sur la zone\u2009: \u00ab\u2009\u00c0 force de passage, le mur a pris quelques coups. Cette fresque permet donc de faire diversion des t\u00e2ches, tout en coupant la longueur\u2009; et la cliente voulait habiller le mur pour qu\u2019<b>un d\u00e9cor doux accompagne les patients de la salle d\u2019attente<\/b> \u2013 \u00e0 laquelle \u00e7a am\u00e8ne de la vie \u2013 \u00e0 la salle de soins.\u2009\u00bb<\/p>\n<p class=\" wall-content\">Le th\u00e8me choisi\u2009? Tout simplement la nature, avec <b>de grands pissenlits qui s\u2019emparent progressivement du mur<\/b>, accompagn\u00e9s de quelques autres v\u00e9g\u00e9taux.<\/p>\n<p>Des projets en tous genres<\/p>\n<p class=\" wall-content\"><b>Animaux de la savane, arc-en-ciel, personnages Disney, d\u00e9cor marin\u2026 <\/b>Si elle admet volontiers avoir d\u00e9but\u00e9 en r\u00e9alisant de nombreuses chambres d\u2019enfants, ses cr\u00e9ations se sont ensuite diversifi\u00e9es avec le d\u00e9veloppement de son activit\u00e9.<\/p>\n<p class=\" wall-content\">En plus de pouvoir cr\u00e9er dans n\u2019importe quelle pi\u00e8ce de la maison, elle s\u2019attaque aussi aux chambres d\u2019adultes et d\u2019adolescents, avec par exemple <b>des anim\u00e9s, des cerisiers en fleurs, des personnages de l\u2019univers Marvel ou de la v\u00e9g\u00e9tation<\/b>.<\/p>\n<p class=\" wall-content\">C\u2019est aussi<b> dans le monde de l\u2019entreprise<\/b> qu\u2019elle s\u2019int\u00e8gre, en posant sa patte dans les salles de r\u00e9union des entreprises, sur les murs ext\u00e9rieurs des enseignes\u2009: logos, d\u00e9cor pour restaurant, etc. En bref, elle touche \u00e0 tous les projets possibles et envisageables.<\/p>\n<p>Votre r\u00e9gion, votre actu !<\/p>\n<p>Recevez chaque jour les infos qui comptent pour vous.<\/p>\n<p>\t<a href=\"https:\/\/actu.fr\/newsletter\" class=\"ac-btn ac-btn--corner ac-btn--medium ac-btn--blue800\" target=\"_blank\" rel=\"noopener\">S&rsquo;incrire<\/a><br \/>\nDes murs qui nous ressemblent<\/p>\n<p class=\" wall-content\">Qu\u2019ils aient une id\u00e9e pr\u00e9cise en t\u00eate ou simplement un th\u00e8me \u00e0 donner avec une carte blanche, M\u2019zelle cecca artwork se charge de trouver l\u2019id\u00e9e qui m\u00e8nera \u00e0 l\u2019esquisse puis \u00e0 la simulation, avant que les pinceaux ne s\u2019en m\u00ealent. Elle a par exemple r\u00e9alis\u00e9 des trompe-l\u2019\u0153il pour un restaurant, une t\u00eate de lit manga ou encore un mur sur le th\u00e8me tahitien.<\/p>\n<p class=\" wall-content\">L\u2019artiste veut <b>rendre ses prestations les plus accessibles possibl<\/b><b>e<\/b>, comme elle explique\u2009: \u00ab\u2009Il y a beaucoup de papiers peints panoramiques, mais c\u2019est impossible de les personnaliser. Alors qu\u2019avec la peinture, il suffit d\u2019un mur blanc et lisse pour <b>cr\u00e9er quelque chose qui nous ressemble<\/b>.\u2009\u00bb<\/p>\n<p>\u00ab\u2009Petite, je faisais les trames de coloriages pour les \u00e9l\u00e8ves\u2009\u00bb<\/p>\n<p class=\" wall-content\">\u00ab\u2009Depuis toute petite, d\u00e9j\u00e0 \u00e0 l\u2019\u00e9cole primaire, <b>je faisais les trames de coloriages pour les \u00e9l\u00e8ves au centre a\u00e9r\u00e9<\/b>\u2009\u00bb, sourit la jeune femme qui, d\u00e8s le coll\u00e8ge suivait des cours de dessin. \u00ab\u2009Je dessinais surtout des portraits au pastel sec car les expressions du visage me passionnent\u2009: <b>faire ressortir des \u00e9motions<\/b> d\u2019un dessin et que les gens les per\u00e7oivent, \u00e7a me touche.\u2009\u00bb<\/p>\n<p class=\" wall-content\">Bien que les visages ne soient pas une demande courante, elle retrouve ces \u00e9motions lorsqu\u2019elle r\u00e9alise des fresques murales, pr\u00e9cise celle qui a appris en autodidacte\u2009: \u00ab\u2009<b>C\u2019est un joli cadeau \u00e0 faire \u00e0 un enfant <\/b>et j\u2019adore les voir d\u00e9couvrir le d\u00e9cor que je cr\u00e9ai dans leur chambre, ils sont emplis d\u2019\u00e9motions\u2009!\u2009\u00bb<\/p>\n<p>Retour aux sources<\/p>\n<p class=\" wall-content\">Si elle r\u00e9alise des \u0153uvres <b>en Occitanie, dans l\u2019Aveyron, dans le Gers ou encore en r\u00e9gion PACA<\/b>, l\u2019artiste peintre est originaire du Lauragais et a fait ses \u00e9tudes au coll\u00e8ge d\u2019Ayguesvives.<\/p>\n<p class=\" wall-content\">Ce n\u2019est pas sans \u00e9motion qu\u2019elle revient \u00e0 ses origines pour ce chantier\u2009: \u00ab\u2009\u00c7a fait une vingtaine d\u2019ann\u00e9es que je n\u2019avais pas remis les pieds dans la commune. J\u2019y suis particuli\u00e8rement attach\u00e9e et <b>j\u2019aimerais beaucoup faire davantage de projets ici pour y revenir plus souvent<\/b>.\u2009\u00bb<\/p>\n<p><b>Infos pratiques<\/b><br \/>Plus d\u2019informations et prise de contact \u00e0 <a href=\"https:\/\/actu.fr\/cdn-cgi\/l\/email-protection\" class=\"__cf_email__\" data-cfemail=\"75180f1019191016101616145b140701021a071e351218141c195b161a18\" target=\"_blank\" rel=\"noopener\">[email\u00a0protected]<\/a><br \/>Des cr\u00e9ations \u00e0 d\u00e9couvrir sur la <a href=\"https:\/\/www.facebook.com\/MzelleCeccaArtwork\/\" target=\"_blank\" rel=\"noopener\">page Facebook de M\u2019zelle Cecca Artwork<\/a>, sur sa <a href=\"https:\/\/www.instagram.com\/mzellececca_artwork\/\" target=\"_blank\" rel=\"noopener\">page Instagram<\/a> ou sur <a href=\"https:\/\/www.mzellececca.fr\/\" target=\"_blank\" rel=\"noopener\">son site Internet<\/a>.<\/p>\n<p class=\" wall-content\">Personnalisez votre actualit\u00e9 en ajoutant vos villes et m\u00e9dias en favori avec <a href=\"https:\/\/moncompte.actu.fr\" title=\"D\u00e9couvez Mon Actu\" rel=\"nofollow noopener\" data-trk=\"{&quot;cta&quot;:{&quot;action&quot;:&quot;https:\\\/\\\/moncompte.actu.fr&quot;,&quot;category&quot;:&quot;mon compte&quot;,&quot;from&quot;:&quot;article footer&quot;,&quot;name&quot;:&quot;Mon actu&quot;,&quot;type&quot;:&quot;cta&quot;}}\" target=\"_blank\">Mon Actu<\/a>.<\/p>\n<p>                    <script async src=\"\/\/www.instagram.com\/embed.js\"><\/script><\/p>\n","protected":false},"excerpt":{"rendered":"Par Mariane RIAUTE Publi\u00e9 le 27 sept. 2025 \u00e0 8h26 Au sein d\u2019un cabinet de kin\u00e9sith\u00e9rapeute d\u2019Ayguesvives, un&hellip;\n","protected":false},"author":2,"featured_media":422356,"comment_status":"","ping_status":"","sticky":false,"template":"","format":"standard","meta":{"footnotes":""},"categories":[1358],"tags":[1348,1384,1385,1386,58,33,59,1011,27,2142],"class_list":{"0":"post-422355","1":"post","2":"type-post","3":"status-publish","4":"format-standard","5":"has-post-thumbnail","7":"category-arts-et-design","8":"tag-arts","9":"tag-arts-and-design","10":"tag-arts-et-design","11":"tag-design","12":"tag-divertissement","13":"tag-economie","14":"tag-entertainment","15":"tag-fr","16":"tag-france","17":"tag-maison"},"share_on_mastodon":{"url":"https:\/\/pubeurope.com\/@fr\/115278517646245276","error":""},"_links":{"self":[{"href":"https:\/\/www.europesays.com\/fr\/wp-json\/wp\/v2\/posts\/422355","targetHints":{"allow":["GET"]}}],"collection":[{"href":"https:\/\/www.europesays.com\/fr\/wp-json\/wp\/v2\/posts"}],"about":[{"href":"https:\/\/www.europesays.com\/fr\/wp-json\/wp\/v2\/types\/post"}],"author":[{"embeddable":true,"href":"https:\/\/www.europesays.com\/fr\/wp-json\/wp\/v2\/users\/2"}],"replies":[{"embeddable":true,"href":"https:\/\/www.europesays.com\/fr\/wp-json\/wp\/v2\/comments?post=422355"}],"version-history":[{"count":0,"href":"https:\/\/www.europesays.com\/fr\/wp-json\/wp\/v2\/posts\/422355\/revisions"}],"wp:featuredmedia":[{"embeddable":true,"href":"https:\/\/www.europesays.com\/fr\/wp-json\/wp\/v2\/media\/422356"}],"wp:attachment":[{"href":"https:\/\/www.europesays.com\/fr\/wp-json\/wp\/v2\/media?parent=422355"}],"wp:term":[{"taxonomy":"category","embeddable":true,"href":"https:\/\/www.europesays.com\/fr\/wp-json\/wp\/v2\/categories?post=422355"},{"taxonomy":"post_tag","embeddable":true,"href":"https:\/\/www.europesays.com\/fr\/wp-json\/wp\/v2\/tags?post=422355"}],"curies":[{"name":"wp","href":"https:\/\/api.w.org\/{rel}","templated":true}]}}