{"id":422357,"date":"2025-09-27T22:02:12","date_gmt":"2025-09-27T22:02:12","guid":{"rendered":"https:\/\/www.europesays.com\/fr\/422357\/"},"modified":"2025-09-27T22:02:12","modified_gmt":"2025-09-27T22:02:12","slug":"rambervillers-fernand-grosjean-a-dedicace-son-dernier-ouvrage","status":"publish","type":"post","link":"https:\/\/www.europesays.com\/fr\/422357\/","title":{"rendered":"Rambervillers. Fernand Grosjean a d\u00e9dicac\u00e9 son dernier ouvrage"},"content":{"rendered":"<p>Une fois de plus, Fernand Grosjean n\u2019a pas d\u00e9\u00e7u ses lecteurs avec la sortie de ce nouvel ouvrage Les pissenlits des trottoirs. Un recueil de nouvelles des ann\u00e9es 1960-1970. Ils sont venus nombreux, la plupart \u00e9tant de ses anciens \u00e9l\u00e8ves. Fernand \u00e9tait professeur de fran\u00e7ais et de dessin au coll\u00e8ge Alphonse-Cyt\u00e8re. Et que ce soit par son \u00e9criture fleurie ou ses dessins, l\u2019ouvrage a s\u00e9duit. Le prochain est attendu avec impatience.<\/p>\n","protected":false},"excerpt":{"rendered":"Une fois de plus, Fernand Grosjean n\u2019a pas d\u00e9\u00e7u ses lecteurs avec la sortie de ce nouvel ouvrage&hellip;\n","protected":false},"author":2,"featured_media":422358,"comment_status":"","ping_status":"","sticky":false,"template":"","format":"standard","meta":{"footnotes":""},"categories":[1357],"tags":[1379,8479,6211,1687,58,1799,59,1011,27,1380,23407,5486],"class_list":{"0":"post-422357","1":"post","2":"type-post","3":"status-publish","4":"format-standard","5":"has-post-thumbnail","7":"category-livres","8":"tag-books","9":"tag-cc-de-la-region-de-rambervillers-88a","10":"tag-conference","11":"tag-culture-loisirs","12":"tag-divertissement","13":"tag-edition-saint-die","14":"tag-entertainment","15":"tag-fr","16":"tag-france","17":"tag-livres","18":"tag-rambervillers","19":"tag-rencontre"},"share_on_mastodon":{"url":"https:\/\/pubeurope.com\/@fr\/115278521561340102","error":""},"_links":{"self":[{"href":"https:\/\/www.europesays.com\/fr\/wp-json\/wp\/v2\/posts\/422357","targetHints":{"allow":["GET"]}}],"collection":[{"href":"https:\/\/www.europesays.com\/fr\/wp-json\/wp\/v2\/posts"}],"about":[{"href":"https:\/\/www.europesays.com\/fr\/wp-json\/wp\/v2\/types\/post"}],"author":[{"embeddable":true,"href":"https:\/\/www.europesays.com\/fr\/wp-json\/wp\/v2\/users\/2"}],"replies":[{"embeddable":true,"href":"https:\/\/www.europesays.com\/fr\/wp-json\/wp\/v2\/comments?post=422357"}],"version-history":[{"count":0,"href":"https:\/\/www.europesays.com\/fr\/wp-json\/wp\/v2\/posts\/422357\/revisions"}],"wp:featuredmedia":[{"embeddable":true,"href":"https:\/\/www.europesays.com\/fr\/wp-json\/wp\/v2\/media\/422358"}],"wp:attachment":[{"href":"https:\/\/www.europesays.com\/fr\/wp-json\/wp\/v2\/media?parent=422357"}],"wp:term":[{"taxonomy":"category","embeddable":true,"href":"https:\/\/www.europesays.com\/fr\/wp-json\/wp\/v2\/categories?post=422357"},{"taxonomy":"post_tag","embeddable":true,"href":"https:\/\/www.europesays.com\/fr\/wp-json\/wp\/v2\/tags?post=422357"}],"curies":[{"name":"wp","href":"https:\/\/api.w.org\/{rel}","templated":true}]}}