{"id":422361,"date":"2025-09-27T22:04:12","date_gmt":"2025-09-27T22:04:12","guid":{"rendered":"https:\/\/www.europesays.com\/fr\/422361\/"},"modified":"2025-09-27T22:04:12","modified_gmt":"2025-09-27T22:04:12","slug":"mort-de-daniel-balavoine-pendant-10-ans-son-frere-a-ete-incapable-de-pratiquer-cette-activite","status":"publish","type":"post","link":"https:\/\/www.europesays.com\/fr\/422361\/","title":{"rendered":"Mort de Daniel Balavoine : pendant 10 ans, son fr\u00e8re a \u00e9t\u00e9 incapable de pratiquer cette activit\u00e9"},"content":{"rendered":"<p class=\"p1\">Une disparition tragique dans l&rsquo;histoire de la<br \/>\nchanson fran\u00e7aise. Le 14 janvier 1986, <a href=\"https:\/\/www.closermag.fr\/people\/daniel-balavoine-emotionnellement-incineree-ses-mots-qui-crevent-le-coeur-apres-son-accident-mortel-3564938\" target=\"_blank\" rel=\"noopener\"><br \/>\nDaniel Balavoine<\/a>, 33 ans, rendait dans <strong>le crash d&rsquo;un<br \/>\nh\u00e9licopt\u00e8re<\/strong> pendant le rallye Paris-Dakar. Pr\u00e8s de<br \/>\nquarante ans plus tard, <strong>ses musiciens et les gagnants<br \/>\nde<\/strong> <a href=\"https:\/\/www.closermag.fr\/vecu\/the-voice-en-plein-voyage-avec-son-petit-ami-une-ex-candidate-meurt-subitement-a-seulement-29-ans-3572841\" target=\"_blank\" rel=\"noopener\"><br \/>\nThe Voice<\/a> (Aur\u00e9lien Vivos, Nour, Odem, Florence Fran\u00e7ois,<br \/>\nAntoine Wend, Fanny Mandr\u00e9a, Roland Karl) lui rendent<br \/>\n<strong>hommage dans un spectacle<\/strong> qui sillonnera la France<br \/>\n\u00e0 partir du 25 septembre.<\/p>\n<p class=\"p1\">Le show b\u00e9n\u00e9fici<strong>era de la participation<br \/>\nsp\u00e9ciale du fr\u00e8re du chanteur, Guy Balavoine<\/strong>, qui fut<br \/>\n<strong>son choriste attitr\u00e9<\/strong> pendant sa courte mais dense<br \/>\ncarri\u00e8re musicale. Alors que d\u00e9bute la s\u00e9rie de concerts, cette<br \/>\npersonnalit\u00e9 m\u00e9connue du grand public a fait un crochet par<br \/>\nT\u00e9l\u00e9matin, ce samedi 27 septembre 2025.<\/p>\n<p>Mort de Daniel Balavoine : cette passion \u00e0 laquelle<br \/>\nson fr\u00e8re a longtemps renonc\u00e9<\/p>\n<p class=\"p1\">Comme son fr\u00e8re, Guy Balavoine est passionn\u00e9 par la<br \/>\nmusique. La mort de <a href=\"https:\/\/www.closermag.fr\/people\/daniel-balavoine-ce-privilege-fou-accorde-par-ses-ayants-droits-pour-une-journee-speciale-3556053\" target=\"_blank\" rel=\"noopener\"><br \/>\nl&rsquo;interpr\u00e8te de Mon fils, ma bataille<\/a> l&rsquo;a boulevers\u00e9 \u00e0<br \/>\nbien des \u00e9gards. \u00ab\u00a0<strong>J\u2019ai arr\u00eat\u00e9 il y a vingt ans<br \/>\nde chanter<\/strong>, s&rsquo;est confi\u00e9 le choriste face aux cam\u00e9ras<br \/>\nde France 2 ce matin. \u00c0 la mort de Daniel, <strong>pendant dix<br \/>\nans, je n\u2019ai pas pu<\/strong>.\u00a0\u00bb<\/p>\n<p class=\"p1\">La barri\u00e8re a fini par sauter gr\u00e2ce \u00e0 l&rsquo;\u00e9criture.<br \/>\n\u00ab\u00a0J&rsquo;ai \u00e9crit <strong>la chanson que je chante [sur<br \/>\nsc\u00e8ne]<\/strong>.\u00a0\u00bb Un texte dans lequel il est \u00e9crit : \u00ab\u00a0Je<br \/>\ncrois qu\u2019on souffre autant seulement quand on perd un enfant\u00a0\u00bb.<br \/>\nGuy Balavoine s&rsquo;\u00e9meut aujourd&rsquo;hui de voir <strong>une nouvelle<br \/>\ng\u00e9n\u00e9ration<\/strong> perp\u00e9tuer l&rsquo;h\u00e9ritage du <strong>compagnon<br \/>\nde<\/strong> <a href=\"https:\/\/www.closermag.fr\/people\/daniel-balavoine-qui-est-corinne-le-dernier-amour-de-sa-vie-1278137\" target=\"_blank\" rel=\"noopener\"><br \/>\n\u00ab\u00a0Coco\u00a0\u00bb Balavoine<\/a> : \u00ab\u00a0Ils me foutent les larmes aux yeux de<br \/>\ntemps en temps\u00a0\u00bb.<\/p>\n<p>Mort de Daniel Balavoine : qui est<br \/>\nl&rsquo;autre fr\u00e8re du chanteur ?<\/p>\n<p class=\"p1\">S&rsquo;il n&rsquo;a pas la musique dans le sang comme Daniel et<br \/>\nGuy, <strong>Yves Balavoine<\/strong> affiche le sourire et la<br \/>\nsimplicit\u00e9 de ses fr\u00e8res. \u00ab\u00a0Les contraintes de la vie familiale<br \/>\nont fait diverger nos trajectoires professionnelles, mais<br \/>\n<strong>notre solidarit\u00e9 est rest\u00e9e sans faille<\/strong>\u00ab\u00a0,<br \/>\nexpliquait <strong>le grand-fr\u00e8re de Daniel Balavoine<\/strong> dans<br \/>\nune interview accord\u00e9e \u00e0 La D\u00e9p\u00eache, en 2016.<\/p>\n<p class=\"p1\">Dans cet entretien, <strong>l&rsquo;ex-commandant en second<br \/>\ndu 8e RPIMa<\/strong> d\u00e9crivait celui que l&rsquo;on surnommait <a href=\"https:\/\/www.closermag.fr\/people\/daniel-balavoine-a-sa-mort-ce-choix-drastique-de-sa-veuve-qui-a-sauve-la-vie-de-son-fils-meconnu-jeremie-3527891\" target=\"_blank\" rel=\"noopener\"><br \/>\n\u00ab\u00a0Monsieur Hits\u00a0\u00bb<\/a> comme <a href=\"https:\/\/www.closermag.fr\/people\/daniel-balavoine-cette-chanson-cachee-au-texte-extremement-fort-devoilee-1186743\" target=\"_blank\" rel=\"noopener\"><br \/>\n\u00ab\u00a0un pacifiste\u00a0\u00bb<\/a> qui a <strong>refus\u00e9 toute sa vie<br \/>\n\u00ab\u00a0d&rsquo;\u00eatre r\u00e9cup\u00e9r\u00e9 par tel ou tel pr\u00e9sident\u00a0\u00bb<\/strong>. Un<br \/>\nhomme insaisissable, souvent \u00e9tiquet\u00e9 \u00e0 gauche du spectre<br \/>\npolitique, mais profond\u00e9ment engag\u00e9 malgr\u00e9 tout dans des causes qui<br \/>\nlui tenaient \u00e0 coeur.<\/p>\n","protected":false},"excerpt":{"rendered":"Une disparition tragique dans l&rsquo;histoire de la chanson fran\u00e7aise. Le 14 janvier 1986, Daniel Balavoine, 33 ans, rendait&hellip;\n","protected":false},"author":2,"featured_media":422362,"comment_status":"","ping_status":"","sticky":false,"template":"","format":"standard","meta":{"footnotes":""},"categories":[1355],"tags":[548,45098,58,59,1011,27,1361,873],"class_list":{"0":"post-422361","1":"post","2":"type-post","3":"status-publish","4":"format-standard","5":"has-post-thumbnail","7":"category-musique","8":"tag-article-simple","9":"tag-daniel-balavoine","10":"tag-divertissement","11":"tag-entertainment","12":"tag-fr","13":"tag-france","14":"tag-music","15":"tag-musique"},"share_on_mastodon":{"url":"https:\/\/pubeurope.com\/@fr\/115278529490277238","error":""},"_links":{"self":[{"href":"https:\/\/www.europesays.com\/fr\/wp-json\/wp\/v2\/posts\/422361","targetHints":{"allow":["GET"]}}],"collection":[{"href":"https:\/\/www.europesays.com\/fr\/wp-json\/wp\/v2\/posts"}],"about":[{"href":"https:\/\/www.europesays.com\/fr\/wp-json\/wp\/v2\/types\/post"}],"author":[{"embeddable":true,"href":"https:\/\/www.europesays.com\/fr\/wp-json\/wp\/v2\/users\/2"}],"replies":[{"embeddable":true,"href":"https:\/\/www.europesays.com\/fr\/wp-json\/wp\/v2\/comments?post=422361"}],"version-history":[{"count":0,"href":"https:\/\/www.europesays.com\/fr\/wp-json\/wp\/v2\/posts\/422361\/revisions"}],"wp:featuredmedia":[{"embeddable":true,"href":"https:\/\/www.europesays.com\/fr\/wp-json\/wp\/v2\/media\/422362"}],"wp:attachment":[{"href":"https:\/\/www.europesays.com\/fr\/wp-json\/wp\/v2\/media?parent=422361"}],"wp:term":[{"taxonomy":"category","embeddable":true,"href":"https:\/\/www.europesays.com\/fr\/wp-json\/wp\/v2\/categories?post=422361"},{"taxonomy":"post_tag","embeddable":true,"href":"https:\/\/www.europesays.com\/fr\/wp-json\/wp\/v2\/tags?post=422361"}],"curies":[{"name":"wp","href":"https:\/\/api.w.org\/{rel}","templated":true}]}}