{"id":422365,"date":"2025-09-27T22:06:18","date_gmt":"2025-09-27T22:06:18","guid":{"rendered":"https:\/\/www.europesays.com\/fr\/422365\/"},"modified":"2025-09-27T22:06:18","modified_gmt":"2025-09-27T22:06:18","slug":"fievre-de-la-vallee-du-rift-deja-4-morts-au-senegal-tout","status":"publish","type":"post","link":"https:\/\/www.europesays.com\/fr\/422365\/","title":{"rendered":"Fi\u00e8vre de la Vall\u00e9e du Rift : d\u00e9j\u00e0 4 morts au S\u00e9n\u00e9gal, tout&#8230;"},"content":{"rendered":"<p>\n\t\t\t\t\t\tFi\u00e8vre de la Vall\u00e9e du Rift : d\u00e9j\u00e0 4 morts au S\u00e9n\u00e9gal, tout savoir sur une bombe sanitaire silencieuse\n\t\t\t\t\t\t<\/p>\n<p>Le S\u00e9n\u00e9gal a enregistr\u00e9 sept cas de fi\u00e8vre de la Vall\u00e9e du Rift (FVR) et d\u00e9plore quatre d\u00e9c\u00e8s, selon le Dr Boly Diop, responsable de la surveillance \u00e9pid\u00e9miologique au minist\u00e8re de la Sant\u00e9 et de l\u2019Hygi\u00e8ne publique, dans une d\u00e9claration dat\u00e9e du 25 septembre 2025. Cette zoonose virale, encore m\u00e9connue du grand public, pr\u00e9occupe les experts de sant\u00e9 en raison de ses impacts sanitaires et \u00e9conomiques en Afrique.<\/p>\n<p><strong style=\"color: rgb(80, 0, 80); background-color: rgb(247, 249, 253);\">Quand le b\u00e9tail devient une source de danger<\/strong><\/p>\n<p>Identifi\u00e9e pour la premi\u00e8re fois au Kenya en 1931, la FVR est caus\u00e9e par un phl\u00e9bovirus transmis par les moustiques (Aedes, Culex). Elle frappe d\u2019abord les troupeaux, provoquant des avortements massifs chez les brebis, ch\u00e8vres et vaches, ainsi qu\u2019une forte mortalit\u00e9 chez les jeunes animaux. L\u2019homme s\u2019infecte par la piq\u00fbre de moustiques contamin\u00e9s ou par contact avec le sang, les organes ou le lait d\u2019animaux infect\u00e9s, exposant particuli\u00e8rement les \u00e9leveurs, v\u00e9t\u00e9rinaires, bouchers et leurs familles. Face \u00e0 cette menace, une strat\u00e9gie combinant vaccination animale, lutte antivectorielle et sensibilisation des populations est essentielle pour r\u00e9duire son impact. Ignorer cette zoonose, c\u2019est laisser grandir une bombe sanitaire silencieuse.<\/p>\n<p><strong style=\"color: rgb(80, 0, 80); background-color: rgb(247, 249, 253);\">Une maladie trompeuse et parfois foudroyante<\/strong><\/p>\n<p>\u00ab Chez la plupart des personnes contamin\u00e9es, la maladie se manifeste par une fi\u00e8vre soudaine, des maux de t\u00eate, des douleurs musculaires et une grande fatigue, un tableau souvent confondu avec une grippe ou le paludisme \u00bb, explique le Dr Boly Diop. Ces formes b\u00e9nignes masquent une r\u00e9alit\u00e9 plus sombre. \u00ab Dans une minorit\u00e9 de cas, la FVR bascule vers des formes s\u00e9v\u00e8res et souvent mortelles \u00bb, ajoute-t-il. Les manifestations graves incluent :<\/p>\n<ol>\n<li data-list=\"bullet\"><strong style=\"color: rgb(80, 0, 80); background-color: rgb(247, 249, 253);\">Fi\u00e8vre h\u00e9morragique<\/strong>\u00a0: atteinte du foie, jaunisse, vomissements sanglants, saignements internes ou externes, pouvant entra\u00eener la mort en moins de 72 heures.<\/li>\n<li data-list=\"bullet\"><strong style=\"color: rgb(80, 0, 80); background-color: rgb(247, 249, 253);\">M\u00e9ningo-enc\u00e9phalite<\/strong>\u00a0: le virus envahit le cerveau, provoquant convulsions, confusion, coma et s\u00e9quelles neurologiques durables.<\/li>\n<li data-list=\"bullet\"><strong style=\"color: rgb(80, 0, 80); background-color: rgb(247, 249, 253);\">Atteintes oculaires :<\/strong>\u00a0inflammation de la r\u00e9tine pouvant mener \u00e0 une c\u00e9cit\u00e9 irr\u00e9versible.<\/li>\n<\/ol>\n<p>Selon l\u2019Organisation mondiale de la Sant\u00e9 (OMS), ces formes graves tuent jusqu\u2019\u00e0 50 % des patients atteints de fi\u00e8vre h\u00e9morragique, la l\u00e9talit\u00e9 variant selon les flamb\u00e9es et la qualit\u00e9 de la prise en charge.<\/p>\n<p><strong style=\"color: rgb(80, 0, 80); background-color: rgb(247, 249, 253);\">Une menace r\u00e9currente en Afrique de l\u2019Ouest<\/strong><\/p>\n<p>Au cours des derni\u00e8res d\u00e9cennies, la FVR a frapp\u00e9 plusieurs pays africains, dont la Mauritanie, le Niger et le S\u00e9n\u00e9gal. Chaque fois, le sc\u00e9nario est le m\u00eame : de fortes pluies provoquent la prolif\u00e9ration des moustiques, les troupeaux s\u2019infectent, puis les cas humains apparaissent.<\/p>\n<p>En 2020, une flamb\u00e9e en Mauritanie a caus\u00e9 pr\u00e8s de 80 cas humains, dont plus d\u2019un tiers sont d\u00e9c\u00e9d\u00e9s.\u00a0Ces chiffres, souvent sous-estim\u00e9s faute de surveillance, montrent \u00e0 quel point cette maladie reste une tueuse silencieuse.<\/p>\n<p><strong style=\"color: rgb(80, 0, 80); background-color: rgb(247, 249, 253);\">Pas de traitement sp\u00e9cifique, une pr\u00e9vention cruciale<\/strong><\/p>\n<p>Aucun traitement antiviral ni vaccin homologu\u00e9 pour l\u2019homme n\u2019existe \u00e0 ce jour. Lamine S\u00e8ne de l&rsquo;institut Pasteur pr\u00e9cise que le Vaccinopole travaille \u00e0 \u00ab d\u00e9velopper des vaccins contre les maladies n\u00e9glig\u00e9es, comme Lassa ou la fi\u00e8vre de la Vall\u00e9e du Rift, et \u00e0 renforcer la recherche pour r\u00e9pondre rapidement \u00e0 de futures pand\u00e9mies, \u00e0 l\u2019image de la mobilisation contre la Covid-19 \u00bb.<\/p>\n<p>\u00a0La prise en charge est symptomatique : r\u00e9hydratation, transfusions en cas d\u2019h\u00e9morragie, soins intensifs pour les cas graves. \u00ab Dans les zones rurales, ces moyens sont rarement disponibles, ce qui explique une mortalit\u00e9 \u00e9lev\u00e9e \u00bb, note-t-il.Chez les animaux, des vaccins existent, mais leur utilisation reste limit\u00e9e. La pr\u00e9vention repose sur la surveillance des troupeaux, la lutte contre les moustiques et des mesures individuelles : \u00e9viter le contact avec les carcasses, consommer du lait pasteuris\u00e9 et de la viande bien cuite, et utiliser moustiquaires et r\u00e9pulsifs.<\/p>\n<p>La FVR illustre l\u2019importance de l\u2019approche \u00ab Une seule sant\u00e9 \u00bb, liant sant\u00e9 humaine, animale et environnementale. Tant que les troupeaux resteront vuln\u00e9rables et que les moustiques pulluleront apr\u00e8s chaque saison des pluies, le risque de nouvelles flamb\u00e9es mortelles restera \u00e9lev\u00e9.<\/p>\n<p><b>Auteur:<\/b> Yand\u00e9 Diop<br \/><b>Publi\u00e9 le:<\/b> Vendredi 26 Septembre 2025\n\t\t\t\t\t\t\t<\/p>\n","protected":false},"excerpt":{"rendered":"Fi\u00e8vre de la Vall\u00e9e du Rift : d\u00e9j\u00e0 4 morts au S\u00e9n\u00e9gal, tout savoir sur une bombe sanitaire&hellip;\n","protected":false},"author":2,"featured_media":422366,"comment_status":"","ping_status":"","sticky":false,"template":"","format":"standard","meta":{"footnotes":""},"categories":[10],"tags":[55156,1011,27,72,71,5699,880,45408],"class_list":{"0":"post-422365","1":"post","2":"type-post","3":"status-publish","4":"format-standard","5":"has-post-thumbnail","7":"category-sante","8":"tag-fievre-de-la-vallee-du-rift","9":"tag-fr","10":"tag-france","11":"tag-health","12":"tag-sante","13":"tag-sante-publique","14":"tag-senegal","15":"tag-zoonose"},"share_on_mastodon":{"url":"https:\/\/pubeurope.com\/@fr\/115278537362127022","error":""},"_links":{"self":[{"href":"https:\/\/www.europesays.com\/fr\/wp-json\/wp\/v2\/posts\/422365","targetHints":{"allow":["GET"]}}],"collection":[{"href":"https:\/\/www.europesays.com\/fr\/wp-json\/wp\/v2\/posts"}],"about":[{"href":"https:\/\/www.europesays.com\/fr\/wp-json\/wp\/v2\/types\/post"}],"author":[{"embeddable":true,"href":"https:\/\/www.europesays.com\/fr\/wp-json\/wp\/v2\/users\/2"}],"replies":[{"embeddable":true,"href":"https:\/\/www.europesays.com\/fr\/wp-json\/wp\/v2\/comments?post=422365"}],"version-history":[{"count":0,"href":"https:\/\/www.europesays.com\/fr\/wp-json\/wp\/v2\/posts\/422365\/revisions"}],"wp:featuredmedia":[{"embeddable":true,"href":"https:\/\/www.europesays.com\/fr\/wp-json\/wp\/v2\/media\/422366"}],"wp:attachment":[{"href":"https:\/\/www.europesays.com\/fr\/wp-json\/wp\/v2\/media?parent=422365"}],"wp:term":[{"taxonomy":"category","embeddable":true,"href":"https:\/\/www.europesays.com\/fr\/wp-json\/wp\/v2\/categories?post=422365"},{"taxonomy":"post_tag","embeddable":true,"href":"https:\/\/www.europesays.com\/fr\/wp-json\/wp\/v2\/tags?post=422365"}],"curies":[{"name":"wp","href":"https:\/\/api.w.org\/{rel}","templated":true}]}}