{"id":422374,"date":"2025-09-27T22:11:11","date_gmt":"2025-09-27T22:11:11","guid":{"rendered":"https:\/\/www.europesays.com\/fr\/422374\/"},"modified":"2025-09-27T22:11:11","modified_gmt":"2025-09-27T22:11:11","slug":"lactrice-adele-haenel-quitte-la-flottille-pour-gaza-apres-une-avarie-sur-son-navire","status":"publish","type":"post","link":"https:\/\/www.europesays.com\/fr\/422374\/","title":{"rendered":"l\u2019actrice Ad\u00e8le Haenel quitte la flottille pour Gaza apr\u00e8s une avarie sur son navire"},"content":{"rendered":"<p>L\u2019artiste et militante avait embarqu\u00e9 d\u00e9but septembre \u00e0 Tunis. La flottille comprend une cinquantaine de bateaux, avec \u00e0 bord plusieurs centaines de militants originaires de plus de 40 pays.<\/p>\n<p class=\"fig-paragraph\">L&rsquo;actrice fran\u00e7aise\u00a0<a href=\"http:\/\/www.lefigaro.fr\/culture\/adele-haenel-rejoint-susan-sarandon-et-greta-thunberg-sur-la-flottille-qui-veut-briser-le-blocus-de-gaza-20250905\" target=\"_blank\" data-fig-type=\"NewsFlash\" rel=\"noopener nofollow\" data-gtm-custom-categorie=\"navigation\" data-gtm-custom-action=\"crossclick\" data-gtm-custom-label=\"Contextuel\" data-gtm-event=\"customEventSPE\" data-fig-domain=\"LEFIGARO\">Ad\u00e8le Haenel<\/a>\u00a0a annonc\u00e9 samedi devoir quitter la flottille internationale en route vers Gaza en raison d&rsquo;une avarie technique sur son bateau et appel\u00e9 de nouveau \u00e0 \u00abmettre la pression\u00bb sur les gouvernements pour \u00abqu&rsquo;ils mettent un terme au g\u00e9nocide\u00bb dans l&rsquo;enclave palestinienne.<\/p>\n<p class=\"fig-paragraph\">L&rsquo;artiste et militante avait embarqu\u00e9 d\u00e9but septembre \u00e0 Tunis \u00e0 bord de la \u00abGlobal Sumud Flotilla\u00bb. La flottille, qui se pr\u00e9sente comme la \u00abplus grande mission maritime au monde pour briser le blocus isra\u00e9lien ill\u00e9gal de Gaza\u00bb, comprend selon ses organisateurs une cinquantaine de bateaux, avec \u00e0 bord plusieurs centaines de militants originaires de plus de 40 pays. Dans une vid\u00e9o post\u00e9e sur son compte Instagram, elle d\u00e9clare \u00abdevoir quitter la mission maritime, suite au fait que le moteur du bateau\u00bb sur lequel elle se trouvait \u00aba cass\u00e9\u00bb.<\/p>\n<p>                                    <a class=\"fig-a11y-skip a11y-hidden\" href=\"#fig-a11y-skip-main-inarticle\"><br \/>\n        Passer la publicit\u00e9<br \/>\n    <\/a><\/p>\n<p>\u00abIl faut mettre la pression sur nos gouvernements\u00bb<\/p>\n<p class=\"fig-paragraph\">La flottille avait signal\u00e9 vendredi sur le m\u00eame r\u00e9seau social une avarie sur le \u00abFamily Boat\u00bb, obligeant les organisateurs \u00e0 redistribuer les passagers sur d&rsquo;autres bateaux. L&rsquo;eurod\u00e9put\u00e9e franco-palestinienne Rima Hassan a ainsi indiqu\u00e9, sur son compte, avoir chang\u00e9 de navire. \u00abJ&rsquo;aurais tellement aim\u00e9 aller jusqu&rsquo;au bout de cette mission\u00bb, explique Ad\u00e8le Haenel, ajoutant que \u00abce qui compte, c&rsquo;est que (&#8230;) les camarades qui sont sur la mer apportent l&rsquo;aide humanitaire et brisent le blocus\u00bb.<\/p>\n<p class=\"fig-body-link\">\n            \u00c0 lire aussi<br \/>\n        <a class=\"fig-body-link__link\" href=\"http:\/\/www.lefigaro.fr\/international\/angele-dj-snake-lena-situations-des-personnalites-demandent-la-protection-diplomatique-francaise-et-belge-pour-la-flottille-vers-gaza-20250927\" target=\"_blank\" data-fig-type=\"NewsFlash\" rel=\"noopener nofollow\" data-gtm-custom-categorie=\"navigation\" data-gtm-custom-action=\"crossclick\" data-gtm-custom-label=\"Contextuel\" data-gtm-event=\"customEventSPE\" data-fig-domain=\"LEFIGARO\">Ang\u00e8le, DJ Snake, L\u00e9na Situations&#8230; Des personnalit\u00e9s demandent la protection diplomatique fran\u00e7aise et belge pour la flottille vers Gaza<br \/>\n    <\/a>\n<\/p>\n<p class=\"fig-paragraph\">La guerre dans la\u00a0<a href=\"http:\/\/www.lefigaro.fr\/international\/nous-ne-nous-arreterons-pas-une-nouvelle-flottille-pour-gaza-est-partie-de-sicile-en-vue-de-briser-le-blocus-israelien-illegal-20250927\" target=\"_blank\" data-fig-type=\"NewsFlash\" rel=\"noopener nofollow\" data-gtm-custom-categorie=\"navigation\" data-gtm-custom-action=\"crossclick\" data-gtm-custom-label=\"Contextuel\" data-gtm-event=\"customEventSPE\" data-fig-domain=\"LEFIGARO\">bande de Gaza<\/a>, qui dure depuis bient\u00f4t deux ans, a \u00e9t\u00e9 d\u00e9clench\u00e9e par l&rsquo;attaque sans pr\u00e9c\u00e9dent du mouvement islamiste palestinien Hamas le 7 octobre 2023 sur le sol isra\u00e9lien. Un blocus total impos\u00e9 en mars par Isra\u00ebl sur le territoire palestinien et tr\u00e8s partiellement assoupli fin mai y a entra\u00een\u00e9 de graves p\u00e9nuries de nourriture, de m\u00e9dicaments et de carburant. L&rsquo;ONU a d\u00e9clar\u00e9 en ao\u00fbt l&rsquo;\u00e9tat de famine \u00e0 Gaza. \u00abIl faut mettre la pression sur nos gouvernements\u00bb, a insist\u00e9 Ad\u00e8le Haenel. \u00abIl faut qu&rsquo;ils fassent respecter le droit international, il faut qu&rsquo;ils mettent un terme au g\u00e9nocide et il faut qu&rsquo;ils mettent un terme \u00e0 la structure d&rsquo;apartheid en Isra\u00ebl\u00bb. \u00abC&rsquo;est ce vers quoi tous nos efforts doivent \u00eatre tendus, que ce soit sur la mer ou sur la terre\u00bb.<\/p>\n<p class=\"fig-paragraph\">Parmi les personnalit\u00e9s \u00e0 bord figure \u00e9galement la militante su\u00e9doise\u00a0<a href=\"http:\/\/www.lefigaro.fr\/international\/greta-thunberg-attend-des-actions-concretes-de-la-part-des-pays-qui-ont-reconnu-l-etat-palestinien-20250923\" target=\"_blank\" data-fig-type=\"NewsFlash\" rel=\"noopener nofollow\" data-gtm-custom-categorie=\"navigation\" data-gtm-custom-action=\"crossclick\" data-gtm-custom-label=\"Contextuel\" data-gtm-event=\"customEventSPE\" data-fig-domain=\"LEFIGARO\">Greta Thunberg<\/a>. Un collectif d&rsquo;artistes et personnalit\u00e9s a par ailleurs r\u00e9clam\u00e9 samedi aux gouvernements fran\u00e7ais et belge \u00abla protection diplomatique\u00bb de la flottille, qui affirme avoir fait l&rsquo;objet d&rsquo;attaques de drones sur son chemin.<\/p>\n","protected":false},"excerpt":{"rendered":"L\u2019artiste et militante avait embarqu\u00e9 d\u00e9but septembre \u00e0 Tunis. La flottille comprend une cinquantaine de bateaux, avec \u00e0&hellip;\n","protected":false},"author":2,"featured_media":422375,"comment_status":"","ping_status":"","sticky":false,"template":"","format":"standard","meta":{"footnotes":""},"categories":[5],"tags":[11,22140,1011,27,665,14,12,28],"class_list":{"0":"post-422374","1":"post","2":"type-post","3":"status-publish","4":"format-standard","5":"has-post-thumbnail","7":"category-international","8":"tag-actualites","9":"tag-adele-haenel","10":"tag-fr","11":"tag-france","12":"tag-gaza","13":"tag-international","14":"tag-news","15":"tag-world"},"share_on_mastodon":{"url":"https:\/\/pubeurope.com\/@fr\/115278557010228417","error":""},"_links":{"self":[{"href":"https:\/\/www.europesays.com\/fr\/wp-json\/wp\/v2\/posts\/422374","targetHints":{"allow":["GET"]}}],"collection":[{"href":"https:\/\/www.europesays.com\/fr\/wp-json\/wp\/v2\/posts"}],"about":[{"href":"https:\/\/www.europesays.com\/fr\/wp-json\/wp\/v2\/types\/post"}],"author":[{"embeddable":true,"href":"https:\/\/www.europesays.com\/fr\/wp-json\/wp\/v2\/users\/2"}],"replies":[{"embeddable":true,"href":"https:\/\/www.europesays.com\/fr\/wp-json\/wp\/v2\/comments?post=422374"}],"version-history":[{"count":0,"href":"https:\/\/www.europesays.com\/fr\/wp-json\/wp\/v2\/posts\/422374\/revisions"}],"wp:featuredmedia":[{"embeddable":true,"href":"https:\/\/www.europesays.com\/fr\/wp-json\/wp\/v2\/media\/422375"}],"wp:attachment":[{"href":"https:\/\/www.europesays.com\/fr\/wp-json\/wp\/v2\/media?parent=422374"}],"wp:term":[{"taxonomy":"category","embeddable":true,"href":"https:\/\/www.europesays.com\/fr\/wp-json\/wp\/v2\/categories?post=422374"},{"taxonomy":"post_tag","embeddable":true,"href":"https:\/\/www.europesays.com\/fr\/wp-json\/wp\/v2\/tags?post=422374"}],"curies":[{"name":"wp","href":"https:\/\/api.w.org\/{rel}","templated":true}]}}