{"id":422380,"date":"2025-09-27T22:16:15","date_gmt":"2025-09-27T22:16:15","guid":{"rendered":"https:\/\/www.europesays.com\/fr\/422380\/"},"modified":"2025-09-27T22:16:15","modified_gmt":"2025-09-27T22:16:15","slug":"on-a-montre-de-la-personnalite-et-du-caractere-se-felicite-donatien-gomis-apres-la-victoire-de-guingamp-a-saint-etienne","status":"publish","type":"post","link":"https:\/\/www.europesays.com\/fr\/422380\/","title":{"rendered":"\u00ab\u00a0On a montr\u00e9 de la personnalit\u00e9 et du caract\u00e8re\u00a0\u00bb, se f\u00e9licite Donatien Gomis apr\u00e8s la victoire de Guingamp \u00e0 Saint-\u00c9tienne"},"content":{"rendered":"<p>Ligue 2 (8e journ\u00e9e). AS Saint-\u00c9tienne &#8211; EA Guingamp : 2-3Que diriez-vous de cette victoire \u00e0 Geoffroy-Guichard ?<\/p>\n<p>C\u2019est une grosse victoire qui fait du bien, forc\u00e9ment. Saint-\u00c9tienne \u00e9tait invaincu depuis le d\u00e9but de la saison. On \u00e9tait chez eux. On joue au foot pour vivre de telles ambiances. Venir gagner devant ce public incroyable, c\u2019est bien pour la suite.<\/p>\n<p>Cette victoire est \u00e9galement m\u00e9rit\u00e9e, non ?<\/p>\n<p>Je ne sais pas si je suis tr\u00e8s objectif (sourire), mais je pense que, oui, sur l\u2019ensemble du match, c\u2019est m\u00e9rit\u00e9. Il y a toujours des choses \u00e0 am\u00e9liorer mais on a fait un bon match, franchement.<\/p>\n<p>Vous avez encore encaiss\u00e9 deux buts mais on vous a senti plus solides. Est-ce aussi votre sentiment ?<\/p>\n<p>C\u2019est vrai que le petit point noir, ce sont ces deux buts encaiss\u00e9s. Ce sont des buts que l\u2019on peut \u00e9viter, je pense. Mais dans la structure, on a \u00e9t\u00e9 bien en place, solides, avec un bon bloc. Ce sont des choses \u00e0 r\u00e9p\u00e9ter lors des prochains matchs.<\/p>\n<p>Qu\u2019est-ce que vous pouvez encore am\u00e9liorer ?<\/p>\n<p>\u00c9viter de prendre des buts. On en a encore pris deux ! On s\u2019est aussi fait peur \u00e0 la fin. Il faut s\u2019am\u00e9liorer l\u00e0-dessus, surtout qu\u2019ils n\u2019\u00e9taient plus qu\u2019\u00e0 dix (apr\u00e8s l\u2019expulsion de Bernauer \u00e0 la 83e minute). \u00c0 nous de peut-\u00eatre mieux garder la balle quand on est en sup\u00e9riorit\u00e9 num\u00e9rique. On va prendre le temps d\u2019analyser tout \u00e7a.<\/p>\n<p>Qu\u2019avez-vous pens\u00e9 de la prestation d\u2019Alpha Sissoko \u00e0 vos c\u00f4t\u00e9s en d\u00e9fense centrale ?<\/p>\n<p>Vous avez vu ! C\u2019est un top joueur, il a su s\u2019adapter. F\u00e9licitations \u00e0 lui, il a fait un \u00e9norme match. C\u2019est un gar\u00e7on tr\u00e8s intelligent.<\/p>\n<p>Ce succ\u00e8s est-il aussi celui d\u2019une force de caract\u00e8re ?<\/p>\n<p>Oui, beaucoup d\u2019\u00e9quipes viennent ici avec une petite pression, c\u2019est normal. Nous, on a essay\u00e9 de faire abstraction de l\u2019environnement. On a montr\u00e9 de la personnalit\u00e9 et du caract\u00e8re. Il faut r\u00e9p\u00e9ter ce genre de prestation.<\/p>\n<p>Sentez-vous que vous prenez de plus en plus de poids dans cette \u00e9quipe ?<\/p>\n<p>Je ne me pose pas trop la question, j\u2019essaie juste d\u2019encha\u00eener les matchs, d\u2019aider l\u2019\u00e9quipe au maximum, faire ce que je sais faire. Apr\u00e8s, je suis d\u00e9fenseur central, vice-capitaine, je dois aussi apporter mon exp\u00e9rience \u00e0 ce jeune groupe.<\/p>\n<p>Guingamp reste sur deux victoires \u00e0 Geoffroy-Guichard alors qu\u2019il n\u2019avait jamais gagn\u00e9 l\u00e0-bas auparavant. Quelle est la recette ?<\/p>\n<p>Je ne sais pas, je dirais l\u2019\u00e9tat d\u2019esprit. Ici, il ne faut pas avoir peur, ne pas faire de complexe d\u2019inf\u00e9riorit\u00e9. Au contraire, il faut profiter, prendre du plaisir, d\u00e9fendre ensemble, attaquer ensemble.<\/p>\n<p>Il y a eu des hauts et des bas depuis le d\u00e9but de saison. Aujourd\u2019hui, vous \u00eates sixi\u00e8me au classement. Quelles peuvent \u00eatre vos ambitions ?<\/p>\n<p>Il faut \u00eatre ambitieux, jouer tous les matchs pour les gagner, ce serait mentir de dire qu\u2019on ne regarde pas l\u00e0-haut. On a fini cinqui\u00e8me la saison pass\u00e9e, on aimerait bien refaire au moins aussi bien.<\/p>\n","protected":false},"excerpt":{"rendered":"Ligue 2 (8e journ\u00e9e). AS Saint-\u00c9tienne &#8211; EA Guingamp : 2-3Que diriez-vous de cette victoire \u00e0 Geoffroy-Guichard ?&hellip;\n","protected":false},"author":2,"featured_media":422381,"comment_status":"","ping_status":"","sticky":false,"template":"","format":"standard","meta":{"footnotes":""},"categories":[9653],"tags":[1111,11,2430,9594,1777,674,63,1011,27,4044,446,12,25,4001,60],"class_list":{"0":"post-422380","1":"post","2":"type-post","3":"status-publish","4":"format-standard","5":"has-post-thumbnail","7":"category-saint-etienne","8":"tag-actu","9":"tag-actualites","10":"tag-auvergne-rhone-alpes","11":"tag-en-avant-guingamp","12":"tag-eu","13":"tag-europe","14":"tag-football","15":"tag-fr","16":"tag-france","17":"tag-guingamp","18":"tag-ligue-2","19":"tag-news","20":"tag-republique-francaise","21":"tag-saint-etienne","22":"tag-sports"},"share_on_mastodon":{"url":"https:\/\/pubeurope.com\/@fr\/115278576535719335","error":""},"_links":{"self":[{"href":"https:\/\/www.europesays.com\/fr\/wp-json\/wp\/v2\/posts\/422380","targetHints":{"allow":["GET"]}}],"collection":[{"href":"https:\/\/www.europesays.com\/fr\/wp-json\/wp\/v2\/posts"}],"about":[{"href":"https:\/\/www.europesays.com\/fr\/wp-json\/wp\/v2\/types\/post"}],"author":[{"embeddable":true,"href":"https:\/\/www.europesays.com\/fr\/wp-json\/wp\/v2\/users\/2"}],"replies":[{"embeddable":true,"href":"https:\/\/www.europesays.com\/fr\/wp-json\/wp\/v2\/comments?post=422380"}],"version-history":[{"count":0,"href":"https:\/\/www.europesays.com\/fr\/wp-json\/wp\/v2\/posts\/422380\/revisions"}],"wp:featuredmedia":[{"embeddable":true,"href":"https:\/\/www.europesays.com\/fr\/wp-json\/wp\/v2\/media\/422381"}],"wp:attachment":[{"href":"https:\/\/www.europesays.com\/fr\/wp-json\/wp\/v2\/media?parent=422380"}],"wp:term":[{"taxonomy":"category","embeddable":true,"href":"https:\/\/www.europesays.com\/fr\/wp-json\/wp\/v2\/categories?post=422380"},{"taxonomy":"post_tag","embeddable":true,"href":"https:\/\/www.europesays.com\/fr\/wp-json\/wp\/v2\/tags?post=422380"}],"curies":[{"name":"wp","href":"https:\/\/api.w.org\/{rel}","templated":true}]}}