{"id":422389,"date":"2025-09-27T22:26:15","date_gmt":"2025-09-27T22:26:15","guid":{"rendered":"https:\/\/www.europesays.com\/fr\/422389\/"},"modified":"2025-09-27T22:26:15","modified_gmt":"2025-09-27T22:26:15","slug":"grand-poitiers-indigne-apres-sa-lourde-defaite-contre-rouen","status":"publish","type":"post","link":"https:\/\/www.europesays.com\/fr\/422389\/","title":{"rendered":"Grand Poitiers \u00ab\u00a0indigne\u00a0\u00bb apr\u00e8s sa lourde d\u00e9faite contre Rouen"},"content":{"rendered":"<p><strong>Grand Poitiers\u00a0&#8211; Rouen\u00a0: 27-33<\/strong><\/p>\n<p>Vaincus pour la premi\u00e8re fois en Mayenne la semaine pass\u00e9e, les Poitevins voulaient repartir du bon pied face \u00e0 une formation de Rouen toujours priv\u00e9e de victoire. La prestation propos\u00e9e par Grand Poitiers fut pourtant loin d\u2019\u00eatre \u00e0 la hauteur, ce samedi salle Jean-Pierre-Garnier&#8230;. <\/p>\n<p>    Cet article a \u00e9t\u00e9 tronqu\u00e9. Abonnez-vous pour lire l&rsquo;article complet sur notre site.<\/p>\n<p style=\"margin: 0 !important; padding: 0 !important; font-size: 12px !important;\">Cet article a \u00e9t\u00e9 tronqu\u00e9. Abonnez-vous pour lire l&rsquo;article complet.<\/p>\n<p>    <a href=\"https:\/\/www.lanouvellerepublique.fr\/abonnements\" style=\"display: inline-block; margin-top: 5px !important; padding: 6px 12px !important; background: #cb1c27; color: white; text-decoration: none; border-radius: 4px; font-size: 12px !important;\" target=\"_blank\" rel=\"noopener\"><br \/>\n      S&rsquo;abonner<br \/>\n    <\/a><\/p>\n","protected":false},"excerpt":{"rendered":"Grand Poitiers\u00a0&#8211; Rouen\u00a0: 27-33 Vaincus pour la premi\u00e8re fois en Mayenne la semaine pass\u00e9e, les Poitevins voulaient repartir&hellip;\n","protected":false},"author":2,"featured_media":422390,"comment_status":"","ping_status":"","sticky":false,"template":"","format":"standard","meta":{"footnotes":""},"categories":[9587],"tags":[1111,11,1777,674,1011,27,1792,35138,14977,12,5161,1653,25,9590,55158,60,1584],"class_list":{"0":"post-422389","1":"post","2":"type-post","3":"status-publish","4":"format-standard","5":"has-post-thumbnail","7":"category-rouen","8":"tag-actu","9":"tag-actualites","10":"tag-eu","11":"tag-europe","12":"tag-fr","13":"tag-france","14":"tag-handball","15":"tag-jaunay-marigny","16":"tag-nationaux-handball","17":"tag-news","18":"tag-normandie","19":"tag-poitiers","20":"tag-republique-francaise","21":"tag-rouen","22":"tag-saint-georges-les-baillargeaux","23":"tag-sports","24":"tag-vienne"},"share_on_mastodon":{"url":"https:\/\/pubeurope.com\/@fr\/115278616042222984","error":""},"_links":{"self":[{"href":"https:\/\/www.europesays.com\/fr\/wp-json\/wp\/v2\/posts\/422389","targetHints":{"allow":["GET"]}}],"collection":[{"href":"https:\/\/www.europesays.com\/fr\/wp-json\/wp\/v2\/posts"}],"about":[{"href":"https:\/\/www.europesays.com\/fr\/wp-json\/wp\/v2\/types\/post"}],"author":[{"embeddable":true,"href":"https:\/\/www.europesays.com\/fr\/wp-json\/wp\/v2\/users\/2"}],"replies":[{"embeddable":true,"href":"https:\/\/www.europesays.com\/fr\/wp-json\/wp\/v2\/comments?post=422389"}],"version-history":[{"count":0,"href":"https:\/\/www.europesays.com\/fr\/wp-json\/wp\/v2\/posts\/422389\/revisions"}],"wp:featuredmedia":[{"embeddable":true,"href":"https:\/\/www.europesays.com\/fr\/wp-json\/wp\/v2\/media\/422390"}],"wp:attachment":[{"href":"https:\/\/www.europesays.com\/fr\/wp-json\/wp\/v2\/media?parent=422389"}],"wp:term":[{"taxonomy":"category","embeddable":true,"href":"https:\/\/www.europesays.com\/fr\/wp-json\/wp\/v2\/categories?post=422389"},{"taxonomy":"post_tag","embeddable":true,"href":"https:\/\/www.europesays.com\/fr\/wp-json\/wp\/v2\/tags?post=422389"}],"curies":[{"name":"wp","href":"https:\/\/api.w.org\/{rel}","templated":true}]}}