{"id":422398,"date":"2025-09-27T22:31:38","date_gmt":"2025-09-27T22:31:38","guid":{"rendered":"https:\/\/www.europesays.com\/fr\/422398\/"},"modified":"2025-09-27T22:31:38","modified_gmt":"2025-09-27T22:31:38","slug":"strasbourg-longs-et-penibles-les-travaux-avenue-de-colmar-agacent-cest-un-calvaire","status":"publish","type":"post","link":"https:\/\/www.europesays.com\/fr\/422398\/","title":{"rendered":"Strasbourg. Longs et p\u00e9nibles, les travaux avenue de Colmar agacent : \u00ab\u00a0C&rsquo;est un calvaire\u00a0\u00bb"},"content":{"rendered":"<p>            Par<br \/>\n        <strong><br \/>\n            <a href=\"https:\/\/actu.fr\/auteur\/thomas-blanc\" title=\"Consulter tous les articles de Thomas Blanc\" rel=\"nofollow noopener\" target=\"_blank\">Thomas Blanc<\/a><br \/>\n        <\/strong><\/p>\n<p>        Publi\u00e9 le<\/p>\n<p>            26 sept. 2025 \u00e0 16h30        <\/p>\n<p>\u00ab\u2009\u00c7a commence \u00e0 \u00eatre long\u2026\u2009\u00bb, voil\u00e0 ce que l\u2019on peut entendre lorsque l\u2019on demande aux passants de l\u2019avenue de Colmar, \u00e0 <a href=\"https:\/\/actu.fr\/strasbourg\/\" rel=\"nofollow noopener\" target=\"_blank\">Strasbourg<\/a>, ce que les <a href=\"https:\/\/actu.fr\/tag\/travaux\" rel=\"nofollow noopener\" target=\"_blank\">travaux<\/a> en cours leur \u00e9voquent. Pourtant, les travaux de \u00ab\u2009<strong>La Colmarienne \u00e0 v\u00e9lo<\/strong>\u2009\u00bb, d\u00e9but\u00e9s en avril\u00a02025, ne sont pas encore tout \u00e0 fait pr\u00e8s d\u2019\u00eatre conclus et continueront de provoquer des d\u00e9sagr\u00e9ments de circulation pour encore plusieurs semaines.<\/p>\n<p>De gros travaux La Colmarienne \u00e0 Strasbourg\u2026<\/p>\n<p class=\" wall-content\">Pour rappel, <a href=\"https:\/\/actu.fr\/grand-est\/strasbourg_67482\/strasbourg-de-fortes-perturbations-de-circulation-sur-une-avenue-tres-frequentee-jusqu-a-fin-octobre_62999175.html\" rel=\"nofollow noopener\" target=\"_blank\">les travaux de La Colmarienne<\/a>\u00a0ont pour but d\u2019\u00ab\u2009offrir un<strong> axe cyclable de qualit\u00e9<\/strong>\u2009\u00bb entre le Baggersee et le centre-ville de Strasbourg, et de \u00ab\u2009diminuer la pollution de l\u2019air\u2009\u00bb d\u2019apr\u00e8s le tract d\u2019information public distribu\u00e9 par la mairie aux habitants et commer\u00e7ants.<\/p>\n<p class=\" wall-content\">Mais les commer\u00e7ants de l\u2019avenue de Colmar ne voient pas cela d\u2019un tr\u00e8s bon \u0153il.<\/p>\n<p>qui causent de grosses nuisances\u2026<\/p>\n<p class=\" wall-content\">Herv\u00e9, employ\u00e9 de la boutique au C\u0153ur du chanvre, situ\u00e9e au niveau de l\u2019arr\u00eat de tram Emile Mathis, raconte\u2009:<\/p>\n<blockquote class=\"ac-article-quote wall-content\">\n<p>C\u2019est un calvaire les travaux. On a environ 15 % de clients en moins compar\u00e9 \u00e0 la m\u00eame p\u00e9riode en 2024.<\/p>\n<p>    <strong>Herv\u00e9<\/strong>\n            <\/p><\/blockquote>\n<p class=\" wall-content\">\u00ab\u2009Les clients r\u00e9guliers nous disent qu\u2019ils viennent moins \u00e0 cause de \u00e7a\u2009\u00bb, termine-t-il. Un restaurateur de l\u2019avenue \u00e9voque de son c\u00f4t\u00e9 \u00ab\u2009<strong>des probl\u00e8mes de r\u00e9seau<\/strong> <strong>internet<\/strong> depuis le d\u00e9but des travaux.\u2009\u00bb<\/p>\n<p class=\" wall-content\">Dans un communiqu\u00e9 diffus\u00e9 le 22 septembre, <strong>Pierre Jakubowicz<\/strong>, conseiller municipal d\u2019opposition (Horizons) et <a href=\"https:\/\/actu.fr\/grand-est\/strasbourg_67482\/municipales-2026-a-strasbourg-pierre-jakubowicz-horizons-officialise-sa-candidature_63115980.html\" rel=\"nofollow noopener\" target=\"_blank\">candidat aux prochaines \u00e9lections municipales<\/a>, dit ne pas comprendre \u00ab\u2009qu\u2019en pleine rentr\u00e9e, la municipalit\u00e9 choisisse de <strong>bloquer l\u2019une des art\u00e8res de circulation<\/strong> les plus strat\u00e9gique \u00e0 Strasbourg\u2009?\u00a0\u00bb.<\/p>\n<p>Votre r\u00e9gion, votre actu !<\/p>\n<p>Recevez chaque jour les infos qui comptent pour vous.<\/p>\n<p>\t<a href=\"https:\/\/actu.fr\/newsletter\" class=\"ac-btn ac-btn--corner ac-btn--medium ac-btn--blue800\" rel=\"nofollow noopener\" target=\"_blank\">S&rsquo;incrire<\/a><\/p>\n<blockquote class=\"ac-article-quote wall-content\">\n<p>Comment justifier que chaque trajet devienne un parcours du combattant, avec son lot de bouchons, de pollution et de stress\u2009?\u2009<\/p>\n<p>    <strong>Pierre Jakubowicz<\/strong><br \/>\n        Conseiller municipal d\u2019opposition    <\/p><\/blockquote>\n<p>Pourquoi les travaux se sont-ils alourdis\u2009?<\/p>\n<p class=\" wall-content\"><strong>Les travaux ont pris une autre tournure<\/strong> quand la Ville a \u00ab\u2009commenc\u00e9 \u00e0 suspecter qu\u2019un tuyau du r\u00e9seau de chaleur avait <strong>une fuite<\/strong>\u2009\u00bb, raconte Marc Hoffsess, adjoint \u00e0 la maire de Strasbourg en charge des \u00e9nergies et de la r\u00e9novation \u00e9nerg\u00e9tique.<\/p>\n<p>    <img   decoding=\"async\" loading=\"lazy\" src=\"https:\/\/www.europesays.com\/fr\/wp-content\/uploads\/2025\/09\/travaux-avenue-de-colmar-a-strasbourg-960x640.jpg\" alt=\"Des trous b\u00e9ants ont \u00e9t\u00e9 fait dans la chauss\u00e9e avenue de Colmar pour r\u00e9parer les tuyaux du r\u00e9seau de chaleur.\" width=\"960\" height=\"640\"\/><br \/>\n    Des trous b\u00e9ants ont \u00e9t\u00e9 faits dans la chauss\u00e9e avenue de Colmar pour r\u00e9parer les tuyaux du r\u00e9seau de chaleur. (\u00a9Thomas Blanc \/actu Strasbourg)<\/p>\n<p class=\" wall-content\">\u00ab\u2009Il a \u00e9t\u00e9 facile de prendre la d\u00e9cision de prolonger les travaux car ce r\u00e9seau <strong>alimente en chauffage les habitants du quartier de la Meinau<\/strong>, explique la maire de Strasbourg Jeanne Barseghian (Les \u00c9cologistes). Nous n\u2019allions pas attendre l\u2019ann\u00e9e prochaine pour rouvrir la route.\u2009\u00bb<\/p>\n<p>La mairie se veut rassurante<\/p>\n<p class=\" wall-content\">De son c\u00f4t\u00e9, Marc Hoffsess d\u00e9fend ses \u00e9quipes. \u00ab\u2009Les op\u00e9rateurs et les services de la Ville font tout pour que les acc\u00e8s aux commerces et aux logements soient maintenus et que l<strong>e quotidien des habitants soit le moins chang\u00e9 possible<\/strong>.\u2009\u00bb<\/p>\n<p class=\" wall-content\">Jeanne Barseghian ne nie pas les d\u00e9sagr\u00e9ments pendant la p\u00e9riode de chantier, mais selon elle \u00ab\u2009<strong>les habitants seront ensuite les premiers b\u00e9n\u00e9ficiaires de ces travaux<\/strong>, si bien en termes de mobilit\u00e9 que de facture d\u2019\u00e9nergie.\u2009\u00bb<\/p>\n<p class=\" wall-content\">La mairie de Strasbourg se veut rassurante et assure que ce chantier sera termin\u00e9 le <strong>15\u00a0novembre 2025<\/strong>, dix jours avant le lancement du march\u00e9 de No\u00ebl.<\/p>\n<p class=\" wall-content\">Personnalisez votre actualit\u00e9 en ajoutant vos villes et m\u00e9dias en favori avec <a href=\"https:\/\/moncompte.actu.fr\" title=\"D\u00e9couvez Mon Actu\" rel=\"nofollow noopener\" data-trk=\"{&quot;cta&quot;:{&quot;action&quot;:&quot;https:\\\/\\\/moncompte.actu.fr&quot;,&quot;category&quot;:&quot;mon compte&quot;,&quot;from&quot;:&quot;article footer&quot;,&quot;name&quot;:&quot;Mon actu&quot;,&quot;type&quot;:&quot;cta&quot;}}\" target=\"_blank\">Mon Actu<\/a>.<\/p>\n","protected":false},"excerpt":{"rendered":"Par Thomas Blanc Publi\u00e9 le 26 sept. 2025 \u00e0 16h30 \u00ab\u2009\u00c7a commence \u00e0 \u00eatre long\u2026\u2009\u00bb, voil\u00e0 ce que&hellip;\n","protected":false},"author":2,"featured_media":422399,"comment_status":"","ping_status":"","sticky":false,"template":"","format":"standard","meta":{"footnotes":""},"categories":[2820],"tags":[1111,11,1777,674,1011,27,775,12,25,104,640,2086,208],"class_list":{"0":"post-422398","1":"post","2":"type-post","3":"status-publish","4":"format-standard","5":"has-post-thumbnail","7":"category-strasbourg","8":"tag-actu","9":"tag-actualites","10":"tag-eu","11":"tag-europe","12":"tag-fr","13":"tag-france","14":"tag-grand-est","15":"tag-news","16":"tag-republique-francaise","17":"tag-societe","18":"tag-strasbourg","19":"tag-travaux","20":"tag-velo"},"share_on_mastodon":{"url":"https:\/\/pubeurope.com\/@fr\/115278636156973374","error":""},"_links":{"self":[{"href":"https:\/\/www.europesays.com\/fr\/wp-json\/wp\/v2\/posts\/422398","targetHints":{"allow":["GET"]}}],"collection":[{"href":"https:\/\/www.europesays.com\/fr\/wp-json\/wp\/v2\/posts"}],"about":[{"href":"https:\/\/www.europesays.com\/fr\/wp-json\/wp\/v2\/types\/post"}],"author":[{"embeddable":true,"href":"https:\/\/www.europesays.com\/fr\/wp-json\/wp\/v2\/users\/2"}],"replies":[{"embeddable":true,"href":"https:\/\/www.europesays.com\/fr\/wp-json\/wp\/v2\/comments?post=422398"}],"version-history":[{"count":0,"href":"https:\/\/www.europesays.com\/fr\/wp-json\/wp\/v2\/posts\/422398\/revisions"}],"wp:featuredmedia":[{"embeddable":true,"href":"https:\/\/www.europesays.com\/fr\/wp-json\/wp\/v2\/media\/422399"}],"wp:attachment":[{"href":"https:\/\/www.europesays.com\/fr\/wp-json\/wp\/v2\/media?parent=422398"}],"wp:term":[{"taxonomy":"category","embeddable":true,"href":"https:\/\/www.europesays.com\/fr\/wp-json\/wp\/v2\/categories?post=422398"},{"taxonomy":"post_tag","embeddable":true,"href":"https:\/\/www.europesays.com\/fr\/wp-json\/wp\/v2\/tags?post=422398"}],"curies":[{"name":"wp","href":"https:\/\/api.w.org\/{rel}","templated":true}]}}