{"id":422400,"date":"2025-09-27T22:32:13","date_gmt":"2025-09-27T22:32:13","guid":{"rendered":"https:\/\/www.europesays.com\/fr\/422400\/"},"modified":"2025-09-27T22:32:13","modified_gmt":"2025-09-27T22:32:13","slug":"on-ne-pouvait-pas-mieux-commencer-rostrenen-tient-strasbourg-en-echec-pour-le-debut-du-top-12","status":"publish","type":"post","link":"https:\/\/www.europesays.com\/fr\/422400\/","title":{"rendered":"\u00ab\u00a0On ne pouvait pas mieux commencer \u00bb : Rostrenen tient Strasbourg en \u00e9chec pour le d\u00e9but du Top\u00a012"},"content":{"rendered":"<p>Top 12 (1e journ\u00e9e). Rostrenen &#8211; Strasbourg : 4-4<\/p>\n<p>L&rsquo;ouverture \u00e0 domicile s\u2019annon\u00e7ait compliqu\u00e9e pour le Bad Club de Rostrenen contre une \u00e9quipe de l\u2019ASPTT Strasbourg annonc\u00e9e parmi les favorites de ces interclubs du Top 12.<\/p>\n<p>Une fois encore le pr\u00e9sident Jacques Sib\u00e9ril misait sur les filles malgr\u00e9 la pr\u00e9sence dans le camp visiteur des jumelles Bulgares Stoeva. Il ne s\u2019est pas tromp\u00e9.<\/p>\n<p>\u00c0 Rostrenen, Leo Van Gysel effectuait ses d\u00e9buts dans la salle du Porz Mo\u00eblou comme Romane Cloteaux-Foucault qui jouait \u00e0 Air -Sur-La-Lys la saison pass\u00e9e.<\/p>\n<p>Les deux \u00e9quipes s\u2019\u00e9taient quitt\u00e9es deux fois sur un score d\u2019\u00e9quit\u00e9 la saison derni\u00e8re.<\/p>\n<p>Jamais deux sans trois ? Pour cela les joueurs du Kreiz Breizh auraient sign\u00e9 des deux mains et ils y ont cru.<\/p>\n<p>Un mauvais d\u00e9marrage<\/p>\n<p>Les Alsaciens justifiaient leur nouveau statut en r\u00e9alisant le break d\u2019entr\u00e9e par les s\u0153urs Stoeva en double dames alors que la paire Tournefier &#8211; Zhang perdait le double mixte et Van Gysel son simple contre Dubovenko : 3 \u00e0 0.<\/p>\n<p>Mais Rostrenen allait revenir \u00e0 3 \u00e0 2 en simple gr\u00e2ce au N\u00e9erlandais Noah Haase meilleur joueur du Bad Club lors du dernier championnat et Romane Cloteaux-Foucault. L\u2019Am\u00e9ricaine d\u2019origine chinoise Beiwen Zhang qui n\u2019avait jou\u00e9 qu\u2019un seul match avec Rostrenen \u00e0 Chambly \u00e0 la cl\u00f4ture, class\u00e9e dans le top 20 mondial, leur embo\u00eetait le pas.<\/p>\n<p>3 \u00e0 3, tout \u00e9tait encore possible.<\/p>\n<p>Noah Haas-Xuefei Qi passait en trois sets l\u00e0 o\u00f9 Paul Tournefier et L\u00e9o Van Gysel \u00e9chouaient et Rostrenen r\u00e9ussissait son 3e nul en trois rencontres contre Strasbourg devant les 300 spectateurs de Porz Mo\u00eblou conquis.<\/p>\n<p>\u00ab On ne pouvait mieux commencer, commentait Jaques Sib\u00e9ril. Quelle intensit\u00e9 et quel suspense. \u00bb<\/p>\n<p><strong class=\"tech\">La fiche technique<\/strong><\/p>\n<p><strong class=\"tech\">Simples hommes<\/strong><\/p>\n<p>L\u00e9o Van Gysel\/Danil Dubovenko 11-21 ; 17-21<\/p>\n<p>Noah Haase\/Cl\u00e9ment Massias 18-21 ; 21-17 ; 21-07.<\/p>\n<p><strong class=\"tech\">Simples dames<\/strong><\/p>\n<p>Romane Cloteaux-Foucault &#8211; Rosy Pancasary 21-16 ; 21-13<\/p>\n<p>Beiwen Zhang &#8211; Stefani Soeva 21-14 ; 21-17<\/p>\n<p><strong class=\"tech\">Double dames<\/strong><\/p>\n<p>Romane Cloteaux-Foucault &#8211; Xuefei Qi\/Gabriela Stoeva &#8211; Stefani Soeva 15-21 ; 09-21.<\/p>\n<p><strong class=\"tech\">Double hommes<\/strong><\/p>\n<p>Paul Tournefier &#8211; L\u00e9o Van Gysel\/Nathan Begga &#8211; Thibault Gardon 14-21 ; 16-21<\/p>\n<p><strong class=\"tech\">Doubles mixtes<\/strong><\/p>\n<p>Paul Tournefier &#8211; Beiwen Zhang\/Nathan Begga &#8211; Gabriela Stoeva 16-21 ; 11-21<\/p>\n<p>Noah Haas-Xuefei Qi\/Danil Dubovenko-Sharone Bauer 21-18 ; 15-21 ; 21-11<\/p>\n","protected":false},"excerpt":{"rendered":"Top 12 (1e journ\u00e9e). Rostrenen &#8211; Strasbourg : 4-4 L&rsquo;ouverture \u00e0 domicile s\u2019annon\u00e7ait compliqu\u00e9e pour le Bad Club&hellip;\n","protected":false},"author":2,"featured_media":422401,"comment_status":"","ping_status":"","sticky":false,"template":"","format":"standard","meta":{"footnotes":""},"categories":[2820],"tags":[1111,11,5406,3166,1777,674,1011,27,775,12,25,5497,60,640],"class_list":{"0":"post-422400","1":"post","2":"type-post","3":"status-publish","4":"format-standard","5":"has-post-thumbnail","7":"category-strasbourg","8":"tag-actu","9":"tag-actualites","10":"tag-badminton","11":"tag-en-continu-sports","12":"tag-eu","13":"tag-europe","14":"tag-fr","15":"tag-france","16":"tag-grand-est","17":"tag-news","18":"tag-republique-francaise","19":"tag-rostrenen","20":"tag-sports","21":"tag-strasbourg"},"share_on_mastodon":{"url":"https:\/\/pubeurope.com\/@fr\/115278639480119834","error":""},"_links":{"self":[{"href":"https:\/\/www.europesays.com\/fr\/wp-json\/wp\/v2\/posts\/422400","targetHints":{"allow":["GET"]}}],"collection":[{"href":"https:\/\/www.europesays.com\/fr\/wp-json\/wp\/v2\/posts"}],"about":[{"href":"https:\/\/www.europesays.com\/fr\/wp-json\/wp\/v2\/types\/post"}],"author":[{"embeddable":true,"href":"https:\/\/www.europesays.com\/fr\/wp-json\/wp\/v2\/users\/2"}],"replies":[{"embeddable":true,"href":"https:\/\/www.europesays.com\/fr\/wp-json\/wp\/v2\/comments?post=422400"}],"version-history":[{"count":0,"href":"https:\/\/www.europesays.com\/fr\/wp-json\/wp\/v2\/posts\/422400\/revisions"}],"wp:featuredmedia":[{"embeddable":true,"href":"https:\/\/www.europesays.com\/fr\/wp-json\/wp\/v2\/media\/422401"}],"wp:attachment":[{"href":"https:\/\/www.europesays.com\/fr\/wp-json\/wp\/v2\/media?parent=422400"}],"wp:term":[{"taxonomy":"category","embeddable":true,"href":"https:\/\/www.europesays.com\/fr\/wp-json\/wp\/v2\/categories?post=422400"},{"taxonomy":"post_tag","embeddable":true,"href":"https:\/\/www.europesays.com\/fr\/wp-json\/wp\/v2\/tags?post=422400"}],"curies":[{"name":"wp","href":"https:\/\/api.w.org\/{rel}","templated":true}]}}