{"id":422406,"date":"2025-09-27T22:35:15","date_gmt":"2025-09-27T22:35:15","guid":{"rendered":"https:\/\/www.europesays.com\/fr\/422406\/"},"modified":"2025-09-27T22:35:15","modified_gmt":"2025-09-27T22:35:15","slug":"un-forum-pour-lemploi-mardi-30-septembre-au-beau-milieu-des-dervallieres-a-nantes-2","status":"publish","type":"post","link":"https:\/\/www.europesays.com\/fr\/422406\/","title":{"rendered":"Un forum pour l\u2019emploi, mardi 30\u00a0septembre, au beau milieu des Dervalli\u00e8res, \u00e0 Nantes"},"content":{"rendered":"<p>Dans l\u2019agglom\u00e9ration nantaise, le taux de ch\u00f4mage est de 5,9\u00a0%, contre 7,5\u00a0% pour la France m\u00e9tropolitaine. De bons chiffres, donc. \u00c0 nuancer pourtant, rappellent les organisateurs de l\u2019Atdec Nantes m\u00e9tropole (qui compte notamment la Mission locale)\u00a0: <strong>\u00ab\u00a0Les quartiers prioritaires nantais restent plus marqu\u00e9s par la pr\u00e9carit\u00e9 et le ch\u00f4mage que les autres.\u00a0\u00bb<\/strong><\/p>\n<p>Au-devant<\/p>\n<p>C\u2019est la raison pour laquelle l\u2019Atdec a lanc\u00e9 les Villages de l\u2019emploi, ces jobs dating d\u00e9ploy\u00e9s au c\u0153ur des immeubles, depuis deux ans. Des \u00e9v\u00e8nements qui m\u00ealent vie de quartier, acc\u00e8s aux droits et emploi, dans la rue et sur les places. L\u2019id\u00e9e \u00e9tant d\u2019aller au-devant des personnes les plus \u00e9loign\u00e9es du march\u00e9 du travail, pour les informer sur les postes \u00e0 pourvoir au plus proche de chez elles.<\/p>\n<p><strong>Mardi 30\u00a0septembre,<\/strong> le prochain Village de l\u2019emploi s\u2019installe sur la place des Dervalli\u00e8res, avec une centaine d\u2019offres d\u2019emploi, en CDI, en CDD, en alternance. De 14\u00a0h \u00e0 17\u00a0h, gratuit, sans inscription. Informations compl\u00e8tes \u00e0 retrouver sur<a href=\"https:\/\/www.atdec.org\/evenements\/forum-village-pour-lemploi-aux-dervallieres-edition-2025\/\" target=\"_self\" rel=\"nofollow noopener\"> www.atdec.org<\/a><\/p>\n<p>\u00a0<\/p>\n","protected":false},"excerpt":{"rendered":"Dans l\u2019agglom\u00e9ration nantaise, le taux de ch\u00f4mage est de 5,9\u00a0%, contre 7,5\u00a0% pour la France m\u00e9tropolitaine. De bons&hellip;\n","protected":false},"author":2,"featured_media":421793,"comment_status":"","ping_status":"","sticky":false,"template":"","format":"standard","meta":{"footnotes":""},"categories":[2818],"tags":[11045,1111,11,6005,37422,341,1777,674,5556,1011,27,9778,12413,766,12,2636,25,395],"class_list":{"0":"post-422406","1":"post","2":"type-post","3":"status-publish","4":"format-standard","5":"has-post-thumbnail","7":"category-nantes","8":"tag-11045","9":"tag-actu","10":"tag-actualites","11":"tag-beau","12":"tag-dervallieres","13":"tag-emploi","14":"tag-eu","15":"tag-europe","16":"tag-forum","17":"tag-fr","18":"tag-france","19":"tag-mardi","20":"tag-milieu","21":"tag-nantes","22":"tag-news","23":"tag-pays-de-la-loire","24":"tag-republique-francaise","25":"tag-septembre"},"share_on_mastodon":{"url":"https:\/\/pubeurope.com\/@fr\/115278651278496523","error":""},"_links":{"self":[{"href":"https:\/\/www.europesays.com\/fr\/wp-json\/wp\/v2\/posts\/422406","targetHints":{"allow":["GET"]}}],"collection":[{"href":"https:\/\/www.europesays.com\/fr\/wp-json\/wp\/v2\/posts"}],"about":[{"href":"https:\/\/www.europesays.com\/fr\/wp-json\/wp\/v2\/types\/post"}],"author":[{"embeddable":true,"href":"https:\/\/www.europesays.com\/fr\/wp-json\/wp\/v2\/users\/2"}],"replies":[{"embeddable":true,"href":"https:\/\/www.europesays.com\/fr\/wp-json\/wp\/v2\/comments?post=422406"}],"version-history":[{"count":0,"href":"https:\/\/www.europesays.com\/fr\/wp-json\/wp\/v2\/posts\/422406\/revisions"}],"wp:featuredmedia":[{"embeddable":true,"href":"https:\/\/www.europesays.com\/fr\/wp-json\/wp\/v2\/media\/421793"}],"wp:attachment":[{"href":"https:\/\/www.europesays.com\/fr\/wp-json\/wp\/v2\/media?parent=422406"}],"wp:term":[{"taxonomy":"category","embeddable":true,"href":"https:\/\/www.europesays.com\/fr\/wp-json\/wp\/v2\/categories?post=422406"},{"taxonomy":"post_tag","embeddable":true,"href":"https:\/\/www.europesays.com\/fr\/wp-json\/wp\/v2\/tags?post=422406"}],"curies":[{"name":"wp","href":"https:\/\/api.w.org\/{rel}","templated":true}]}}