{"id":422409,"date":"2025-09-27T22:38:28","date_gmt":"2025-09-27T22:38:28","guid":{"rendered":"https:\/\/www.europesays.com\/fr\/422409\/"},"modified":"2025-09-27T22:38:28","modified_gmt":"2025-09-27T22:38:28","slug":"a-pessac-lassociation-act-offre-des-formations-gratuites-pour-booster-les-entretiens-dembauche","status":"publish","type":"post","link":"https:\/\/www.europesays.com\/fr\/422409\/","title":{"rendered":"\u00e0 Pessac, l\u2019association ACT offre des formations gratuites pour booster les entretiens d\u2019embauche"},"content":{"rendered":"<p>L\u2019association ACT (Accompagner Conduire Transmettre) aide depuis 1987 les demandeurs d\u2019emploi et les jeunes dipl\u00f4m\u00e9s \u00e0 pr\u00e9parer leurs entretiens d\u2019embauche. Accompagner, conduire et transmettre\u00a0: une v\u00e9ritable devise pour r\u00e9ussir les prises de contact avec les entreprises sans \u00eatre d\u00e9stabilis\u00e9 par le stress et la perte de confiance en soi.<\/p>\n<p>Patrick Vaney, le pr\u00e9sident de l\u2019ACT, pr\u00e9cise\u00a0: \u00ab\u00a0Les employeurs consid\u00e8rent la plupart du temps qu\u2019ils peuvent ais\u00e9ment transmettre les savoir-faire, ce qui les int\u00e9resse c\u2019est le savoir-\u00eatre des candidats, leurs capacit\u00e9s \u00e0 respecter la hi\u00e9rarchie, \u00e0 s\u2019impliquer dans l\u2019entreprise et \u00e0 s\u2019adapter rapidement au travail d\u2019\u00e9quipe\u00a0\u00bb.<\/p>\n<p>L\u2019association se d\u00e9place aupr\u00e8s des partenaires, les missions locales pour l\u2019emploi, des centres de formation ou des \u00e9tablissements scolaires le cas \u00e9ch\u00e9ant. Les formations sont gratuites, les intervenants apprennent \u00e0 se pr\u00e9senter et \u00e0 \u00eatre plus performant dans un entretien d\u2019embauche \u00e0 travers des mises en situation concr\u00e8tes.<\/p>\n<p>\u00ab\u00a0Faire \u00e9merger leurs qualit\u00e9s\u00a0\u00bb<\/p>\n<p>\u00ab\u00a0Les publics les plus dipl\u00f4m\u00e9s ont les m\u00eames probl\u00e8mes que les personnes les moins dipl\u00f4m\u00e9es, ils restent souvent dans leur zone de confort et ils sont tr\u00e8s vite d\u00e9sappoint\u00e9s par les recruteurs. Notre association a pour objectif de leur apporter un peu de technique, de leur redonner confiance en eux et de les aider \u00e0 faire \u00e9merger leurs qualit\u00e9s\u00a0\u00bb, ajoute Patrick Vaney, titulaire d\u2019un master en ing\u00e9nierie de formation, d\u00e9sormais \u00e0 la retraite.<\/p>\n<p>Une formatrice b\u00e9n\u00e9vole de l\u2019association d\u00e9clare \u00e0 ce sujet\u00a0: \u00ab\u00a0Quand un demandeur d\u2019emploi ou un jeune dipl\u00f4m\u00e9 ressort de notre formation avec le dos un peu plus droit, c\u2019est qu\u2019il a gagn\u00e9 en estime de soi et que nous avons gagn\u00e9\u00a0!\u00a0\u00bb<\/p>\n<p>L\u2019association ACT intervient dans la m\u00e9tropole de Bordeaux, sur le bassin d&rsquo;Arcachon et le secteur de Libourne. Elle recherche des conseillers b\u00e9n\u00e9voles, des actifs ou des retrait\u00e9s qui souhaiteraient transmettre leurs exp\u00e9riences professionnelles.<\/p>\n<p>Renseignements\u00a0: contact@actgironde.org<\/p>\n","protected":false},"excerpt":{"rendered":"L\u2019association ACT (Accompagner Conduire Transmettre) aide depuis 1987 les demandeurs d\u2019emploi et les jeunes dipl\u00f4m\u00e9s \u00e0 pr\u00e9parer leurs&hellip;\n","protected":false},"author":2,"featured_media":422410,"comment_status":"","ping_status":"","sticky":false,"template":"","format":"standard","meta":{"footnotes":""},"categories":[2817],"tags":[1111,11,1997,1777,674,1011,27,12,2219,25],"class_list":{"0":"post-422409","1":"post","2":"type-post","3":"status-publish","4":"format-standard","5":"has-post-thumbnail","7":"category-bordeaux","8":"tag-actu","9":"tag-actualites","10":"tag-bordeaux","11":"tag-eu","12":"tag-europe","13":"tag-fr","14":"tag-france","15":"tag-news","16":"tag-nouvelle-aquitaine","17":"tag-republique-francaise"},"share_on_mastodon":{"url":"https:\/\/pubeurope.com\/@fr\/115278663133046619","error":""},"_links":{"self":[{"href":"https:\/\/www.europesays.com\/fr\/wp-json\/wp\/v2\/posts\/422409","targetHints":{"allow":["GET"]}}],"collection":[{"href":"https:\/\/www.europesays.com\/fr\/wp-json\/wp\/v2\/posts"}],"about":[{"href":"https:\/\/www.europesays.com\/fr\/wp-json\/wp\/v2\/types\/post"}],"author":[{"embeddable":true,"href":"https:\/\/www.europesays.com\/fr\/wp-json\/wp\/v2\/users\/2"}],"replies":[{"embeddable":true,"href":"https:\/\/www.europesays.com\/fr\/wp-json\/wp\/v2\/comments?post=422409"}],"version-history":[{"count":0,"href":"https:\/\/www.europesays.com\/fr\/wp-json\/wp\/v2\/posts\/422409\/revisions"}],"wp:featuredmedia":[{"embeddable":true,"href":"https:\/\/www.europesays.com\/fr\/wp-json\/wp\/v2\/media\/422410"}],"wp:attachment":[{"href":"https:\/\/www.europesays.com\/fr\/wp-json\/wp\/v2\/media?parent=422409"}],"wp:term":[{"taxonomy":"category","embeddable":true,"href":"https:\/\/www.europesays.com\/fr\/wp-json\/wp\/v2\/categories?post=422409"},{"taxonomy":"post_tag","embeddable":true,"href":"https:\/\/www.europesays.com\/fr\/wp-json\/wp\/v2\/tags?post=422409"}],"curies":[{"name":"wp","href":"https:\/\/api.w.org\/{rel}","templated":true}]}}