{"id":422411,"date":"2025-09-27T22:39:18","date_gmt":"2025-09-27T22:39:18","guid":{"rendered":"https:\/\/www.europesays.com\/fr\/422411\/"},"modified":"2025-09-27T22:39:18","modified_gmt":"2025-09-27T22:39:18","slug":"girondins-votez-pour-le-meilleur-joueur-de-bordeaux-contre-bergerac","status":"publish","type":"post","link":"https:\/\/www.europesays.com\/fr\/422411\/","title":{"rendered":"Girondins : Votez pour le meilleur joueur de Bordeaux contre Bergerac !"},"content":{"rendered":"<p>\n    27\/09 &#8211; 21:35 | Par la r\u00e9daction | Il y a<br \/>\n    3 heures\n  <\/p>\n<p><strong>C&rsquo;est \u00e0 vous de jouer ! Les supporters des Girondins de Bordeaux sont invit\u00e9s \u00e0 \u00e9lire le meilleur bordelais du match face \u00e0 Bergerac en Coupe de France. Pour ce 4e tour de la comp\u00e9tition, vous avez l&rsquo;opportunit\u00e9 de d\u00e9signer le joueur qui s&rsquo;est le plus distingu\u00e9 chez les Marine et Blanc.<\/strong><\/p>\n<p><img decoding=\"async\" src=\"https:\/\/www.europesays.com\/fr\/wp-content\/uploads\/2025\/09\/671_b2d34ab3088ae05275937c2bbbac4d80.jpg\" alt=\"Girondins : Votez pour le meilleur joueur de Bordeaux contre Bergerac !\" class=\"img-responsive mt-3\"\/><\/p>\n<p class=\"text-center mb-3\" style=\"font-size: 14px\">\u00a9 Iconsport<\/p>\n<p>      <strong>Girondins de Bordeaux : votez pour le MVP du match contre Bergerac<br \/><\/strong><\/p>\n<p>\u00a0<\/p>\n<p>Voter ici et participez au classement du Top WG de la saison :<br \/><strong><br \/><\/strong><\/p>\n<p>\u00a0<\/p>\n<p>\u00a0<\/p>\n<p>\u00c0 lire aussi :\u00a0<strong><a href=\"https:\/\/www.webgirondins.com\/actualite-mercato-florian-pourtuguez-quitte-les-girondins-de-bordeaux-130581\" target=\"_blank\" rel=\"noopener\">Florian Pourtuguez quitte les Girondins de Bordeaux<\/a><\/strong><\/p>\n<p>\u00a0<\/p>\n<p>    <a href=\"https:\/\/www.webgirondins.com\/actualites-categorie-top-webgirondins-29\" target=\"_blank\" rel=\"noopener\">#Top WebGirondins<\/a><\/p>\n<p>  COMMENTAIRES<br \/>\n  ()<\/p>\n","protected":false},"excerpt":{"rendered":"27\/09 &#8211; 21:35 | Par la r\u00e9daction | Il y a 3 heures C&rsquo;est \u00e0 vous de jouer&hellip;\n","protected":false},"author":2,"featured_media":422412,"comment_status":"","ping_status":"","sticky":false,"template":"","format":"standard","meta":{"footnotes":""},"categories":[2817],"tags":[1111,11,8371,1997,6950,1444,615,55159,1777,674,2823,1011,27,1987,12363,5236,1441,955,14954,12,2219,471,25,3333,10221,53931,4568],"class_list":{"0":"post-422411","1":"post","2":"type-post","3":"status-publish","4":"format-standard","5":"has-post-thumbnail","7":"category-bordeaux","8":"tag-actu","9":"tag-actualites","10":"tag-bergerac","11":"tag-bordeaux","12":"tag-bordelais","13":"tag-contre","14":"tag-coupe","15":"tag-elire","16":"tag-eu","17":"tag-europe","18":"tag-face","19":"tag-fr","20":"tag-france","21":"tag-girondins","22":"tag-invites","23":"tag-jouer","24":"tag-joueur","25":"tag-match","26":"tag-meilleur","27":"tag-news","28":"tag-nouvelle-aquitaine","29":"tag-pour","30":"tag-republique-francaise","31":"tag-sont","32":"tag-supporters","33":"tag-votez","34":"tag-vous"},"share_on_mastodon":{"url":"https:\/\/pubeurope.com\/@fr\/115278667195109269","error":""},"_links":{"self":[{"href":"https:\/\/www.europesays.com\/fr\/wp-json\/wp\/v2\/posts\/422411","targetHints":{"allow":["GET"]}}],"collection":[{"href":"https:\/\/www.europesays.com\/fr\/wp-json\/wp\/v2\/posts"}],"about":[{"href":"https:\/\/www.europesays.com\/fr\/wp-json\/wp\/v2\/types\/post"}],"author":[{"embeddable":true,"href":"https:\/\/www.europesays.com\/fr\/wp-json\/wp\/v2\/users\/2"}],"replies":[{"embeddable":true,"href":"https:\/\/www.europesays.com\/fr\/wp-json\/wp\/v2\/comments?post=422411"}],"version-history":[{"count":0,"href":"https:\/\/www.europesays.com\/fr\/wp-json\/wp\/v2\/posts\/422411\/revisions"}],"wp:featuredmedia":[{"embeddable":true,"href":"https:\/\/www.europesays.com\/fr\/wp-json\/wp\/v2\/media\/422412"}],"wp:attachment":[{"href":"https:\/\/www.europesays.com\/fr\/wp-json\/wp\/v2\/media?parent=422411"}],"wp:term":[{"taxonomy":"category","embeddable":true,"href":"https:\/\/www.europesays.com\/fr\/wp-json\/wp\/v2\/categories?post=422411"},{"taxonomy":"post_tag","embeddable":true,"href":"https:\/\/www.europesays.com\/fr\/wp-json\/wp\/v2\/tags?post=422411"}],"curies":[{"name":"wp","href":"https:\/\/api.w.org\/{rel}","templated":true}]}}