{"id":422417,"date":"2025-09-27T22:43:16","date_gmt":"2025-09-27T22:43:16","guid":{"rendered":"https:\/\/www.europesays.com\/fr\/422417\/"},"modified":"2025-09-27T22:43:16","modified_gmt":"2025-09-27T22:43:16","slug":"salon-du-postpartum-gratuit-a-lille-evenements","status":"publish","type":"post","link":"https:\/\/www.europesays.com\/fr\/422417\/","title":{"rendered":"Salon du Postpartum gratuit \u00e0 Lille ! \/ \u00c9v\u00e9nements"},"content":{"rendered":"<p>\n                                                                        Le 28 septembre 2025<br \/>\n\t\t\t\t\t\t\t\t\t\t\tde 10h00 \u00e0 18h00\n\t\t\t\t\t                                        <\/p>\n<p class=\"subtitle\">\u00e0 <strong><br \/>\nGARAGE<\/strong><\/p>\n<p>Parce qu\u2019apr\u00e8s la naissance, tout ne s\u2019arr\u00eate pas<\/p>\n<p>            <img loading=\"lazy\" decoding=\"async\" src=\"\/var\/www\/storage\/images\/mediatheque\/mairie-de-lille\/images-openagenda\/salon-du-postpartum-gratuit-a-lille\/3853986-1-fre-FR\/Salon-du-Postpartum-gratuit-a-Lille_news_image_top.jpg\" width=\"779\" height=\"438\" alt=\"Salon du Postpartum gratuit \u00e0 Lille !\"\/><\/p>\n<p>\nLe postpartum m\u00e9rite enfin son propre salon\u202f!\u2028Le dimanche 28 septembre, venez vivre le 1er salon \u00e9ph\u00e9m\u00e8re itin\u00e9rant d\u00e9di\u00e9 au post-partum : un moment pour s\u2019informer, se ressourcer et briser les tabous.<br \/>Au programme ?\u2028\u2714\ufe0f Des conf\u00e9rences et tables rondes pour mieux comprendre cette p\u00e9riode si peu abord\u00e9e.\u2028\u2714\ufe0f Des ateliers cocooning pour prendre soin de soi et de b\u00e9b\u00e9.\u2028\u2714\ufe0f Des rencontres avec des pros de la p\u00e9rinatalit\u00e9, des marques engag\u00e9es et des cr\u00e9ateurs bienveillants.\u2028\u2714\ufe0f Un stand food sp\u00e9cial postpartum pour se r\u00e9conforter entre deux discussions.\u2028\u2714\ufe0f Des projections, des partages et surtout beaucoup de bienveillance.<\/p>\n<p>\ufe0f Entr\u00e9e gratuite\u2028R\u00e9servez votre place pour les ateliers : <a href=\"https:\/\/www.lille.fr\/\" target=\"_self\" class=\"lien_interne\" rel=\"noopener\">https:\/\/drive.google.com\/file\/d\/1kV9N4QMymOsCuEtdixl1wt78xhzK8kyo\/view?usp=drivesdk<\/a><\/p>\n<p>Fais partie du mouvement : viens lever le voile sur le post-partum et repars avec des ressources concr\u00e8tes pour vivre cette p\u00e9riode en douceur.<\/p>\n<p>Postpartum Tour : 28 septembre\u2028Une initiative sign\u00e9e \u00catre Femme et Na\u00eetre Maman.<\/p>\n<p>        \t\t                            Infos pratiques<\/p>\n<p>                    Adresse<\/p>\n<p>34 BOULEVARD CARNOT, LILLE<\/p>\n<p>                                                            Voir le plan<\/p>\n<p>\n                    PublicsDe  \u00e0  ans<\/p>\n","protected":false},"excerpt":{"rendered":"Le 28 septembre 2025 de 10h00 \u00e0 18h00 \u00e0 GARAGE Parce qu\u2019apr\u00e8s la naissance, tout ne s\u2019arr\u00eate pas&hellip;\n","protected":false},"author":2,"featured_media":422418,"comment_status":"","ping_status":"","sticky":false,"template":"","format":"standard","meta":{"footnotes":""},"categories":[2815],"tags":[1111,11,4763,1777,674,1011,27,811,1307,5415,12,25],"class_list":{"0":"post-422417","1":"post","2":"type-post","3":"status-publish","4":"format-standard","5":"has-post-thumbnail","7":"category-lille","8":"tag-actu","9":"tag-actualites","10":"tag-agenda","11":"tag-eu","12":"tag-europe","13":"tag-fr","14":"tag-france","15":"tag-hauts-de-france","16":"tag-lille","17":"tag-mairie","18":"tag-news","19":"tag-republique-francaise"},"share_on_mastodon":{"url":"https:\/\/pubeurope.com\/@fr\/115278683274661124","error":""},"_links":{"self":[{"href":"https:\/\/www.europesays.com\/fr\/wp-json\/wp\/v2\/posts\/422417","targetHints":{"allow":["GET"]}}],"collection":[{"href":"https:\/\/www.europesays.com\/fr\/wp-json\/wp\/v2\/posts"}],"about":[{"href":"https:\/\/www.europesays.com\/fr\/wp-json\/wp\/v2\/types\/post"}],"author":[{"embeddable":true,"href":"https:\/\/www.europesays.com\/fr\/wp-json\/wp\/v2\/users\/2"}],"replies":[{"embeddable":true,"href":"https:\/\/www.europesays.com\/fr\/wp-json\/wp\/v2\/comments?post=422417"}],"version-history":[{"count":0,"href":"https:\/\/www.europesays.com\/fr\/wp-json\/wp\/v2\/posts\/422417\/revisions"}],"wp:featuredmedia":[{"embeddable":true,"href":"https:\/\/www.europesays.com\/fr\/wp-json\/wp\/v2\/media\/422418"}],"wp:attachment":[{"href":"https:\/\/www.europesays.com\/fr\/wp-json\/wp\/v2\/media?parent=422417"}],"wp:term":[{"taxonomy":"category","embeddable":true,"href":"https:\/\/www.europesays.com\/fr\/wp-json\/wp\/v2\/categories?post=422417"},{"taxonomy":"post_tag","embeddable":true,"href":"https:\/\/www.europesays.com\/fr\/wp-json\/wp\/v2\/tags?post=422417"}],"curies":[{"name":"wp","href":"https:\/\/api.w.org\/{rel}","templated":true}]}}