{"id":422419,"date":"2025-09-27T22:44:20","date_gmt":"2025-09-27T22:44:20","guid":{"rendered":"https:\/\/www.europesays.com\/fr\/422419\/"},"modified":"2025-09-27T22:44:20","modified_gmt":"2025-09-27T22:44:20","slug":"pres-de-8-kg-de-produits-stupefiants-saisis-dans-les-quartiers-nord","status":"publish","type":"post","link":"https:\/\/www.europesays.com\/fr\/422419\/","title":{"rendered":"Pr\u00e8s de 8 kg de produits stup\u00e9fiants saisis dans les quartiers Nord"},"content":{"rendered":"<p class=\"rev-margin-0 rev-text-xs-normal\">En l\u2019espace de deux jours et en trois lieux diff\u00e9rents des quartiers Nord, elles ont saisi pr\u00e8s 8 kg de drogue.<\/p>\n<p class=\"rev-margin-0 rev-text-xs-bold\">\/ Illustration VALLAURI Nicolas<\/p>\n<p>Semaine f\u00e9conde et moisson fructueuse pour les forces de l\u2019ordre marseillaises engag\u00e9es dans la lutte contre le trafic de stup\u00e9fiants. En l\u2019espace de deux jours et en trois lieux diff\u00e9rents des quartiers Nord, elles ont saisi pr\u00e8s 8\u00a0kg de drogue.<\/p>\n<p>Le plus coup de filet concerne la cit\u00e9 <a href=\"https:\/\/www.laprovence.com\/article\/faits-divers-justice\/3252150597134814\/plus-de-42-kg-de-stupefiants-saisis-dans-les-quartiers-nord-de-marseille\" target=\"_blank\" rel=\"noopener\">Frais Vallon<\/a>. Plac\u00e9 sous surveillance par la brigade sp\u00e9cialis\u00e9e de terrain (BST), le point de deal local de ce quartier du 13e arrondissement de Marseille a offert aux policiers le traditionnel spectacle du n\u00e9goce bien organis\u00e9 qui pr\u00e9side au trafic de stup\u00e9fiants\u00a0: trois individus qui dans un ballet r\u00e9p\u00e9titif et selon des t\u00e2ches d\u00fbment r\u00e9parties, approvisionnent, vendent et repartent se ravitailler sans rel\u00e2che\u2026<\/p>\n<p>Des grenades lacrymog\u00e8nes face \u00e0 des individus hostiles<\/p>\n<p>Mercredi dernier 24\u00a0septembre, vers midi, l\u2019\u00e9quipage de la <a href=\"https:\/\/www.laprovence.com\/article\/faits-divers-justice\/3964976\/.html\" target=\"_blank\" rel=\"noopener\">BST<\/a> \u00e9tant parvenu \u00e0 localiser l\u2019appartement nourrice, a estim\u00e9 en avoir vu suffisamment pour mettre fin au man\u00e8ge. L\u2019op\u00e9ration d\u00e9clench\u00e9e au moment o\u00f9 le ravitailleur revenait approvisionner le point de deal, n\u2019a pas permis d\u2019intercepter le pourvoyeur qui a r\u00e9ussi \u00e0 prendre la fuite, mais deux vendeurs ont \u00e9t\u00e9 interpell\u00e9s, avant que les policiers n\u2019aillent perquisitionner le lieu de stockage pr\u00e9sum\u00e9.<\/p>\n<p>Bonne pioche, puisque les forces de l\u2019ordre y ont saisi 4,9\u00a0kg de r\u00e9sine de cannabis, 850\u00a0g d\u2019herbe et 56\u00a0g de coca\u00efne, mais aussi 2 armes de poing et des munitions. \u00c2g\u00e9s de 16 et 17\u00a0ans, les deux mineurs interpell\u00e9s ont \u00e9t\u00e9 d\u00e9f\u00e9r\u00e9s ce vendredi devant le juge des enfants.<\/p>\n<p>Jeudi, non sans mal, puisqu\u2019elles ont d\u00fb faire usage de grenades lacrymog\u00e8nes pour se d\u00e9gager des individus qui les mena\u00e7aient, les forces de l\u2019ordre ont intercept\u00e9 un autre vendeur pr\u00e9sum\u00e9 rue Augustin Leroux, dans le 15e arrondissement, \u00e0 proximit\u00e9 de ce point de deal du quartier des Aygalades. Interpell\u00e9 en possession de 500\u00a0g de r\u00e9sine, 50\u00a0g d\u2019herbe et 112\u00a0g de coca\u00efne, l\u2019adolescent \u00e2g\u00e9 de 15\u00a0ans, a \u00e9t\u00e9 plac\u00e9 en garde \u00e0 vue.<\/p>\n<p>\u00ab\u00a0Cela illustre la pugnacit\u00e9 de la BST 14\u00a0\u00bb<\/p>\n<p>Un peu plus tard dans cette m\u00eame journ\u00e9e, c\u2019est \u00e0 la Bricarde, que les policiers ont s\u00e9vi sur le point de deal de cette cit\u00e9 du 15e arrondissement. Ils ont interpell\u00e9 un vendeur pr\u00e9sum\u00e9 boulevard Henri Barnier. Ils ont \u00e9galement d\u00e9lest\u00e9 ce jeune homme \u00e2g\u00e9 de 18\u00a0ans, de 900\u00a0g de cannabis, 60\u00a0g de coca\u00efne et 330\u00a0euros en argent liquide.<\/p>\n<p>Au total, ce sont donc un peu de 7,6\u00a0kg de produits stup\u00e9fiants qui ont \u00e9t\u00e9 retir\u00e9s du march\u00e9 cette semaine, faisant dire \u00e0 la pr\u00e9f\u00e8te de police d\u00e9l\u00e9gu\u00e9e <a href=\"https:\/\/www.laprovence.com\/article\/societe\/1236975676435214\/une-petite-victoire-la-bataille-contre-les-dealers-paie-pour-les-habitants-de-bel-ombre-a-marseille\" target=\"_blank\" rel=\"noopener\">Corinne Simon<\/a> que l\u2019affaire de Frais Vallon \u00ab\u00a0illustre le travail et la pugnacit\u00e9 de la BST 14 dans les quartiers Nord\u00a0\u00bb.<\/p>\n","protected":false},"excerpt":{"rendered":"En l\u2019espace de deux jours et en trois lieux diff\u00e9rents des quartiers Nord, elles ont saisi pr\u00e8s 8&hellip;\n","protected":false},"author":2,"featured_media":422420,"comment_status":"","ping_status":"","sticky":false,"template":"","format":"standard","meta":{"footnotes":""},"categories":[2814],"tags":[17,1111,11,1102,1446,1777,674,274,1011,27,151,884,12,3762,13365,882,5116,25,17491,1098],"class_list":{"0":"post-422419","1":"post","2":"type-post","3":"status-publish","4":"format-standard","5":"has-post-thumbnail","7":"category-marseille","8":"tag-17","9":"tag-actu","10":"tag-actualites","11":"tag-breakingnews","12":"tag-dans","13":"tag-eu","14":"tag-europe","15":"tag-faits-divers-justice","16":"tag-fr","17":"tag-france","18":"tag-les","19":"tag-marseille","20":"tag-news","21":"tag-pres","22":"tag-produits","23":"tag-provence-alpes-cote-dazur","24":"tag-quartiers","25":"tag-republique-francaise","26":"tag-saisis","27":"tag-stupefiants"},"share_on_mastodon":{"url":"https:\/\/pubeurope.com\/@fr\/115278686787388739","error":""},"_links":{"self":[{"href":"https:\/\/www.europesays.com\/fr\/wp-json\/wp\/v2\/posts\/422419","targetHints":{"allow":["GET"]}}],"collection":[{"href":"https:\/\/www.europesays.com\/fr\/wp-json\/wp\/v2\/posts"}],"about":[{"href":"https:\/\/www.europesays.com\/fr\/wp-json\/wp\/v2\/types\/post"}],"author":[{"embeddable":true,"href":"https:\/\/www.europesays.com\/fr\/wp-json\/wp\/v2\/users\/2"}],"replies":[{"embeddable":true,"href":"https:\/\/www.europesays.com\/fr\/wp-json\/wp\/v2\/comments?post=422419"}],"version-history":[{"count":0,"href":"https:\/\/www.europesays.com\/fr\/wp-json\/wp\/v2\/posts\/422419\/revisions"}],"wp:featuredmedia":[{"embeddable":true,"href":"https:\/\/www.europesays.com\/fr\/wp-json\/wp\/v2\/media\/422420"}],"wp:attachment":[{"href":"https:\/\/www.europesays.com\/fr\/wp-json\/wp\/v2\/media?parent=422419"}],"wp:term":[{"taxonomy":"category","embeddable":true,"href":"https:\/\/www.europesays.com\/fr\/wp-json\/wp\/v2\/categories?post=422419"},{"taxonomy":"post_tag","embeddable":true,"href":"https:\/\/www.europesays.com\/fr\/wp-json\/wp\/v2\/tags?post=422419"}],"curies":[{"name":"wp","href":"https:\/\/api.w.org\/{rel}","templated":true}]}}