{"id":422421,"date":"2025-09-27T22:45:13","date_gmt":"2025-09-27T22:45:13","guid":{"rendered":"https:\/\/www.europesays.com\/fr\/422421\/"},"modified":"2025-09-27T22:45:13","modified_gmt":"2025-09-27T22:45:13","slug":"a-marseille-letablissement-penitentiaire-pour-mineurs-de-la-valentine-sous-le-feu-des-critiques","status":"publish","type":"post","link":"https:\/\/www.europesays.com\/fr\/422421\/","title":{"rendered":"\u00e0 Marseille, l\u2019\u00e9tablissement p\u00e9nitentiaire pour mineurs de La Valentine sous le feu des critiques"},"content":{"rendered":"<p class=\"mb-4 text-lg md:leading-8 break-words\">\u00c0 Marseille, la s\u00e9natrice \u00e9cologiste Anne Souyris est venue visiter l\u2019\u00e9tablissement p\u00e9nitentiaire pour mineurs de La Valentine, dans le XIe arrondissement. Une prison sous le feu des critiques apr\u00e8s un rapport publi\u00e9 cet \u00e9t\u00e9 par la contr\u00f4leure g\u00e9n\u00e9rale qui d\u00e9nonce des conditions indignes de d\u00e9tention.<\/p>\n<p class=\"mb-4 text-lg md:leading-8 break-words\">Avec notre correspondante \u00e0 Marseille, <strong>Eliza Amouret<\/strong><\/p>\n<p class=\"mb-4 text-lg md:leading-8 break-words\">Il est 10 heures du matin quand Anne Souyris, s\u00e9natrice de <strong><a href=\"https:\/\/www.rfi.fr\/fr\/tag\/paris\/\" class=\"link \" rel=\"nofollow noopener\" target=\"_blank\" data-ylk=\"slk:Paris;elm:context_link;itc:0;sec:content-canvas\">Paris<\/a><\/strong>, se pr\u00e9sente \u00e0 l\u2019improviste aux grilles de l&rsquo;\u00e9tablissement p\u00e9nitentiaire pour mineurs (EPM) de Marseille-La Valentine. Elle exerce son droit de visite parlementaire\u00a0: \u00ab\u00a0On va regarder ce qui se passe. J&rsquo;ai des gros doutes vu l&rsquo;\u00e9tat de ce que j&rsquo;ai lu, je ne vois pas comment \u00e7a peut s&rsquo;am\u00e9liorer sans fermeture compl\u00e8te pour tout refaire\u00a0\u00bb, explique la s\u00e9natrice.<\/p>\n<p class=\"mb-4 text-lg md:leading-8 break-words\">Dans cet \u00e9tablissement, 38 gar\u00e7ons de 13 \u00e0 18 ans sont enferm\u00e9s pour purger des peines de prison ou dans l\u2019attente de leur jugement. Accompagn\u00e9e par le directeur adjoint qui souhaite rester anonyme, Anne Souyris rencontre certains d\u00e9tenus dans leurs cellules.<\/p>\n<p class=\"mb-4 text-lg md:leading-8 break-words\">\u00ab\u00a0Il faut que \u00e7a ferme. Regardez, ce n&rsquo;est pas propre. On n&rsquo;a pas de grosses couvertures\u00a0\u00bb, raconte ce jeune d\u00e9tenu qui souhaite garder l&rsquo;anonymat. Dans sa cellule, la peinture est d\u00e9cr\u00e9pie, les murs remplis de graffitis et les toilettes ne sont pas nettoy\u00e9es.<\/p>\n<p class=\"mb-4 text-lg md:leading-8 break-words\">\u00c0 lire aussi<a href=\"https:\/\/fr.news.yahoo.com\/france-prison-mineurs-marseille-menac%C3%A9e-213511954.html\" class=\"link  yahoo-link\" data-ylk=\"slk:France: une prison pour mineurs de Marseille menac\u00e9e de fermeture, apr\u00e8s la d\u00e9couverte de pratiques \u00abd\u00e9gradantes\u00bb;elm:context_link;itc:0;sec:content-canvas;outcm:mb_qualified_link;_E:mb_qualified_link;ct:story;\" target=\"_blank\" rel=\"noopener\">France: une prison pour mineurs de Marseille menac\u00e9e de fermeture, apr\u00e8s la d\u00e9couverte de pratiques \u00abd\u00e9gradantes\u00bb<\/a><\/p>\n<p>Des moyens insuffisants<\/p>\n<p class=\"mb-4 text-lg md:leading-8 break-words\">Suite au rapport de la contr\u00f4leure g\u00e9n\u00e9rale, des travaux ont commenc\u00e9 dans certains quartiers de la prison. Nouvelle r\u00e9sine au sol, des sanitaires neufs et peinture fra\u00eeche. \u00ab\u00a0Il est \u00e9vident que le rapport a enclench\u00e9 des actions et l&rsquo;attribution de moyens suppl\u00e9mentaires\u00a0\u00bb, explique le directeur adjoint de l\u2019\u00e9tablissement p\u00e9nitentiaire.<\/p>\n<p class=\"mb-4 text-lg md:leading-8 break-words\">Mais pour Anne Souyris, les travaux ne suffiront pas. Elle pointe \u00e9galement du doigt le manque d\u2019activit\u00e9s scolaires et le manque de personnel. \u00c0 l\u2019EPM de La Valentine, il manque 20\u00a0% du personnel p\u00e9nitentiaire.<\/p>\n<p class=\"mb-4 text-lg md:leading-8 break-words\">\u00c0 lire aussi<a href=\"https:\/\/fr.news.yahoo.com\/surpopulation-carc%C3%A9rale-france-au-bord-141008178.html\" class=\"link  yahoo-link\" data-ylk=\"slk:Surpopulation carc\u00e9rale : la France au bord de l&#039;implosion;elm:context_link;itc:0;sec:content-canvas;outcm:mb_qualified_link;_E:mb_qualified_link;ct:story;\" target=\"_blank\" rel=\"noopener\">Surpopulation carc\u00e9rale : la France au bord de l&rsquo;implosion<\/a><\/p>\n","protected":false},"excerpt":{"rendered":"\u00c0 Marseille, la s\u00e9natrice \u00e9cologiste Anne Souyris est venue visiter l\u2019\u00e9tablissement p\u00e9nitentiaire pour mineurs de La Valentine, dans&hellip;\n","protected":false},"author":2,"featured_media":422422,"comment_status":"","ping_status":"","sticky":false,"template":"","format":"standard","meta":{"footnotes":""},"categories":[2814],"tags":[1111,11,55160,1777,674,1011,27,49207,884,12,55162,55161,26092,882,25],"class_list":{"0":"post-422421","1":"post","2":"type-post","3":"status-publish","4":"format-standard","5":"has-post-thumbnail","7":"category-marseille","8":"tag-actu","9":"tag-actualites","10":"tag-anne-souyris","11":"tag-eu","12":"tag-europe","13":"tag-fr","14":"tag-france","15":"tag-la-valentine","16":"tag-marseille","17":"tag-news","18":"tag-peines-de-prison","19":"tag-peinture-fraiche","20":"tag-prison-pour-mineurs","21":"tag-provence-alpes-cote-dazur","22":"tag-republique-francaise"},"share_on_mastodon":{"url":"https:\/\/pubeurope.com\/@fr\/115278690670793383","error":""},"_links":{"self":[{"href":"https:\/\/www.europesays.com\/fr\/wp-json\/wp\/v2\/posts\/422421","targetHints":{"allow":["GET"]}}],"collection":[{"href":"https:\/\/www.europesays.com\/fr\/wp-json\/wp\/v2\/posts"}],"about":[{"href":"https:\/\/www.europesays.com\/fr\/wp-json\/wp\/v2\/types\/post"}],"author":[{"embeddable":true,"href":"https:\/\/www.europesays.com\/fr\/wp-json\/wp\/v2\/users\/2"}],"replies":[{"embeddable":true,"href":"https:\/\/www.europesays.com\/fr\/wp-json\/wp\/v2\/comments?post=422421"}],"version-history":[{"count":0,"href":"https:\/\/www.europesays.com\/fr\/wp-json\/wp\/v2\/posts\/422421\/revisions"}],"wp:featuredmedia":[{"embeddable":true,"href":"https:\/\/www.europesays.com\/fr\/wp-json\/wp\/v2\/media\/422422"}],"wp:attachment":[{"href":"https:\/\/www.europesays.com\/fr\/wp-json\/wp\/v2\/media?parent=422421"}],"wp:term":[{"taxonomy":"category","embeddable":true,"href":"https:\/\/www.europesays.com\/fr\/wp-json\/wp\/v2\/categories?post=422421"},{"taxonomy":"post_tag","embeddable":true,"href":"https:\/\/www.europesays.com\/fr\/wp-json\/wp\/v2\/tags?post=422421"}],"curies":[{"name":"wp","href":"https:\/\/api.w.org\/{rel}","templated":true}]}}