{"id":422429,"date":"2025-09-27T22:50:12","date_gmt":"2025-09-27T22:50:12","guid":{"rendered":"https:\/\/www.europesays.com\/fr\/422429\/"},"modified":"2025-09-27T22:50:12","modified_gmt":"2025-09-27T22:50:12","slug":"psg-auxerre-a-quatre-jours-de-barcelone-paris-sinquiete-pour-deux-de-ses-cadres","status":"publish","type":"post","link":"https:\/\/www.europesays.com\/fr\/422429\/","title":{"rendered":"PSG-Auxerre\u00a0: \u00e0 quatre jours de Barcelone, Paris s\u2019inqui\u00e8te pour deux de ses cadres"},"content":{"rendered":"<p class=\"paragraph text_align_left lp-f-body-02\">Le Portugais a d\u2019abord sembl\u00e9 d\u00e9stabilis\u00e9, pas forc\u00e9ment crisp\u00e9 ni inquiet de la situation, alors qu\u2019il venait d\u2019offrir une passe lumineuse pour l\u2019ouverture du score d\u2019Illia Zabarnyi (1-0, 33e). Il a \u00e9chang\u00e9 un mot rapide avec le docteur Quentin Vincent avant de s\u2019asseoir sagement aux c\u00f4t\u00e9s des rempla\u00e7ants. Dr\u00f4le d\u2019image, avant la sortie contrainte et forc\u00e9e de <a href=\"https:\/\/www.leparisien.fr\/sports\/football\/khvicha-kvaratskhelia\/\" target=\"_blank\" rel=\"noreferrer nofollow noopener\">Khvicha Kvaratskhelia<\/a>, relev\u00e9 \u00e0 la pause par <a href=\"https:\/\/www.leparisien.fr\/sports\/football\/bradley-barcola\/\" target=\"_blank\" rel=\"noreferrer nofollow noopener\">Bradley Barcola<\/a>.<\/p>\n","protected":false},"excerpt":{"rendered":"Le Portugais a d\u2019abord sembl\u00e9 d\u00e9stabilis\u00e9, pas forc\u00e9ment crisp\u00e9 ni inquiet de la situation, alors qu\u2019il venait d\u2019offrir&hellip;\n","protected":false},"author":2,"featured_media":422430,"comment_status":"","ping_status":"","sticky":false,"template":"","format":"standard","meta":{"footnotes":""},"categories":[1888],"tags":[1111,1928,11,1927,1777,674,63,1011,27,66,12,1926,626,1925,25,60],"class_list":{"0":"post-422429","1":"post","2":"type-post","3":"status-publish","4":"format-standard","5":"has-post-thumbnail","7":"category-paris","8":"tag-actu","9":"tag-actu-paris","10":"tag-actualites","11":"tag-actualites-paris","12":"tag-eu","13":"tag-europe","14":"tag-football","15":"tag-fr","16":"tag-france","17":"tag-ligue-1","18":"tag-news","19":"tag-news-paris","20":"tag-paris","21":"tag-paris-news","22":"tag-republique-francaise","23":"tag-sports"},"share_on_mastodon":{"url":"https:\/\/pubeurope.com\/@fr\/115278710326794221","error":""},"_links":{"self":[{"href":"https:\/\/www.europesays.com\/fr\/wp-json\/wp\/v2\/posts\/422429","targetHints":{"allow":["GET"]}}],"collection":[{"href":"https:\/\/www.europesays.com\/fr\/wp-json\/wp\/v2\/posts"}],"about":[{"href":"https:\/\/www.europesays.com\/fr\/wp-json\/wp\/v2\/types\/post"}],"author":[{"embeddable":true,"href":"https:\/\/www.europesays.com\/fr\/wp-json\/wp\/v2\/users\/2"}],"replies":[{"embeddable":true,"href":"https:\/\/www.europesays.com\/fr\/wp-json\/wp\/v2\/comments?post=422429"}],"version-history":[{"count":0,"href":"https:\/\/www.europesays.com\/fr\/wp-json\/wp\/v2\/posts\/422429\/revisions"}],"wp:featuredmedia":[{"embeddable":true,"href":"https:\/\/www.europesays.com\/fr\/wp-json\/wp\/v2\/media\/422430"}],"wp:attachment":[{"href":"https:\/\/www.europesays.com\/fr\/wp-json\/wp\/v2\/media?parent=422429"}],"wp:term":[{"taxonomy":"category","embeddable":true,"href":"https:\/\/www.europesays.com\/fr\/wp-json\/wp\/v2\/categories?post=422429"},{"taxonomy":"post_tag","embeddable":true,"href":"https:\/\/www.europesays.com\/fr\/wp-json\/wp\/v2\/tags?post=422429"}],"curies":[{"name":"wp","href":"https:\/\/api.w.org\/{rel}","templated":true}]}}