{"id":422434,"date":"2025-09-27T22:53:10","date_gmt":"2025-09-27T22:53:10","guid":{"rendered":"https:\/\/www.europesays.com\/fr\/422434\/"},"modified":"2025-09-27T22:53:10","modified_gmt":"2025-09-27T22:53:10","slug":"a-paris-disney100-lexposition-revient-sur-les-cent-ans-dhistoire-de-disney","status":"publish","type":"post","link":"https:\/\/www.europesays.com\/fr\/422434\/","title":{"rendered":"\u00c0 Paris, \u00abDisney100: l&rsquo;Exposition\u00bb revient sur les cent ans d&rsquo;histoire de Disney"},"content":{"rendered":"<p>\n                                                Mickey Mouse, Cendrillon, Simba, Mary Poppins, Bambi ou encore les Aristochats\u2026 Ces personnages ont marqu\u00e9 des g\u00e9n\u00e9rations de millions d&rsquo;individus \u00e0 travers le monde. Coup de projecteur aujourd\u2019hui sur Disney, le mastodonte du divertissement, dont l\u2019exposition du centenaire fait escale \u00e0 Paris jusqu&rsquo;au 26 octobre, apr\u00e8s avoir d\u00e9j\u00e0 tourn\u00e9 \u00e0 Londres, Munich ou encore S\u00e9oul.                    <\/p>\n<p>C&rsquo;est un contrat de 1923 qui signe les d\u00e9buts officiels de l&rsquo;entreprise cr\u00e9\u00e9e par un jeune am\u00e9ricain de 22 ans, Walt Disney et son fr\u00e8re Roy. \u00ab\u00a0Ce qui marque la naissance de la Walt Disney Company, c&rsquo;est le contrat que Walt et son fr\u00e8re Roy signent avec une distributrice de dessin anim\u00e9, Margaret J. Winkler, raconte S\u00e9bastien Durand, expert fran\u00e7ais de Disney, Elle commande une premi\u00e8re s\u00e9rie de dessins anim\u00e9s, \u00e0 ce jeune homme qui y est all\u00e9 au culot. Elle lui commande six premiers cartoons. Il signe le contrat et c&rsquo;est le 16 octobre 1923, et \u00e7a marque les d\u00e9buts de ce qui est aujourd&rsquo;hui la Walt Disney Company\u00a0\u00bb.<\/p>\n<p>Un document que l&rsquo;on peut voir dans la premi\u00e8re salle de l&rsquo;exposition, non loin des premi\u00e8res esquisses de Mickey Mouse. La c\u00e9l\u00e9brissime souris prendra vie cinq ans plus tard, explique S\u00e9bastien Durand\u00a0: \u00ab\u00a0Le cin\u00e9ma parlant \u00e9tait tout nouveau et venait d&rsquo;\u00eatre invent\u00e9 l&rsquo;ann\u00e9e pr\u00e9c\u00e9dente avec le chanteur de jazz. Walt Disney va tout miser sur cette id\u00e9e de \u00ab\u00a0on va sonoriser Mickey\u00a0\u00bb. Il va mettre sa maison en gage, il va hypoth\u00e9quer tout \u00e7a parce que \u00e7a passe ou \u00e7a casse. Il a une toute petite \u00e9quipe pour faire Mickey. Et la question qui va tr\u00e8s vite se poser, c&rsquo;est\u00a0: qui va faire la voix de Mickey\u00a0?\u00a0\u00bb<\/p>\n<p>C&rsquo;est Walt lui-m\u00eame qui pr\u00eatera sa voix \u00e0 la souris les premi\u00e8res ann\u00e9es. Autant de d\u00e9tails que l&rsquo;on apprend dans cette exposition du centenaire. Et notamment la philosophie du fondateur, et parmi l&rsquo;un de ses grands principes. La r\u00e8gle d&rsquo;or, c&rsquo;est l&rsquo;art du r\u00e9cit, comme l&rsquo;explique Becky Kline \u00e0 la t\u00eate des archives Disney\u00a0: \u00ab\u00a0Dans tout ce que l&rsquo;on fait, que ce soit une croisi\u00e8re, une attraction d&rsquo;un des parcs, un film, une s\u00e9rie t\u00e9l\u00e9vis\u00e9e, tout repose sur l&rsquo;histoire que l&rsquo;on raconte. Et cela, quelle que soit la forme choisie, que ce soit l&rsquo;animation traditionnelle, en 2D, ou par ordinateur ou un livre, puisque l&rsquo;on \u00e9dite aussi des livres. On raconte des histoires.\u00a0\u00bb<\/p>\n<p>On pourrait citer d&rsquo;autres r\u00e8gles d&rsquo;airains, comme l&rsquo;importance de la musique et des chansons, ou le go\u00fbt pour l&rsquo;innovation. On peut voir, parmi les quelque 250 pi\u00e8ces, costumes ou accessoires expos\u00e9s \u00e0 Paris, une cam\u00e9ra sp\u00e9cialement con\u00e7ue pour le premier long m\u00e9trage d&rsquo;animation de l&rsquo;histoire, Blanche neige et les sept nains, en 1937.<\/p>\n<p>\u00ab\u00a0Ils cr\u00e9ent une cam\u00e9ra que l&rsquo;on appelle la cam\u00e9ra multiplane, qui permet de mettre les diff\u00e9rents plans verticaux. Et la cam\u00e9ra va se rapprocher. Vous savez, dans Blanche Neige, au d\u00e9but, on est dans la for\u00eat, on s&rsquo;approche du ch\u00e2teau, les arbres deviennent flous\u2026 Donc, il y a toujours eu ce m\u00e9lange de technologie au service de l&rsquo;histoire chez Disney, d\u00e8s les d\u00e9buts\u00a0\u00bb, analyse S\u00e9bastien Durand.<\/p>\n<p>Casques de Star Wars, robe rouge de Cruella, ou cheval de man\u00e8ge de Mary Poppins, des objets iconiques figurent \u00e9galement en bonne place, participant \u00e0 la magie Disney jamais d\u00e9mentie depuis un centenaire.<\/p>\n<p class=\"a-read-more\">\u00c0 lire aussi<a target=\"_self\" href=\"https:\/\/www.rfi.fr\/fr\/podcasts\/tous-les-cin\u00e9mas-du-monde\/20250426-disney-mastodonte-du-divertissement-c\u00e9l\u00e8bre-son-centenaire-actuellement-\u00e0-paris\" class=\"a-read-more__link\" rel=\"noopener\">Disney, mastodonte du divertissement, c\u00e9l\u00e8bre son centenaire actuellement \u00e0 Paris<\/a><\/p>\n","protected":false},"excerpt":{"rendered":"Mickey Mouse, Cendrillon, Simba, Mary Poppins, Bambi ou encore les Aristochats\u2026 Ces personnages ont marqu\u00e9 des g\u00e9n\u00e9rations de&hellip;\n","protected":false},"author":2,"featured_media":422435,"comment_status":"","ping_status":"","sticky":false,"template":"","format":"standard","meta":{"footnotes":""},"categories":[1888],"tags":[11,650,251,1777,674,1011,27,937,12,626,3292,25],"class_list":{"0":"post-422434","1":"post","2":"type-post","3":"status-publish","4":"format-standard","5":"has-post-thumbnail","7":"category-paris","8":"tag-actualites","9":"tag-cinema","10":"tag-culture","11":"tag-eu","12":"tag-europe","13":"tag-fr","14":"tag-france","15":"tag-histoire","16":"tag-news","17":"tag-paris","18":"tag-reportage-culture","19":"tag-republique-francaise"},"share_on_mastodon":{"url":"https:\/\/pubeurope.com\/@fr\/115278722100067091","error":""},"_links":{"self":[{"href":"https:\/\/www.europesays.com\/fr\/wp-json\/wp\/v2\/posts\/422434","targetHints":{"allow":["GET"]}}],"collection":[{"href":"https:\/\/www.europesays.com\/fr\/wp-json\/wp\/v2\/posts"}],"about":[{"href":"https:\/\/www.europesays.com\/fr\/wp-json\/wp\/v2\/types\/post"}],"author":[{"embeddable":true,"href":"https:\/\/www.europesays.com\/fr\/wp-json\/wp\/v2\/users\/2"}],"replies":[{"embeddable":true,"href":"https:\/\/www.europesays.com\/fr\/wp-json\/wp\/v2\/comments?post=422434"}],"version-history":[{"count":0,"href":"https:\/\/www.europesays.com\/fr\/wp-json\/wp\/v2\/posts\/422434\/revisions"}],"wp:featuredmedia":[{"embeddable":true,"href":"https:\/\/www.europesays.com\/fr\/wp-json\/wp\/v2\/media\/422435"}],"wp:attachment":[{"href":"https:\/\/www.europesays.com\/fr\/wp-json\/wp\/v2\/media?parent=422434"}],"wp:term":[{"taxonomy":"category","embeddable":true,"href":"https:\/\/www.europesays.com\/fr\/wp-json\/wp\/v2\/categories?post=422434"},{"taxonomy":"post_tag","embeddable":true,"href":"https:\/\/www.europesays.com\/fr\/wp-json\/wp\/v2\/tags?post=422434"}],"curies":[{"name":"wp","href":"https:\/\/api.w.org\/{rel}","templated":true}]}}