{"id":422436,"date":"2025-09-27T22:54:12","date_gmt":"2025-09-27T22:54:12","guid":{"rendered":"https:\/\/www.europesays.com\/fr\/422436\/"},"modified":"2025-09-27T22:54:12","modified_gmt":"2025-09-27T22:54:12","slug":"la-russie-affirme-avoir-pris-le-controle-de-3-localites-dans-2-regions-ukrainiennes-anadolu-ajansi","status":"publish","type":"post","link":"https:\/\/www.europesays.com\/fr\/422436\/","title":{"rendered":"La Russie affirme avoir pris le contr\u00f4le de 3 localit\u00e9s dans 2 r\u00e9gions ukrainiennes &#8211; Anadolu Ajans\u0131"},"content":{"rendered":"<ol>\n<li><a href=\"https:\/\/news.google.com\/rss\/articles\/CBMi0wFBVV95cUxOSXVNYkYtUTU2VnZkY0dUMHVOWFlvaE5GTHB1YzJINjg5cUI2UVpybnhQbVdQVTJTdVpBaDBPcF9pUmhmX3J2dC1yZ3l4c3lyYlFFSkFCdDV6aXlCQjlDSE9kNnJzX0dDVTd2ZXFQTzhhcTJqUmpjYjJJbUZzbVNfNVdWV1BiNWl3Ul9QbThyTXU1M0dmNlJwcVZNRmJnVllGb193Rk8yMk5GOVhEZG8wbkJJZHhLQlBMRXltRWtDeTVjLUZnOG5Ma2JZcndmZkZCSTlR?oc=5\" target=\"_blank\" rel=\"nofollow noopener\">La Russie affirme avoir pris le contr\u00f4le de 3 localit\u00e9s dans 2 r\u00e9gions ukrainiennes<\/a>&nbsp;&nbsp;Anadolu Ajans\u0131<\/li>\n<li><a href=\"https:\/\/news.google.com\/rss\/articles\/CBMigAJBVV95cUxNUk5IRDFLWm8wUFJIc1BiLXlGWEM4dEZZZWNTXzgyZjBkZmh6NGRzVTlTY1ZMQUs0bUttWUEzYTFwbF9ib24zbE5yS0s2Qm1sTzZtRUhMdmY2RHg1UHN0OHh3M0pEVFBpNFFIdGZVQ0NOSkREUHNicWxQcl8yYjd0TFU1WXB0TWNWUzhicWtYZFlidjNpOFlsWmx1aW80b1FvOXhEVzlPQVAxVHpta2wwQzF4Sy1IZ2hnRnBKM0xFVFh3WGxYQ2dBMzB5TnBHOXFUeXZ6M1E4QWJUR29HRlhnUENWOU9BTUFOT09GSFgwWU16b1lxT05QSG5FTU9vR2w1?oc=5\" target=\"_blank\" rel=\"nofollow noopener\">CARTE. Guerre en Ukraine : Kiev perd du terrain, Zaporijjia d\u00e9connect\u00e9e, drones\u2026 Le point du jour<\/a>&nbsp;&nbsp;Ouest-France<\/li>\n<li><a href=\"https:\/\/news.google.com\/rss\/articles\/CBMiwAFBVV95cUxORi1IYk9KcHJ1Tkx5RjU5MTRpU25aQnE1Vjc1dDZ3MHpvck9tYm9rOXhGcnAwTWlmbEREb1doYXVXM1lQZ1VJaDRlaEZZSVNRX0JfaUVXRUpqdEY5TDQwQ0Q2SktUa1hoRHMzbURpUHBidldaQU52and6TnBpZXZEX2NHTnJENTNBOHg4b0wteHZLZGxqY0dYTnc5Q3RzcnIteFVGbl9UalZ4aDFGS3NGb3RKX1JRX3l6a0h4S3ZCY2c?oc=5\" target=\"_blank\" rel=\"nofollow noopener\">Guerre en Ukraine: trois villages de l&rsquo;est ukrainien passent sous contr\u00f4le russe<\/a>&nbsp;&nbsp;Le Journal de Montr\u00e9al<\/li>\n<\/ol>\n","protected":false},"excerpt":{"rendered":"La Russie affirme avoir pris le contr\u00f4le de 3 localit\u00e9s dans 2 r\u00e9gions ukrainiennes&nbsp;&nbsp;Anadolu Ajans\u0131 CARTE. Guerre en&hellip;\n","protected":false},"author":2,"featured_media":422437,"comment_status":"","ping_status":"","sticky":false,"template":"","format":"standard","meta":{"footnotes":""},"categories":[1591],"tags":[11,1785,55163,1887,12,1885,1886,132],"class_list":{"0":"post-422436","1":"post","2":"type-post","3":"status-publish","4":"format-standard","5":"has-post-thumbnail","7":"category-russie","8":"tag-actualites","9":"tag-anadolu-ajansi","10":"tag-conflit-en-ukraine","11":"tag-federation-de-russie","12":"tag-news","13":"tag-russia","14":"tag-russian-federation","15":"tag-russie"},"share_on_mastodon":{"url":"https:\/\/pubeurope.com\/@fr\/115278726068485634","error":""},"_links":{"self":[{"href":"https:\/\/www.europesays.com\/fr\/wp-json\/wp\/v2\/posts\/422436","targetHints":{"allow":["GET"]}}],"collection":[{"href":"https:\/\/www.europesays.com\/fr\/wp-json\/wp\/v2\/posts"}],"about":[{"href":"https:\/\/www.europesays.com\/fr\/wp-json\/wp\/v2\/types\/post"}],"author":[{"embeddable":true,"href":"https:\/\/www.europesays.com\/fr\/wp-json\/wp\/v2\/users\/2"}],"replies":[{"embeddable":true,"href":"https:\/\/www.europesays.com\/fr\/wp-json\/wp\/v2\/comments?post=422436"}],"version-history":[{"count":0,"href":"https:\/\/www.europesays.com\/fr\/wp-json\/wp\/v2\/posts\/422436\/revisions"}],"wp:featuredmedia":[{"embeddable":true,"href":"https:\/\/www.europesays.com\/fr\/wp-json\/wp\/v2\/media\/422437"}],"wp:attachment":[{"href":"https:\/\/www.europesays.com\/fr\/wp-json\/wp\/v2\/media?parent=422436"}],"wp:term":[{"taxonomy":"category","embeddable":true,"href":"https:\/\/www.europesays.com\/fr\/wp-json\/wp\/v2\/categories?post=422436"},{"taxonomy":"post_tag","embeddable":true,"href":"https:\/\/www.europesays.com\/fr\/wp-json\/wp\/v2\/tags?post=422436"}],"curies":[{"name":"wp","href":"https:\/\/api.w.org\/{rel}","templated":true}]}}