{"id":422438,"date":"2025-09-27T22:55:14","date_gmt":"2025-09-27T22:55:14","guid":{"rendered":"https:\/\/www.europesays.com\/fr\/422438\/"},"modified":"2025-09-27T22:55:14","modified_gmt":"2025-09-27T22:55:14","slug":"zelensky-annonce-que-lukraine-a-recu-disrael-un-systeme-antiaerien-patriot","status":"publish","type":"post","link":"https:\/\/www.europesays.com\/fr\/422438\/","title":{"rendered":"Zelensky annonce que l&rsquo;Ukraine a re\u00e7u d&rsquo;Isra\u00ebl un syst\u00e8me antia\u00e9rien \u00ab\u00a0Patriot\u00a0\u00bb"},"content":{"rendered":"<p class=\"article-p mdl\">Le pr\u00e9sident ukrainien, Volodymyr Zelensky, a annonc\u00e9 samedi que l&rsquo;Ukraine avait re\u00e7u d&rsquo;Isra\u00ebl un syst\u00e8me antia\u00e9rien Patriot, un armement de fabrication am\u00e9ricaine co\u00fbteux et essentiel pour repousser les attaques de missiles russes visant le pays.<\/p>\n<p class=\"article-p mdl\">\u00ab\u00a0<strong>Un syst\u00e8me isra\u00e9lien (Patriot) fonctionne en Ukraine<\/strong>, cela fait un mois qu&rsquo;il fonctionne\u00a0\u00bb, a d\u00e9clar\u00e9 M. Zelensky lors d&rsquo;une conf\u00e9rence de presse, sans pr\u00e9ciser si Kiev l&rsquo;avait achet\u00e9 ou obtenu gratuitement.\u00a0<\/p>\n<p class=\"article-p mdl\">En avril, le New York Times, citant des sources officielles am\u00e9ricaines, avait affirm\u00e9 qu&rsquo;un syst\u00e8me Patriot bas\u00e9 en Isra\u00ebl serait r\u00e9nov\u00e9 puis envoy\u00e9 en Ukraine, l&rsquo;arm\u00e9e de l&rsquo;air isra\u00e9lienne souhaitant se doter de mat\u00e9riel plus moderne. Apr\u00e8s<strong> le d\u00e9clenchement de l&rsquo;invasion russe de l&rsquo;Ukraine en 2022,<\/strong> Isra\u00ebl avait adopt\u00e9 une position neutre en ne sanctionnant pas la Russie, \u00e0 la diff\u00e9rence de beaucoup d&rsquo;autres pays occidentaux.<\/p>\n<p class=\"article-p mdl\">Mais ses liens avec Moscou se sont ensuite distendus face au renforcement de l&rsquo;alliance entre la Russie et l&rsquo;Iran, qui est accus\u00e9 d&rsquo;avoir fourni des drones d&rsquo;attaques au Kremlin, et la guerre men\u00e9e par Isra\u00ebl dans la bande de Gaza, condamn\u00e9e par les autorit\u00e9s russes. Kiev avait notamment salu\u00e9 en juin les frappes d&rsquo;Isra\u00ebl et des Etats-Unis sur <strong>des sites nucl\u00e9aires en Iran.<\/strong><\/p>\n<p class=\"article-p mdl\">Samedi,\u00a0<a class=\"link\" href=\"https:\/\/www.rtl.fr\/actu\/international\/guerre-en-ukraine-zelensky-annonce-qu-il-rencontrera-trump-la-semaine-prochaine-en-marge-de-l-assemblee-generale-de-l-onu-7900543670\" title=\"&quot;Nous perdons beaucoup de temps&quot; : Zelensky annonce une rencontre avec Trump et met la pression sur ses alli\u00e9s\" target=\"_blank\" rel=\"nofollow noopener\">Volodymyr Zelensky est \u00e9galement revenu sur sa r\u00e9cente rencontre \u00e0 New York avec son homologue am\u00e9ricain<\/a>, Donald Trump. Selon lui, les deux dirigeants ont trouv\u00e9 un \u00ab\u00a0accord\u00a0\u00bb sur l&rsquo;achat par Kiev de \u00ab\u00a0d&rsquo;armements appropri\u00e9s\u00a0\u00bb aux \u00c9tats-Unis. \u00ab\u00a0Nous avons fait le principal, nous sommes entendus avec le pr\u00e9sident et passons \u00e0 l&rsquo;application pratique\u00a0\u00bb, a d\u00e9clar\u00e9 Volodymyr\u00a0 Zelensky. Il a ajout\u00e9 que Kiev avait fourni \u00e0 M. Trump des d\u00e9tails sur les armements que souhaitait l&rsquo;Ukraine dans le cadre d&rsquo;un plan pour acheter 90 milliards de dollars d&rsquo;armes \u00e0 Washington, qu&rsquo;il avait \u00e9voqu\u00e9 pour la premi\u00e8re fois en ao\u00fbt.<\/p>\n<p class=\"article-p mdl\">Lors de sa conf\u00e9rence de presse<strong> Volodymyr Zelensky<\/strong> n&rsquo;a toutefois pas confirm\u00e9 qu&rsquo;il avait demand\u00e9 \u00e0 Donald Trump des missiles Tomahawk, comme l&rsquo;a affirm\u00e9 un article du m\u00e9dia am\u00e9ricain Axios. \u00ab\u00a0Je ne peux pas donner plus de d\u00e9tails, comme c&rsquo;est un sujet tr\u00e8s sensible\u00a0\u00bb, a dit le pr\u00e9sident ukrainien, interrog\u00e9 sur ce point. Donald Trump a effectu\u00e9 mardi un revirement verbal en comparant la Russie \u00e0 un \u00ab\u00a0tigre de papier\u00a0\u00bb et sugg\u00e9r\u00e9 que l&rsquo;Ukraine pourrait gagner la guerre face \u00e0 l&rsquo;arm\u00e9e russe, alors qu&rsquo;il avait privil\u00e9gi\u00e9 auparavant le dialogue avec Vladimir Poutine et parfois rudoy\u00e9 M. Zelensky.<\/p>\n<p>    La r\u00e9daction vous recommande<\/p>\n<p class=\"s-newsletter__title\">\n                L\u2019actualit\u00e9 par la r\u00e9daction de RTL dans votre bo\u00eete mail.\n            <\/p>\n<p class=\"s-newsletter__subtitle\">\n                Gr\u00e2ce \u00e0 votre compte RTL abonnez-vous \u00e0 la newsletter RTL info pour suivre toute l&rsquo;actualit\u00e9 au quotidien\n            <\/p>\n<p>\n                                    Lire la suite\n                                <\/p>\n","protected":false},"excerpt":{"rendered":"Le pr\u00e9sident ukrainien, Volodymyr Zelensky, a annonc\u00e9 samedi que l&rsquo;Ukraine avait re\u00e7u d&rsquo;Isra\u00ebl un syst\u00e8me antia\u00e9rien Patriot, un&hellip;\n","protected":false},"author":2,"featured_media":422439,"comment_status":"","ping_status":"","sticky":false,"template":"","format":"standard","meta":{"footnotes":""},"categories":[1590],"tags":[11,1777,674,107,131,14,664,12,220,134],"class_list":{"0":"post-422438","1":"post","2":"type-post","3":"status-publish","4":"format-standard","5":"has-post-thumbnail","7":"category-ukraine","8":"tag-actualites","9":"tag-eu","10":"tag-europe","11":"tag-fil-info","12":"tag-guerre-en-ukraine","13":"tag-international","14":"tag-israel","15":"tag-news","16":"tag-ukraine","17":"tag-volodymyr-zelensky"},"share_on_mastodon":{"url":"https:\/\/pubeurope.com\/@fr\/115278730132165184","error":""},"_links":{"self":[{"href":"https:\/\/www.europesays.com\/fr\/wp-json\/wp\/v2\/posts\/422438","targetHints":{"allow":["GET"]}}],"collection":[{"href":"https:\/\/www.europesays.com\/fr\/wp-json\/wp\/v2\/posts"}],"about":[{"href":"https:\/\/www.europesays.com\/fr\/wp-json\/wp\/v2\/types\/post"}],"author":[{"embeddable":true,"href":"https:\/\/www.europesays.com\/fr\/wp-json\/wp\/v2\/users\/2"}],"replies":[{"embeddable":true,"href":"https:\/\/www.europesays.com\/fr\/wp-json\/wp\/v2\/comments?post=422438"}],"version-history":[{"count":0,"href":"https:\/\/www.europesays.com\/fr\/wp-json\/wp\/v2\/posts\/422438\/revisions"}],"wp:featuredmedia":[{"embeddable":true,"href":"https:\/\/www.europesays.com\/fr\/wp-json\/wp\/v2\/media\/422439"}],"wp:attachment":[{"href":"https:\/\/www.europesays.com\/fr\/wp-json\/wp\/v2\/media?parent=422438"}],"wp:term":[{"taxonomy":"category","embeddable":true,"href":"https:\/\/www.europesays.com\/fr\/wp-json\/wp\/v2\/categories?post=422438"},{"taxonomy":"post_tag","embeddable":true,"href":"https:\/\/www.europesays.com\/fr\/wp-json\/wp\/v2\/tags?post=422438"}],"curies":[{"name":"wp","href":"https:\/\/api.w.org\/{rel}","templated":true}]}}