{"id":422446,"date":"2025-09-27T22:59:10","date_gmt":"2025-09-27T22:59:10","guid":{"rendered":"https:\/\/www.europesays.com\/fr\/422446\/"},"modified":"2025-09-27T22:59:10","modified_gmt":"2025-09-27T22:59:10","slug":"un-enjeu-aussi-pour-leurope-face-a-lingerence-russe","status":"publish","type":"post","link":"https:\/\/www.europesays.com\/fr\/422446\/","title":{"rendered":"un enjeu aussi pour l\u2019Europe face \u00e0 l\u2019ing\u00e9rence russe"},"content":{"rendered":"<p>Des \u00e9lections l\u00e9gislatives d\u00e9terminantes pour l\u2019avenir europ\u00e9en de la Moldavie se tiennent dimanche 28\u00a0septembre dans ce pays coinc\u00e9 entre la Roumanie et l\u2019Ukraine. Elles ont lieu dans un contexte de d\u00e9stabilisations, notamment num\u00e9riques, men\u00e9es par la Russie et qui ont d\u00e9j\u00e0 \u00e9t\u00e9 constat\u00e9es lors de l\u2019\u00e9lection pr\u00e9sidentielle.\u00a0Le 10\u00a0septembre, <a target=\"_self\" href=\"https:\/\/www.lanouvellerepublique.fr\/a-la-une\/lutte-contre-la-corruption-pro-europe-harvard-qui-est-maia-sandu-reelue-presidente-de-la-moldavie\" rel=\"nofollow noopener\">la pr\u00e9sidente Maia Sandu<\/a> d\u00e9non\u00e7ait encore sur le r\u00e9seau social X les \u00ab\u00a0attaques hybrides\u00a0\u00bb mena\u00e7ant la \u00ab\u00a0r\u00e9silience de la Moldavie\u00a0\u00bb.<\/p>\n<p>Depuis les ann\u00e9es 90, Moscou garde un bataillon militaire en Transnistrie, r\u00e9gion moldave russophone qui a tent\u00e9 de faire s\u00e9cession. <a target=\"_self\" href=\"https:\/\/www.lanouvellerepublique.fr\/a-la-une\/emmanuel-macron-friedrich-merz-et-donald-tusk-se-deplacent-en-moldavie-pour-afficher-leur-soutien-face-a-moscou-1756278537\" rel=\"nofollow noopener\">Fin ao\u00fbt, les dirigeants fran\u00e7ais, allemand et polonais<\/a> (dit \u00ab\u00a0Triangle de Weimar\u00a0\u00bb) s\u2019\u00e9taient rendus en Moldavie pour c\u00e9l\u00e9brer la f\u00eate nationale aux c\u00f4t\u00e9s de la pr\u00e9sidente moldave pro-europ\u00e9enne Maia Sandu. Car, effectivement, ces l\u00e9gislatives sont aussi un enjeu pour l\u2019Europe, comme l\u2019explique \u00e0 La Nouvelle R\u00e9publique\u00a0le chercheur en science politique Florent Parmentier, auteur de l\u2019article La Moldavie \u00e0 l\u2019\u00e9preuve de la guerre en Ukraine, publi\u00e9 dans la revue Balkanologie&#8230;. <\/p>\n<p>    Cet article a \u00e9t\u00e9 tronqu\u00e9. Abonnez-vous pour lire l&rsquo;article complet sur notre site.<\/p>\n<p style=\"margin: 0 !important; padding: 0 !important; font-size: 12px !important;\">Cet article a \u00e9t\u00e9 tronqu\u00e9. Abonnez-vous pour lire l&rsquo;article complet.<\/p>\n<p>    <a href=\"https:\/\/www.lanouvellerepublique.fr\/abonnements\" style=\"display: inline-block; margin-top: 5px !important; padding: 6px 12px !important; background: #cb1c27; color: white; text-decoration: none; border-radius: 4px; font-size: 12px !important;\" rel=\"nofollow noopener\" target=\"_blank\"><br \/>\n      S&rsquo;abonner<br \/>\n    <\/a><\/p>\n","protected":false},"excerpt":{"rendered":"Des \u00e9lections l\u00e9gislatives d\u00e9terminantes pour l\u2019avenir europ\u00e9en de la Moldavie se tiennent dimanche 28\u00a0septembre dans ce pays coinc\u00e9&hellip;\n","protected":false},"author":2,"featured_media":422447,"comment_status":"","ping_status":"","sticky":false,"template":"","format":"standard","meta":{"footnotes":""},"categories":[1586],"tags":[328,11,1777,674,1011,27,329,74,12,25,132,364],"class_list":{"0":"post-422446","1":"post","2":"type-post","3":"status-publish","4":"format-standard","5":"has-post-thumbnail","7":"category-europe","8":"tag-a-la-une","9":"tag-actualites","10":"tag-eu","11":"tag-europe","12":"tag-fr","13":"tag-france","14":"tag-france-monde","15":"tag-monde","16":"tag-news","17":"tag-republique-francaise","18":"tag-russie","19":"tag-union-europeenne"},"share_on_mastodon":{"url":"https:\/\/pubeurope.com\/@fr\/115278745763265521","error":""},"_links":{"self":[{"href":"https:\/\/www.europesays.com\/fr\/wp-json\/wp\/v2\/posts\/422446","targetHints":{"allow":["GET"]}}],"collection":[{"href":"https:\/\/www.europesays.com\/fr\/wp-json\/wp\/v2\/posts"}],"about":[{"href":"https:\/\/www.europesays.com\/fr\/wp-json\/wp\/v2\/types\/post"}],"author":[{"embeddable":true,"href":"https:\/\/www.europesays.com\/fr\/wp-json\/wp\/v2\/users\/2"}],"replies":[{"embeddable":true,"href":"https:\/\/www.europesays.com\/fr\/wp-json\/wp\/v2\/comments?post=422446"}],"version-history":[{"count":0,"href":"https:\/\/www.europesays.com\/fr\/wp-json\/wp\/v2\/posts\/422446\/revisions"}],"wp:featuredmedia":[{"embeddable":true,"href":"https:\/\/www.europesays.com\/fr\/wp-json\/wp\/v2\/media\/422447"}],"wp:attachment":[{"href":"https:\/\/www.europesays.com\/fr\/wp-json\/wp\/v2\/media?parent=422446"}],"wp:term":[{"taxonomy":"category","embeddable":true,"href":"https:\/\/www.europesays.com\/fr\/wp-json\/wp\/v2\/categories?post=422446"},{"taxonomy":"post_tag","embeddable":true,"href":"https:\/\/www.europesays.com\/fr\/wp-json\/wp\/v2\/tags?post=422446"}],"curies":[{"name":"wp","href":"https:\/\/api.w.org\/{rel}","templated":true}]}}