{"id":42245,"date":"2025-04-21T19:44:08","date_gmt":"2025-04-21T19:44:08","guid":{"rendered":"https:\/\/www.europesays.com\/fr\/42245\/"},"modified":"2025-04-21T19:44:08","modified_gmt":"2025-04-21T19:44:08","slug":"donald-trump-soutient-fermement-son-ministre-de-la-defense-apres-une-nouvelle-faille-de-securite","status":"publish","type":"post","link":"https:\/\/www.europesays.com\/fr\/42245\/","title":{"rendered":"Donald Trump \u00absoutient fermement\u00bb son ministre de la D\u00e9fense apr\u00e8s une nouvelle faille de s\u00e9curit\u00e9"},"content":{"rendered":"<p>                             Par Le Figaro avec AFP<\/p>\n<p>\n            Publi\u00e9<br \/>\n                le 21 avril 2025 \u00e0 16h15,<br \/>\n                 mis \u00e0 jour le 21 avril 2025 \u00e0 18h13<\/p>\n<p>\u00a0\u00bb<br \/>\n        data-script=\u00a0\u00bbhttps:\/\/static.lefigaro.fr\/widget-video\/short-ttl\/video\/index.js\u00a0\u00bb<br \/>\n    &gt;<\/p>\n<p>D\u00e9j\u00e0 mis en cause dans une faille de s\u00e9curit\u00e9 le mois dernier, Pete Hegseth fait l\u2019objet d\u2019un nouveau scandale ce lundi. Il a divulgu\u00e9 des informations sur une op\u00e9ration militaire au Y\u00e9men \u00e0 son \u00e9pouse, son fr\u00e8re, son avocat, sur la messagerie Signal.<\/p>\n<p class=\"fig-paragraph\">Donald Trump \u00absoutient fermement\u00bb le ministre de la D\u00e9fense Pete Hegseth, aux prises avec une\u00a0<a href=\"http:\/\/www.lefigaro.fr\/international\/aux-etats-unis-le-secretaire-de-la-defense-implique-dans-une-nouvelle-faille-de-securite-20250421\" data-fig-type=\"NewsFlash\" data-gtm-custom-categorie=\"navigation\" data-gtm-custom-action=\"crossclick\" data-gtm-custom-label=\"Contextuel\" data-gtm-event=\"customEventSPE\" data-fig-domain=\"LEFIGARO\" rel=\"nofollow noopener\" target=\"_blank\">nouvelle affaire de faille de s\u00e9curit\u00e9<\/a>\u00a0et plus g\u00e9n\u00e9ralement accus\u00e9 d&rsquo;incomp\u00e9tence, a assur\u00e9 lundi la porte-parole de la Maison-Blanche. \u00abLe pr\u00e9sident soutient fermement le ministre Hegseth qui fait un travail extraordinaire \u00e0 la t\u00eate du Pentagone\u00bb, a dit Karoline Leavitt \u00e0 un groupe de journalistes.<\/p>\n<p class=\"fig-paragraph\">\u00abC&rsquo;est ce qui arrive quand tout le Pentagone \u0153uvre contre vous et contre les immenses changements que vous voulez mettre en place\u00bb, a-t-elle poursuivi. \u00abMalheureusement il y a des gens dans ce b\u00e2timent qui n&rsquo;aiment pas ces changements que le ministre essaie de faire, donc ils organisent des fuites et mentent aux m\u00e9dias\u00bb, a poursuivi Karoline Leavitt.<\/p>\n<p class=\"fig-paragraph\">Le principal int\u00e9ress\u00e9 a lui fait des commentaires semblables aupr\u00e8s de la cha\u00eene CNN. \u00abC&rsquo;est ce que fait la presse. Elle prend des sources anonymes, d&rsquo;anciens employ\u00e9s m\u00e9contents, et elle essaie de blesser et d&rsquo;attaquer les gens et de ruiner leur r\u00e9putation\u00bb, a d\u00e9clar\u00e9 le patron du Pentagone, interrog\u00e9 par CNN en marge de c\u00e9l\u00e9brations de P\u00e2ques \u00e0 la Maison-Blanche. \u00abJ&rsquo;ai parl\u00e9 au pr\u00e9sident et nous allons continuer \u00e0 nous battre. Nous sommes tout \u00e0 fait sur la m\u00eame ligne\u00bb, a encore dit Pete Hegseth, selon la m\u00eame source.<\/p>\n<p>\u00abUn mois de chaos total\u00bb<\/p>\n<p class=\"fig-paragraph\">L&rsquo;ancien pr\u00e9sentateur de la cha\u00eene Fox News, d\u00e9j\u00e0 mis en cause dans une faille de s\u00e9curit\u00e9 le mois dernier, a fait l&rsquo;objet de nouvelles r\u00e9v\u00e9lations dimanche. Selon le New York Times et CNN, il a divulgu\u00e9 des informations sur une op\u00e9ration militaire imminente au Y\u00e9men dans une conversation sur la messagerie Signal, \u00e0 laquelle assistaient son \u00e9pouse, son fr\u00e8re, son avocat, \u00abainsi qu&rsquo;une dizaine de personnes de son entourage personnel et professionnel\u00bb.<\/p>\n<p class=\"fig-paragraph\">Pete Hegseth fait d\u00e9j\u00e0 l&rsquo;objet d&rsquo;une\u00a0<a href=\"http:\/\/www.lefigaro.fr\/international\/purges-fautes-de-confidentialite-pete-hegseth-un-secretaire-americain-a-la-defense-qui-multiplie-les-scandales-20250403\" data-fig-type=\"Article\" data-gtm-custom-categorie=\"navigation\" data-gtm-custom-action=\"crossclick\" data-gtm-custom-label=\"Contextuel\" data-gtm-event=\"customEventSPE\" data-fig-domain=\"LEFIGARO\" rel=\"nofollow noopener\" target=\"_blank\">enqu\u00eate interne au Pentagone<\/a>\u00a0apr\u00e8s avoir partag\u00e9 le m\u00eame jour, le 15 mars, des informations sensibles sur un autre groupe Signal, auquel participait un journaliste, apparemment invit\u00e9 par erreur.<\/p>\n<p class=\"fig-paragraph\">Dimanche \u00e9galement, l&rsquo;ancien porte-parole du Pentagone, John Ullyot, a publi\u00e9 un article d&rsquo;opinion au vitriol d\u00e9crivant \u00abun mois de chaos total\u00bb au sein du minist\u00e8re de la D\u00e9fense, et appelant Donald Trump \u00e0 se s\u00e9parer du ministre de la D\u00e9fense.<\/p>\n<p class=\"fig-paragraph\">Accus\u00e9 d&rsquo;agression sexuelle et de consommation excessive d&rsquo;alcool, critiqu\u00e9 pour son inexp\u00e9rience du commandement militaire de haut niveau, Pete Hegseth avait \u00e9t\u00e9 confirm\u00e9 de justesse par le S\u00e9nat am\u00e9ricain.<\/p>\n","protected":false},"excerpt":{"rendered":"Par Le Figaro avec AFP Publi\u00e9 le 21 avril 2025 \u00e0 16h15, mis \u00e0 jour le 21 avril&hellip;\n","protected":false},"author":2,"featured_media":42246,"comment_status":"","ping_status":"","sticky":false,"template":"","format":"standard","meta":{"footnotes":""},"categories":[2],"tags":[259,11,260,75,1011,27,14,261,12,262,25],"class_list":{"0":"post-42245","1":"post","2":"type-post","3":"status-publish","4":"format-standard","5":"has-post-thumbnail","7":"category-actualites","8":"tag-actualite-internationale","9":"tag-actualites","10":"tag-affaires-etrangeres","11":"tag-donald-trump","12":"tag-fr","13":"tag-france","14":"tag-international","15":"tag-ministere-des-affaires-etrangeres","16":"tag-news","17":"tag-politique-etrangere","18":"tag-republique-francaise"},"share_on_mastodon":{"url":"https:\/\/pubeurope.com\/@fr\/114377671526620256","error":""},"_links":{"self":[{"href":"https:\/\/www.europesays.com\/fr\/wp-json\/wp\/v2\/posts\/42245","targetHints":{"allow":["GET"]}}],"collection":[{"href":"https:\/\/www.europesays.com\/fr\/wp-json\/wp\/v2\/posts"}],"about":[{"href":"https:\/\/www.europesays.com\/fr\/wp-json\/wp\/v2\/types\/post"}],"author":[{"embeddable":true,"href":"https:\/\/www.europesays.com\/fr\/wp-json\/wp\/v2\/users\/2"}],"replies":[{"embeddable":true,"href":"https:\/\/www.europesays.com\/fr\/wp-json\/wp\/v2\/comments?post=42245"}],"version-history":[{"count":0,"href":"https:\/\/www.europesays.com\/fr\/wp-json\/wp\/v2\/posts\/42245\/revisions"}],"wp:featuredmedia":[{"embeddable":true,"href":"https:\/\/www.europesays.com\/fr\/wp-json\/wp\/v2\/media\/42246"}],"wp:attachment":[{"href":"https:\/\/www.europesays.com\/fr\/wp-json\/wp\/v2\/media?parent=42245"}],"wp:term":[{"taxonomy":"category","embeddable":true,"href":"https:\/\/www.europesays.com\/fr\/wp-json\/wp\/v2\/categories?post=42245"},{"taxonomy":"post_tag","embeddable":true,"href":"https:\/\/www.europesays.com\/fr\/wp-json\/wp\/v2\/tags?post=42245"}],"curies":[{"name":"wp","href":"https:\/\/api.w.org\/{rel}","templated":true}]}}